{"id":7626,"date":"2025-05-08T20:32:00","date_gmt":"2025-05-08T18:32:00","guid":{"rendered":"https:\/\/blogsaverroes.juntadeandalucia.es\/ceperclaracampoamor\/?p=7626"},"modified":"2025-05-09T17:47:26","modified_gmt":"2025-05-09T15:47:26","slug":"visita-lagunas-de-lantejuela-11-de-abril","status":"publish","type":"post","link":"https:\/\/blogsaverroes.juntadeandalucia.es\/ceperclaracampoamor\/?p=7626","title":{"rendered":"Visita Lagunas de Lantejuela. 11 de abril"},"content":{"rendered":"<p>El pasado 11 de abril hicimos una visita a la Laguna de la Ballestera y la Laguna del&nbsp; Gobierno con el alumnado del Centro de Adultos del SEP \u00abCarmen N\u00fa\u00f1ez\u00bb de Lantejuela. Un d\u00eda de convivencia donde pudimos disfrutar de nuestro entorno natural y observar desde los miradores&nbsp; flamencos y otras aves en las lagunas guiados por Manuel Vega, gu\u00eda de las lagunas y gran conocedor de las aves del entorno. Luego estuvimos en el Centro de visitantes e interpretaci\u00f3n y disfrutamos de un buen desayuno.&nbsp; Estupenda finalizaci\u00f3n del trimestre.<\/p>\n<p>&nbsp;<\/p>\n<p><a href=\"https:\/\/blogsaverroes.juntadeandalucia.es\/ceperclaracampoamor\/files\/2025\/05\/Visita-Laguna1.jpg\"><img loading=\"lazy\" decoding=\"async\" class=\"alignnone size-medium wp-image-7602\" src=\"https:\/\/blogsaverroes.juntadeandalucia.es\/ceperclaracampoamor\/files\/2025\/05\/Visita-Laguna1-300x225.jpg\" alt=\"\" width=\"300\" height=\"225\" srcset=\"https:\/\/blogsaverroes.juntadeandalucia.es\/ceperclaracampoamor\/files\/2025\/05\/Visita-Laguna1-300x225.jpg 300w, https:\/\/blogsaverroes.juntadeandalucia.es\/ceperclaracampoamor\/files\/2025\/05\/Visita-Laguna1-1024x768.jpg 1024w, https:\/\/blogsaverroes.juntadeandalucia.es\/ceperclaracampoamor\/files\/2025\/05\/Visita-Laguna1-768x576.jpg 768w, https:\/\/blogsaverroes.juntadeandalucia.es\/ceperclaracampoamor\/files\/2025\/05\/Visita-Laguna1-1536x1152.jpg 1536w, https:\/\/blogsaverroes.juntadeandalucia.es\/ceperclaracampoamor\/files\/2025\/05\/Visita-Laguna1-750x563.jpg 750w, https:\/\/blogsaverroes.juntadeandalucia.es\/ceperclaracampoamor\/files\/2025\/05\/Visita-Laguna1.jpg 1600w\" sizes=\"(max-width: 300px) 100vw, 300px\" \/><\/a><a href=\"https:\/\/blogsaverroes.juntadeandalucia.es\/ceperclaracampoamor\/files\/2025\/05\/Desayuna-convivencia-6.jpg\"><img loading=\"lazy\" decoding=\"async\" class=\" wp-image-7607 alignright\" src=\"https:\/\/blogsaverroes.juntadeandalucia.es\/ceperclaracampoamor\/files\/2025\/05\/Desayuna-convivencia-6-300x225.jpg\" alt=\"\" width=\"316\" height=\"237\" srcset=\"https:\/\/blogsaverroes.juntadeandalucia.es\/ceperclaracampoamor\/files\/2025\/05\/Desayuna-convivencia-6-300x225.jpg 300w, https:\/\/blogsaverroes.juntadeandalucia.es\/ceperclaracampoamor\/files\/2025\/05\/Desayuna-convivencia-6-1024x768.jpg 1024w, https:\/\/blogsaverroes.juntadeandalucia.es\/ceperclaracampoamor\/files\/2025\/05\/Desayuna-convivencia-6-768x576.jpg 768w, https:\/\/blogsaverroes.juntadeandalucia.es\/ceperclaracampoamor\/files\/2025\/05\/Desayuna-convivencia-6-1536x1152.jpg 1536w, https:\/\/blogsaverroes.juntadeandalucia.es\/ceperclaracampoamor\/files\/2025\/05\/Desayuna-convivencia-6-750x563.jpg 750w, https:\/\/blogsaverroes.juntadeandalucia.es\/ceperclaracampoamor\/files\/2025\/05\/Desayuna-convivencia-6.jpg 1600w\" sizes=\"(max-width: 316px) 100vw, 316px\" \/><\/a><\/p>\n<p>&nbsp;<\/p>\n<p><a href=\"https:\/\/blogsaverroes.juntadeandalucia.es\/ceperclaracampoamor\/files\/2025\/05\/Flamencos-Laguna-Gobierno.jpg\"><img loading=\"lazy\" decoding=\"async\" class=\"alignnone wp-image-7606\" src=\"https:\/\/blogsaverroes.juntadeandalucia.es\/ceperclaracampoamor\/files\/2025\/05\/Flamencos-Laguna-Gobierno-300x169.jpg\" alt=\"\" width=\"339\" height=\"191\" srcset=\"https:\/\/blogsaverroes.juntadeandalucia.es\/ceperclaracampoamor\/files\/2025\/05\/Flamencos-Laguna-Gobierno-300x169.jpg 300w, https:\/\/blogsaverroes.juntadeandalucia.es\/ceperclaracampoamor\/files\/2025\/05\/Flamencos-Laguna-Gobierno-1024x577.jpg 1024w, https:\/\/blogsaverroes.juntadeandalucia.es\/ceperclaracampoamor\/files\/2025\/05\/Flamencos-Laguna-Gobierno-768x432.jpg 768w, https:\/\/blogsaverroes.juntadeandalucia.es\/ceperclaracampoamor\/files\/2025\/05\/Flamencos-Laguna-Gobierno-1536x865.jpg 1536w, https:\/\/blogsaverroes.juntadeandalucia.es\/ceperclaracampoamor\/files\/2025\/05\/Flamencos-Laguna-Gobierno-2048x1153.jpg 2048w, https:\/\/blogsaverroes.juntadeandalucia.es\/ceperclaracampoamor\/files\/2025\/05\/Flamencos-Laguna-Gobierno-750x422.jpg 750w, https:\/\/blogsaverroes.juntadeandalucia.es\/ceperclaracampoamor\/files\/2025\/05\/Flamencos-Laguna-Gobierno.jpg 1600w\" sizes=\"(max-width: 339px) 100vw, 339px\" \/><\/a><a href=\"https:\/\/blogsaverroes.juntadeandalucia.es\/ceperclaracampoamor\/files\/2025\/05\/Laguna-2.jpg\"><img loading=\"lazy\" decoding=\"async\" class=\" wp-image-7605 alignright\" src=\"https:\/\/blogsaverroes.juntadeandalucia.es\/ceperclaracampoamor\/files\/2025\/05\/Laguna-2-300x225.jpg\" alt=\"\" width=\"313\" height=\"235\" srcset=\"https:\/\/blogsaverroes.juntadeandalucia.es\/ceperclaracampoamor\/files\/2025\/05\/Laguna-2-300x225.jpg 300w, https:\/\/blogsaverroes.juntadeandalucia.es\/ceperclaracampoamor\/files\/2025\/05\/Laguna-2-1024x768.jpg 1024w, https:\/\/blogsaverroes.juntadeandalucia.es\/ceperclaracampoamor\/files\/2025\/05\/Laguna-2-768x576.jpg 768w, https:\/\/blogsaverroes.juntadeandalucia.es\/ceperclaracampoamor\/files\/2025\/05\/Laguna-2-1536x1152.jpg 1536w, https:\/\/blogsaverroes.juntadeandalucia.es\/ceperclaracampoamor\/files\/2025\/05\/Laguna-2-750x563.jpg 750w, https:\/\/blogsaverroes.juntadeandalucia.es\/ceperclaracampoamor\/files\/2025\/05\/Laguna-2.jpg 1600w\" sizes=\"(max-width: 313px) 100vw, 313px\" \/><\/a><\/p>\n<p><a href=\"https:\/\/blogsaverroes.juntadeandalucia.es\/ceperclaracampoamor\/files\/2025\/05\/Visita-Laguna-Del-Gobierno-3.jpg\"><img loading=\"lazy\" decoding=\"async\" class=\"alignnone wp-image-7604\" src=\"https:\/\/blogsaverroes.juntadeandalucia.es\/ceperclaracampoamor\/files\/2025\/05\/Visita-Laguna-Del-Gobierno-3-300x225.jpg\" alt=\"\" width=\"303\" height=\"227\" srcset=\"https:\/\/blogsaverroes.juntadeandalucia.es\/ceperclaracampoamor\/files\/2025\/05\/Visita-Laguna-Del-Gobierno-3-300x225.jpg 300w, https:\/\/blogsaverroes.juntadeandalucia.es\/ceperclaracampoamor\/files\/2025\/05\/Visita-Laguna-Del-Gobierno-3-1024x768.jpg 1024w, https:\/\/blogsaverroes.juntadeandalucia.es\/ceperclaracampoamor\/files\/2025\/05\/Visita-Laguna-Del-Gobierno-3-768x576.jpg 768w, https:\/\/blogsaverroes.juntadeandalucia.es\/ceperclaracampoamor\/files\/2025\/05\/Visita-Laguna-Del-Gobierno-3-1536x1152.jpg 1536w, https:\/\/blogsaverroes.juntadeandalucia.es\/ceperclaracampoamor\/files\/2025\/05\/Visita-Laguna-Del-Gobierno-3-750x563.jpg 750w, https:\/\/blogsaverroes.juntadeandalucia.es\/ceperclaracampoamor\/files\/2025\/05\/Visita-Laguna-Del-Gobierno-3.jpg 1600w\" sizes=\"(max-width: 303px) 100vw, 303px\" \/> <\/a><a href=\"https:\/\/blogsaverroes.juntadeandalucia.es\/ceperclaracampoamor\/files\/2025\/05\/Laguna-flamencos-5.jpg\"><img loading=\"lazy\" decoding=\"async\" class=\"wp-image-7603 alignright\" src=\"https:\/\/blogsaverroes.juntadeandalucia.es\/ceperclaracampoamor\/files\/2025\/05\/Laguna-flamencos-5-300x169.jpg\" alt=\"\" width=\"366\" height=\"206\" srcset=\"https:\/\/blogsaverroes.juntadeandalucia.es\/ceperclaracampoamor\/files\/2025\/05\/Laguna-flamencos-5-300x169.jpg 300w, https:\/\/blogsaverroes.juntadeandalucia.es\/ceperclaracampoamor\/files\/2025\/05\/Laguna-flamencos-5-1024x577.jpg 1024w, https:\/\/blogsaverroes.juntadeandalucia.es\/ceperclaracampoamor\/files\/2025\/05\/Laguna-flamencos-5-768x432.jpg 768w, https:\/\/blogsaverroes.juntadeandalucia.es\/ceperclaracampoamor\/files\/2025\/05\/Laguna-flamencos-5-1536x865.jpg 1536w, https:\/\/blogsaverroes.juntadeandalucia.es\/ceperclaracampoamor\/files\/2025\/05\/Laguna-flamencos-5-750x422.jpg 750w, https:\/\/blogsaverroes.juntadeandalucia.es\/ceperclaracampoamor\/files\/2025\/05\/Laguna-flamencos-5.jpg 1600w\" sizes=\"(max-width: 366px) 100vw, 366px\" \/><\/a><\/p>\n","protected":false},"excerpt":{"rendered":"<p>El pasado 11 de abril hicimos una visita a la Laguna de la Ballestera y la Laguna del&nbsp; Gobierno con el alumnado del Centro de Adultos del SEP \u00abCarmen N\u00fa\u00f1ez\u00bb de Lantejuela. Un d\u00eda de convivencia donde pudimos disfrutar de nuestro entorno natural y observar desde los miradores&nbsp; flamencos y otras aves en las lagunas &hellip; <\/p>\n<p><a class=\"more-link btn\" href=\"https:\/\/blogsaverroes.juntadeandalucia.es\/ceperclaracampoamor\/?p=7626\">Seguir leyendo<\/a><\/p>\n","protected":false},"author":14196,"featured_media":7602,"comment_status":"closed","ping_status":"open","sticky":false,"template":"","format":"standard","meta":{"ngg_post_thumbnail":0,"footnotes":""},"categories":[2351712],"tags":[],"aioseo_notices":[],"_links":{"self":[{"href":"https:\/\/blogsaverroes.juntadeandalucia.es\/ceperclaracampoamor\/index.php?rest_route=\/wp\/v2\/posts\/7626"}],"collection":[{"href":"https:\/\/blogsaverroes.juntadeandalucia.es\/ceperclaracampoamor\/index.php?rest_route=\/wp\/v2\/posts"}],"about":[{"href":"https:\/\/blogsaverroes.juntadeandalucia.es\/ceperclaracampoamor\/index.php?rest_route=\/wp\/v2\/types\/post"}],"author":[{"embeddable":true,"href":"https:\/\/blogsaverroes.juntadeandalucia.es\/ceperclaracampoamor\/index.php?rest_route=\/wp\/v2\/users\/14196"}],"replies":[{"embeddable":true,"href":"https:\/\/blogsaverroes.juntadeandalucia.es\/ceperclaracampoamor\/index.php?rest_route=%2Fwp%2Fv2%2Fcomments&post=7626"}],"version-history":[{"count":2,"href":"https:\/\/blogsaverroes.juntadeandalucia.es\/ceperclaracampoamor\/index.php?rest_route=\/wp\/v2\/posts\/7626\/revisions"}],"predecessor-version":[{"id":7699,"href":"https:\/\/blogsaverroes.juntadeandalucia.es\/ceperclaracampoamor\/index.php?rest_route=\/wp\/v2\/posts\/7626\/revisions\/7699"}],"wp:featuredmedia":[{"embeddable":true,"href":"https:\/\/blogsaverroes.juntadeandalucia.es\/ceperclaracampoamor\/index.php?rest_route=\/wp\/v2\/media\/7602"}],"wp:attachment":[{"href":"https:\/\/blogsaverroes.juntadeandalucia.es\/ceperclaracampoamor\/index.php?rest_route=%2Fwp%2Fv2%2Fmedia&parent=7626"}],"wp:term":[{"taxonomy":"category","embeddable":true,"href":"https:\/\/blogsaverroes.juntadeandalucia.es\/ceperclaracampoamor\/index.php?rest_route=%2Fwp%2Fv2%2Fcategories&post=7626"},{"taxonomy":"post_tag","embeddable":true,"href":"https:\/\/blogsaverroes.juntadeandalucia.es\/ceperclaracampoamor\/index.php?rest_route=%2Fwp%2Fv2%2Ftags&post=7626"}],"curies":[{"name":"wp","href":"https:\/\/api.w.org\/{rel}","templated":true}]}}