{"id":7797,"date":"2025-04-28T09:46:56","date_gmt":"2025-04-28T07:46:56","guid":{"rendered":"https:\/\/blogsaverroes.juntadeandalucia.es\/ceperclaracampoamor\/?p=7797"},"modified":"2025-05-15T10:05:54","modified_gmt":"2025-05-15T08:05:54","slug":"%f0%9f%93%96s-e-p-los-corrales-celebracion-del-dia-del-libro%f0%9f%93%96","status":"publish","type":"post","link":"https:\/\/blogsaverroes.juntadeandalucia.es\/ceperclaracampoamor\/?p=7797","title":{"rendered":"\ud83d\udcd6S.E.P. \u00abLOS CORRALES\u00bb &#8211; Celebraci\u00f3n del D\u00eda del Libro\ud83d\udcd6"},"content":{"rendered":"<p>Durante la semana del 21 al 25 de Abril hemos estado celebrando el D\u00eda del Libro; en clase hemos realizado diferentes actividades, como lecturas en voz alta, realizaci\u00f3n de marca p\u00e1ginas, textos alusivos al d\u00eda; y en colaboraci\u00f3n con el Ayuntamiento hemos participado en las actividades que han organizado: hemos visitado una exposici\u00f3n en el Sal\u00f3n de la Casa de la Cultura, sobre mujeres ilustradoras y el jueves acudimos a una presentaci\u00f3n de un poemario en la Biblioteca Municipal.<\/p>\n<p><a href=\"https:\/\/blogsaverroes.juntadeandalucia.es\/ceperclaracampoamor\/files\/2025\/05\/IMG_4743.jpg\"><img loading=\"lazy\" decoding=\"async\" class=\"alignnone size-medium wp-image-7808\" src=\"https:\/\/blogsaverroes.juntadeandalucia.es\/ceperclaracampoamor\/files\/2025\/05\/IMG_4743-300x225.jpg\" alt=\"\" width=\"300\" height=\"225\" srcset=\"https:\/\/blogsaverroes.juntadeandalucia.es\/ceperclaracampoamor\/files\/2025\/05\/IMG_4743-300x225.jpg 300w, https:\/\/blogsaverroes.juntadeandalucia.es\/ceperclaracampoamor\/files\/2025\/05\/IMG_4743-1024x768.jpg 1024w, https:\/\/blogsaverroes.juntadeandalucia.es\/ceperclaracampoamor\/files\/2025\/05\/IMG_4743-768x576.jpg 768w, https:\/\/blogsaverroes.juntadeandalucia.es\/ceperclaracampoamor\/files\/2025\/05\/IMG_4743-1536x1152.jpg 1536w, https:\/\/blogsaverroes.juntadeandalucia.es\/ceperclaracampoamor\/files\/2025\/05\/IMG_4743-2048x1536.jpg 2048w, https:\/\/blogsaverroes.juntadeandalucia.es\/ceperclaracampoamor\/files\/2025\/05\/IMG_4743-750x563.jpg 750w\" sizes=\"(max-width: 300px) 100vw, 300px\" \/><\/a> <a href=\"https:\/\/blogsaverroes.juntadeandalucia.es\/ceperclaracampoamor\/files\/2025\/05\/IMG_4742.jpg\"><img loading=\"lazy\" decoding=\"async\" class=\"alignnone size-medium wp-image-7809\" src=\"https:\/\/blogsaverroes.juntadeandalucia.es\/ceperclaracampoamor\/files\/2025\/05\/IMG_4742-300x225.jpg\" alt=\"\" width=\"300\" height=\"225\" srcset=\"https:\/\/blogsaverroes.juntadeandalucia.es\/ceperclaracampoamor\/files\/2025\/05\/IMG_4742-300x225.jpg 300w, https:\/\/blogsaverroes.juntadeandalucia.es\/ceperclaracampoamor\/files\/2025\/05\/IMG_4742-1024x768.jpg 1024w, https:\/\/blogsaverroes.juntadeandalucia.es\/ceperclaracampoamor\/files\/2025\/05\/IMG_4742-768x576.jpg 768w, https:\/\/blogsaverroes.juntadeandalucia.es\/ceperclaracampoamor\/files\/2025\/05\/IMG_4742-1536x1152.jpg 1536w, https:\/\/blogsaverroes.juntadeandalucia.es\/ceperclaracampoamor\/files\/2025\/05\/IMG_4742-2048x1536.jpg 2048w, https:\/\/blogsaverroes.juntadeandalucia.es\/ceperclaracampoamor\/files\/2025\/05\/IMG_4742-750x563.jpg 750w, https:\/\/blogsaverroes.juntadeandalucia.es\/ceperclaracampoamor\/files\/2025\/05\/IMG_4742.jpg 1600w\" sizes=\"(max-width: 300px) 100vw, 300px\" \/><\/a><\/p>\n","protected":false},"excerpt":{"rendered":"<p>Durante la semana del 21 al 25 de Abril hemos estado celebrando el D\u00eda del Libro; en clase hemos realizado diferentes actividades, como lecturas en voz alta, realizaci\u00f3n de marca p\u00e1ginas, textos alusivos al d\u00eda; y en colaboraci\u00f3n con el Ayuntamiento hemos participado en las actividades que han organizado: hemos visitado una exposici\u00f3n en el &hellip; <\/p>\n<p><a class=\"more-link btn\" href=\"https:\/\/blogsaverroes.juntadeandalucia.es\/ceperclaracampoamor\/?p=7797\">Seguir leyendo<\/a><\/p>\n","protected":false},"author":11157,"featured_media":0,"comment_status":"closed","ping_status":"open","sticky":false,"template":"","format":"standard","meta":{"ngg_post_thumbnail":0,"footnotes":""},"categories":[2351705],"tags":[],"aioseo_notices":[],"_links":{"self":[{"href":"https:\/\/blogsaverroes.juntadeandalucia.es\/ceperclaracampoamor\/index.php?rest_route=\/wp\/v2\/posts\/7797"}],"collection":[{"href":"https:\/\/blogsaverroes.juntadeandalucia.es\/ceperclaracampoamor\/index.php?rest_route=\/wp\/v2\/posts"}],"about":[{"href":"https:\/\/blogsaverroes.juntadeandalucia.es\/ceperclaracampoamor\/index.php?rest_route=\/wp\/v2\/types\/post"}],"author":[{"embeddable":true,"href":"https:\/\/blogsaverroes.juntadeandalucia.es\/ceperclaracampoamor\/index.php?rest_route=\/wp\/v2\/users\/11157"}],"replies":[{"embeddable":true,"href":"https:\/\/blogsaverroes.juntadeandalucia.es\/ceperclaracampoamor\/index.php?rest_route=%2Fwp%2Fv2%2Fcomments&post=7797"}],"version-history":[{"count":1,"href":"https:\/\/blogsaverroes.juntadeandalucia.es\/ceperclaracampoamor\/index.php?rest_route=\/wp\/v2\/posts\/7797\/revisions"}],"predecessor-version":[{"id":7810,"href":"https:\/\/blogsaverroes.juntadeandalucia.es\/ceperclaracampoamor\/index.php?rest_route=\/wp\/v2\/posts\/7797\/revisions\/7810"}],"wp:attachment":[{"href":"https:\/\/blogsaverroes.juntadeandalucia.es\/ceperclaracampoamor\/index.php?rest_route=%2Fwp%2Fv2%2Fmedia&parent=7797"}],"wp:term":[{"taxonomy":"category","embeddable":true,"href":"https:\/\/blogsaverroes.juntadeandalucia.es\/ceperclaracampoamor\/index.php?rest_route=%2Fwp%2Fv2%2Fcategories&post=7797"},{"taxonomy":"post_tag","embeddable":true,"href":"https:\/\/blogsaverroes.juntadeandalucia.es\/ceperclaracampoamor\/index.php?rest_route=%2Fwp%2Fv2%2Ftags&post=7797"}],"curies":[{"name":"wp","href":"https:\/\/api.w.org\/{rel}","templated":true}]}}