{"id":3056,"date":"2023-03-01T10:02:25","date_gmt":"2023-03-01T09:02:25","guid":{"rendered":"https:\/\/blogsaverroes.juntadeandalucia.es\/ceperelperejil\/?p=3056"},"modified":"2023-03-01T10:03:01","modified_gmt":"2023-03-01T09:03:01","slug":"erasmus","status":"publish","type":"post","link":"https:\/\/blogsaverroes.juntadeandalucia.es\/ceperelperejil\/2023\/03\/01\/erasmus\/","title":{"rendered":"ERASMUS+"},"content":{"rendered":"<p><span class=\"css-901oao css-16my406 r-poiln3 r-bcqeeo r-qvutc0\">Profesorado del CEPER El Perejil ha participado en el programa de ERASMUS+ <em>ICT in Education: the new school,<\/em> celebrado en Roma.<\/span><\/p>\n<p><span class=\"css-901oao css-16my406 r-poiln3 r-bcqeeo r-qvutc0\">Hemos participado junto con compa\u00f1eros del CEPER Am\u00e9rica de Sevilla y del IES Cristobal de Monroy de nuestra localidad.<\/span><\/p>\n<p><span class=\"css-901oao css-16my406 r-poiln3 r-bcqeeo r-qvutc0\">Tambi\u00e9n han participado compa\u00f1eros del CEPER Cehel de Albu\u00f1ol (Granada), con profesores de Croacia, Ruman\u00eda, Polonia y Alemania<\/span><\/p>\n<p><span class=\"css-901oao css-16my406 r-poiln3 r-bcqeeo r-qvutc0\"><a href=\"https:\/\/blogsaverroes.juntadeandalucia.es\/ceperelperejil\/files\/2023\/03\/WhatsApp-Image-2023-02-25-at-07.23.10.jpeg\"><img loading=\"lazy\" decoding=\"async\" class=\"alignleft size-thumbnail wp-image-3057\" src=\"https:\/\/blogsaverroes.juntadeandalucia.es\/ceperelperejil\/files\/2023\/03\/WhatsApp-Image-2023-02-25-at-07.23.10-150x150.jpeg\" alt=\"\" width=\"150\" height=\"150\"><\/a> <a href=\"https:\/\/blogsaverroes.juntadeandalucia.es\/ceperelperejil\/files\/2023\/03\/WhatsApp-Image-2023-02-20-at-18.31.06.jpeg\"><img loading=\"lazy\" decoding=\"async\" class=\"alignleft size-thumbnail wp-image-3058\" src=\"https:\/\/blogsaverroes.juntadeandalucia.es\/ceperelperejil\/files\/2023\/03\/WhatsApp-Image-2023-02-20-at-18.31.06-150x150.jpeg\" alt=\"\" width=\"150\" height=\"150\"><\/a> <a href=\"https:\/\/blogsaverroes.juntadeandalucia.es\/ceperelperejil\/files\/2023\/03\/WhatsApp-Image-2023-02-24-at-13.29.15.jpeg\"><img loading=\"lazy\" decoding=\"async\" class=\"alignleft size-thumbnail wp-image-3059\" src=\"https:\/\/blogsaverroes.juntadeandalucia.es\/ceperelperejil\/files\/2023\/03\/WhatsApp-Image-2023-02-24-at-13.29.15-150x150.jpeg\" alt=\"\" width=\"150\" height=\"150\"><\/a> <a href=\"https:\/\/blogsaverroes.juntadeandalucia.es\/ceperelperejil\/files\/2023\/03\/332395146_519504890095817_6198415833783637345_n.jpg\"><img loading=\"lazy\" decoding=\"async\" class=\"alignleft size-thumbnail wp-image-3060\" src=\"https:\/\/blogsaverroes.juntadeandalucia.es\/ceperelperejil\/files\/2023\/03\/332395146_519504890095817_6198415833783637345_n-150x150.jpg\" alt=\"\" width=\"150\" height=\"150\" srcset=\"https:\/\/blogsaverroes.juntadeandalucia.es\/ceperelperejil\/files\/2023\/03\/332395146_519504890095817_6198415833783637345_n-150x150.jpg 150w, https:\/\/blogsaverroes.juntadeandalucia.es\/ceperelperejil\/files\/2023\/03\/332395146_519504890095817_6198415833783637345_n-300x300.jpg 300w, https:\/\/blogsaverroes.juntadeandalucia.es\/ceperelperejil\/files\/2023\/03\/332395146_519504890095817_6198415833783637345_n-1024x1024.jpg 1024w, https:\/\/blogsaverroes.juntadeandalucia.es\/ceperelperejil\/files\/2023\/03\/332395146_519504890095817_6198415833783637345_n-768x768.jpg 768w, https:\/\/blogsaverroes.juntadeandalucia.es\/ceperelperejil\/files\/2023\/03\/332395146_519504890095817_6198415833783637345_n.jpg 1440w\" sizes=\"(max-width: 150px) 100vw, 150px\" \/><\/a> <a href=\"https:\/\/blogsaverroes.juntadeandalucia.es\/ceperelperejil\/files\/2023\/03\/618D89F4-42C9-4950-BDCD-1D05E3299BDB-scaled.jpeg\"><img loading=\"lazy\" decoding=\"async\" class=\"alignleft size-thumbnail wp-image-3061\" src=\"https:\/\/blogsaverroes.juntadeandalucia.es\/ceperelperejil\/files\/2023\/03\/618D89F4-42C9-4950-BDCD-1D05E3299BDB-150x150.jpeg\" alt=\"\" width=\"150\" height=\"150\"><\/a> <a href=\"https:\/\/blogsaverroes.juntadeandalucia.es\/ceperelperejil\/files\/2023\/03\/332774430_666226812171006_8628223588431707879_n.jpg\"><img loading=\"lazy\" decoding=\"async\" class=\"alignleft size-thumbnail wp-image-3062\" src=\"https:\/\/blogsaverroes.juntadeandalucia.es\/ceperelperejil\/files\/2023\/03\/332774430_666226812171006_8628223588431707879_n-150x150.jpg\" alt=\"\" width=\"150\" height=\"150\"><\/a> <a href=\"https:\/\/blogsaverroes.juntadeandalucia.es\/ceperelperejil\/files\/2023\/03\/CB2C5E86-6BB1-4A6A-8007-878E7176A9B5-scaled.jpeg\"><img loading=\"lazy\" decoding=\"async\" class=\"alignleft size-thumbnail wp-image-3063\" src=\"https:\/\/blogsaverroes.juntadeandalucia.es\/ceperelperejil\/files\/2023\/03\/CB2C5E86-6BB1-4A6A-8007-878E7176A9B5-150x150.jpeg\" alt=\"\" width=\"150\" height=\"150\"><\/a> <a href=\"https:\/\/blogsaverroes.juntadeandalucia.es\/ceperelperejil\/files\/2023\/03\/332129170_577529811092666_5942326921634178931_n.jpg\"><img loading=\"lazy\" decoding=\"async\" class=\"alignleft size-thumbnail wp-image-3064\" src=\"https:\/\/blogsaverroes.juntadeandalucia.es\/ceperelperejil\/files\/2023\/03\/332129170_577529811092666_5942326921634178931_n-150x150.jpg\" alt=\"\" width=\"150\" height=\"150\" srcset=\"https:\/\/blogsaverroes.juntadeandalucia.es\/ceperelperejil\/files\/2023\/03\/332129170_577529811092666_5942326921634178931_n-150x150.jpg 150w, https:\/\/blogsaverroes.juntadeandalucia.es\/ceperelperejil\/files\/2023\/03\/332129170_577529811092666_5942326921634178931_n-300x300.jpg 300w, https:\/\/blogsaverroes.juntadeandalucia.es\/ceperelperejil\/files\/2023\/03\/332129170_577529811092666_5942326921634178931_n-768x768.jpg 768w, https:\/\/blogsaverroes.juntadeandalucia.es\/ceperelperejil\/files\/2023\/03\/332129170_577529811092666_5942326921634178931_n.jpg 960w\" sizes=\"(max-width: 150px) 100vw, 150px\" \/><\/a> <a href=\"https:\/\/blogsaverroes.juntadeandalucia.es\/ceperelperejil\/files\/2023\/03\/332265884_2170779839791174_4333659540887164553_n.jpg\"><img loading=\"lazy\" decoding=\"async\" class=\"alignleft size-thumbnail wp-image-3065\" src=\"https:\/\/blogsaverroes.juntadeandalucia.es\/ceperelperejil\/files\/2023\/03\/332265884_2170779839791174_4333659540887164553_n-150x150.jpg\" alt=\"\" width=\"150\" height=\"150\"><\/a><\/span><\/p>\n","protected":false},"excerpt":{"rendered":"<p>Profesorado del CEPER El Perejil ha participado en el programa de ERASMUS+ ICT in Education: the new school, celebrado en Roma. Hemos participado junto con compa\u00f1eros del CEPER Am\u00e9rica de Sevilla y del IES&#46;&#46;&#46;<\/p>\n","protected":false},"author":9788,"featured_media":0,"comment_status":"open","ping_status":"open","sticky":false,"template":"","format":"standard","meta":{"ngg_post_thumbnail":0,"footnotes":""},"categories":[11909],"tags":[],"aioseo_notices":[],"_links":{"self":[{"href":"https:\/\/blogsaverroes.juntadeandalucia.es\/ceperelperejil\/wp-json\/wp\/v2\/posts\/3056"}],"collection":[{"href":"https:\/\/blogsaverroes.juntadeandalucia.es\/ceperelperejil\/wp-json\/wp\/v2\/posts"}],"about":[{"href":"https:\/\/blogsaverroes.juntadeandalucia.es\/ceperelperejil\/wp-json\/wp\/v2\/types\/post"}],"author":[{"embeddable":true,"href":"https:\/\/blogsaverroes.juntadeandalucia.es\/ceperelperejil\/wp-json\/wp\/v2\/users\/9788"}],"replies":[{"embeddable":true,"href":"https:\/\/blogsaverroes.juntadeandalucia.es\/ceperelperejil\/wp-json\/wp\/v2\/comments?post=3056"}],"version-history":[{"count":2,"href":"https:\/\/blogsaverroes.juntadeandalucia.es\/ceperelperejil\/wp-json\/wp\/v2\/posts\/3056\/revisions"}],"predecessor-version":[{"id":3067,"href":"https:\/\/blogsaverroes.juntadeandalucia.es\/ceperelperejil\/wp-json\/wp\/v2\/posts\/3056\/revisions\/3067"}],"wp:attachment":[{"href":"https:\/\/blogsaverroes.juntadeandalucia.es\/ceperelperejil\/wp-json\/wp\/v2\/media?parent=3056"}],"wp:term":[{"taxonomy":"category","embeddable":true,"href":"https:\/\/blogsaverroes.juntadeandalucia.es\/ceperelperejil\/wp-json\/wp\/v2\/categories?post=3056"},{"taxonomy":"post_tag","embeddable":true,"href":"https:\/\/blogsaverroes.juntadeandalucia.es\/ceperelperejil\/wp-json\/wp\/v2\/tags?post=3056"}],"curies":[{"name":"wp","href":"https:\/\/api.w.org\/{rel}","templated":true}]}}