{"id":3362,"date":"2022-10-14T06:33:34","date_gmt":"2022-10-14T06:33:34","guid":{"rendered":"https:\/\/blogsaverroes.juntadeandalucia.es\/ceperguamenze\/?p=3362"},"modified":"2022-11-09T11:48:08","modified_gmt":"2022-11-09T11:48:08","slug":"erasmus-days-2022-andalucia-travels-around-europe","status":"publish","type":"post","link":"https:\/\/blogsaverroes.juntadeandalucia.es\/ceperguamenze\/erasmus-days-2022-andalucia-travels-around-europe\/","title":{"rendered":"Erasmus days 2022: Andaluc\u00eda travels around Europe"},"content":{"rendered":"<p>El jueves 13 de octubre de 2022, nuestro CEPER Guamenze fue invitado a participar en una jornada de buenas pr\u00e1cticas Erasmus+ en el IES Miguel de Cervantes en Granada.<\/p>\n<p>En este evento compartimos experiencias del IES Miguel de Cervantes, IES Alcrebite, IES Alba Longa, CPR Montechullo, IES Las Banderas , el IES Cartuja y el nuestro, el Centro de Educaci\u00f3n Permanente Guamenze de Guadix.<\/p>\n<p>La alumna Guillermina S\u00e1nchez fue nuestra gran protagonista cuando relat\u00f3 su experiencia con el proyecto: &#8220;Mi primer&nbsp; viaje a Europa&#8221;, donde tuvo la oportunidad de realizar una movilidad de una semana a Malta. La cercan\u00eda, las vivencias, el punto de vista personal y las recomendaciones al alumnado adolescente, concluyeron con una gran ovaci\u00f3n y numerosas felicitaciones.<\/p>\n<p>Acompa\u00f1ando a nuestra alumna, la maestra Alicia Duque aport\u00f3 informaci\u00f3n sobre c\u00f3mo el hecho de incluir al alumnado adulto en las movilidades Erasmus+ est\u00e1 modificando la realidad de nuestro centro.<\/p>\n<p>Tras nuestra intervenci\u00f3n pudimos disfrutar del talento y la implicaci\u00f3n de profesorado y alumnado de otros centros, que, sin duda, est\u00e1n consiguiendo sembrar el deseo de aprender en sus aulas.<\/p>\n<p>El CEPER Guamenze quiere transmitir su agradecimiento al IES Cervantes, Andaluc\u00eda Travels around Europe y Maite Garc\u00eda de los Reyes por la invitaci\u00f3n al evento.<\/p>\n<p><a href=\"https:\/\/en-clase.ideal.es\/2022\/10\/14\/siete-centros-comparten-sus-enriquecedoras-experiencias-erasmus-en-el-ies-miguel-de-cervantes\/\">Enlace a la noticia en El Ideal en clase<\/a>&nbsp; por A.Arenas<\/p>\n<p><a href=\"https:\/\/youtu.be\/4mkgtNMBEdU\">Enlace a video del evento &nbsp;<\/a>por A.Arenas<\/p>\n<div id=\"attachment_3365\" style=\"width: 1034px\" class=\"wp-caption alignnone\"><a href=\"https:\/\/blogsaverroes.juntadeandalucia.es\/ceperguamenze\/files\/2022\/10\/WhatsApp-Image-2022-10-13-at-20.19.12.jpeg\"><img loading=\"lazy\" decoding=\"async\" aria-describedby=\"caption-attachment-3365\" class=\"size-full wp-image-3365\" src=\"https:\/\/blogsaverroes.juntadeandalucia.es\/ceperguamenze\/files\/2022\/10\/WhatsApp-Image-2022-10-13-at-20.19.12.jpeg\" alt=\"\" width=\"1024\" height=\"768\" srcset=\"https:\/\/blogsaverroes.juntadeandalucia.es\/ceperguamenze\/files\/2022\/10\/WhatsApp-Image-2022-10-13-at-20.19.12.jpeg 1024w, https:\/\/blogsaverroes.juntadeandalucia.es\/ceperguamenze\/files\/2022\/10\/WhatsApp-Image-2022-10-13-at-20.19.12-300x225.jpeg 300w, https:\/\/blogsaverroes.juntadeandalucia.es\/ceperguamenze\/files\/2022\/10\/WhatsApp-Image-2022-10-13-at-20.19.12-768x576.jpeg 768w\" sizes=\"(max-width: 1024px) 100vw, 1024px\" \/><\/a><p id=\"caption-attachment-3365\" class=\"wp-caption-text\">Parte del profesorado participante junto con Guillermina S\u00e1nchez<\/p><\/div>\n<div id=\"attachment_3373\" style=\"width: 1034px\" class=\"wp-caption alignnone\"><a href=\"https:\/\/blogsaverroes.juntadeandalucia.es\/ceperguamenze\/files\/2022\/10\/WhatsApp-Image-2022-10-13-at-20.18.21.jpeg\"><img loading=\"lazy\" decoding=\"async\" aria-describedby=\"caption-attachment-3373\" class=\"size-full wp-image-3373\" src=\"https:\/\/blogsaverroes.juntadeandalucia.es\/ceperguamenze\/files\/2022\/10\/WhatsApp-Image-2022-10-13-at-20.18.21.jpeg\" alt=\"\" width=\"1024\" height=\"768\" srcset=\"https:\/\/blogsaverroes.juntadeandalucia.es\/ceperguamenze\/files\/2022\/10\/WhatsApp-Image-2022-10-13-at-20.18.21.jpeg 1024w, https:\/\/blogsaverroes.juntadeandalucia.es\/ceperguamenze\/files\/2022\/10\/WhatsApp-Image-2022-10-13-at-20.18.21-300x225.jpeg 300w, https:\/\/blogsaverroes.juntadeandalucia.es\/ceperguamenze\/files\/2022\/10\/WhatsApp-Image-2022-10-13-at-20.18.21-768x576.jpeg 768w\" sizes=\"(max-width: 1024px) 100vw, 1024px\" \/><\/a><p id=\"caption-attachment-3373\" class=\"wp-caption-text\">Justina Castillo presenta el acto acompa\u00f1ada del director del IES Miguel de Cervantes<\/p><\/div>\n<div id=\"attachment_3364\" style=\"width: 1610px\" class=\"wp-caption alignnone\"><a href=\"https:\/\/blogsaverroes.juntadeandalucia.es\/ceperguamenze\/files\/2022\/10\/311130144_10225153283676835_2878501292103712150_n.jpg\"><img loading=\"lazy\" decoding=\"async\" aria-describedby=\"caption-attachment-3364\" class=\"size-full wp-image-3364\" src=\"https:\/\/blogsaverroes.juntadeandalucia.es\/ceperguamenze\/files\/2022\/10\/311130144_10225153283676835_2878501292103712150_n.jpg\" alt=\"\" width=\"1600\" height=\"1200\" srcset=\"https:\/\/blogsaverroes.juntadeandalucia.es\/ceperguamenze\/files\/2022\/10\/311130144_10225153283676835_2878501292103712150_n.jpg 1600w, https:\/\/blogsaverroes.juntadeandalucia.es\/ceperguamenze\/files\/2022\/10\/311130144_10225153283676835_2878501292103712150_n-300x225.jpg 300w, https:\/\/blogsaverroes.juntadeandalucia.es\/ceperguamenze\/files\/2022\/10\/311130144_10225153283676835_2878501292103712150_n-1024x768.jpg 1024w, https:\/\/blogsaverroes.juntadeandalucia.es\/ceperguamenze\/files\/2022\/10\/311130144_10225153283676835_2878501292103712150_n-768x576.jpg 768w, https:\/\/blogsaverroes.juntadeandalucia.es\/ceperguamenze\/files\/2022\/10\/311130144_10225153283676835_2878501292103712150_n-1536x1152.jpg 1536w\" sizes=\"(max-width: 1600px) 100vw, 1600px\" \/><\/a><p id=\"caption-attachment-3364\" class=\"wp-caption-text\">La sala de usos m\u00faltiples estaba llena de caras curiosas<\/p><\/div>\n<div id=\"attachment_3372\" style=\"width: 1034px\" class=\"wp-caption alignnone\"><a href=\"https:\/\/blogsaverroes.juntadeandalucia.es\/ceperguamenze\/files\/2022\/10\/WhatsApp-Image-2022-10-13-at-20.18.22.jpeg\"><img loading=\"lazy\" decoding=\"async\" aria-describedby=\"caption-attachment-3372\" class=\"size-full wp-image-3372\" src=\"https:\/\/blogsaverroes.juntadeandalucia.es\/ceperguamenze\/files\/2022\/10\/WhatsApp-Image-2022-10-13-at-20.18.22.jpeg\" alt=\"\" width=\"1024\" height=\"768\" srcset=\"https:\/\/blogsaverroes.juntadeandalucia.es\/ceperguamenze\/files\/2022\/10\/WhatsApp-Image-2022-10-13-at-20.18.22.jpeg 1024w, https:\/\/blogsaverroes.juntadeandalucia.es\/ceperguamenze\/files\/2022\/10\/WhatsApp-Image-2022-10-13-at-20.18.22-300x225.jpeg 300w, https:\/\/blogsaverroes.juntadeandalucia.es\/ceperguamenze\/files\/2022\/10\/WhatsApp-Image-2022-10-13-at-20.18.22-768x576.jpeg 768w\" sizes=\"(max-width: 1024px) 100vw, 1024px\" \/><\/a><p id=\"caption-attachment-3372\" class=\"wp-caption-text\">Nuestra maestra Alicia introduce a Guillermina S\u00e1nchez<\/p><\/div>\n<div style=\"width: 320px;\" class=\"wp-video\"><!--[if lt IE 9]><script>document.createElement('video');<\/script><![endif]-->\n<video class=\"wp-video-shortcode\" id=\"video-3362-1\" width=\"320\" height=\"576\" preload=\"metadata\" controls=\"controls\"><source type=\"video\/mp4\" src=\"https:\/\/blogsaverroes.juntadeandalucia.es\/ceperguamenze\/files\/2022\/10\/310316220_5253844088077666_3782446598845597250_n.mp4?_=1\" \/><a href=\"https:\/\/blogsaverroes.juntadeandalucia.es\/ceperguamenze\/files\/2022\/10\/310316220_5253844088077666_3782446598845597250_n.mp4\">https:\/\/blogsaverroes.juntadeandalucia.es\/ceperguamenze\/files\/2022\/10\/310316220_5253844088077666_3782446598845597250_n.mp4<\/a><\/video><\/div>\n<div id=\"attachment_3366\" style=\"width: 778px\" class=\"wp-caption alignnone\"><a href=\"https:\/\/blogsaverroes.juntadeandalucia.es\/ceperguamenze\/files\/2022\/10\/WhatsApp-Image-2022-10-13-at-20.18.25.jpeg\"><img loading=\"lazy\" decoding=\"async\" aria-describedby=\"caption-attachment-3366\" class=\"size-full wp-image-3366\" src=\"https:\/\/blogsaverroes.juntadeandalucia.es\/ceperguamenze\/files\/2022\/10\/WhatsApp-Image-2022-10-13-at-20.18.25.jpeg\" alt=\"\" width=\"768\" height=\"1024\" srcset=\"https:\/\/blogsaverroes.juntadeandalucia.es\/ceperguamenze\/files\/2022\/10\/WhatsApp-Image-2022-10-13-at-20.18.25.jpeg 768w, https:\/\/blogsaverroes.juntadeandalucia.es\/ceperguamenze\/files\/2022\/10\/WhatsApp-Image-2022-10-13-at-20.18.25-225x300.jpeg 225w\" sizes=\"(max-width: 768px) 100vw, 768px\" \/><\/a><p id=\"caption-attachment-3366\" class=\"wp-caption-text\">Maite Garc\u00eda en representaci\u00f3n del CPR Montechullo<\/p><\/div>\n<div id=\"attachment_3371\" style=\"width: 1034px\" class=\"wp-caption alignnone\"><a href=\"https:\/\/blogsaverroes.juntadeandalucia.es\/ceperguamenze\/files\/2022\/10\/WhatsApp-Image-2022-10-13-at-20.18.23.jpeg\"><img loading=\"lazy\" decoding=\"async\" aria-describedby=\"caption-attachment-3371\" class=\"size-full wp-image-3371\" src=\"https:\/\/blogsaverroes.juntadeandalucia.es\/ceperguamenze\/files\/2022\/10\/WhatsApp-Image-2022-10-13-at-20.18.23.jpeg\" alt=\"\" width=\"1024\" height=\"768\" srcset=\"https:\/\/blogsaverroes.juntadeandalucia.es\/ceperguamenze\/files\/2022\/10\/WhatsApp-Image-2022-10-13-at-20.18.23.jpeg 1024w, https:\/\/blogsaverroes.juntadeandalucia.es\/ceperguamenze\/files\/2022\/10\/WhatsApp-Image-2022-10-13-at-20.18.23-300x225.jpeg 300w, https:\/\/blogsaverroes.juntadeandalucia.es\/ceperguamenze\/files\/2022\/10\/WhatsApp-Image-2022-10-13-at-20.18.23-768x576.jpeg 768w\" sizes=\"(max-width: 1024px) 100vw, 1024px\" \/><\/a><p id=\"caption-attachment-3371\" class=\"wp-caption-text\">Alumnado del IES Alba Longa<\/p><\/div>\n<div id=\"attachment_3370\" style=\"width: 1034px\" class=\"wp-caption alignnone\"><a href=\"https:\/\/blogsaverroes.juntadeandalucia.es\/ceperguamenze\/files\/2022\/10\/WhatsApp-Image-2022-10-13-at-20.18.23-1.jpeg\"><img loading=\"lazy\" decoding=\"async\" aria-describedby=\"caption-attachment-3370\" class=\"size-full wp-image-3370\" src=\"https:\/\/blogsaverroes.juntadeandalucia.es\/ceperguamenze\/files\/2022\/10\/WhatsApp-Image-2022-10-13-at-20.18.23-1.jpeg\" alt=\"\" width=\"1024\" height=\"768\" srcset=\"https:\/\/blogsaverroes.juntadeandalucia.es\/ceperguamenze\/files\/2022\/10\/WhatsApp-Image-2022-10-13-at-20.18.23-1.jpeg 1024w, https:\/\/blogsaverroes.juntadeandalucia.es\/ceperguamenze\/files\/2022\/10\/WhatsApp-Image-2022-10-13-at-20.18.23-1-300x225.jpeg 300w, https:\/\/blogsaverroes.juntadeandalucia.es\/ceperguamenze\/files\/2022\/10\/WhatsApp-Image-2022-10-13-at-20.18.23-1-768x576.jpeg 768w\" sizes=\"(max-width: 1024px) 100vw, 1024px\" \/><\/a><p id=\"caption-attachment-3370\" class=\"wp-caption-text\">Alumnado del IES Las Banderas en formato virtual<\/p><\/div>\n<div id=\"attachment_3369\" style=\"width: 1034px\" class=\"wp-caption alignnone\"><a href=\"https:\/\/blogsaverroes.juntadeandalucia.es\/ceperguamenze\/files\/2022\/10\/WhatsApp-Image-2022-10-13-at-20.18.24.jpeg\"><img loading=\"lazy\" decoding=\"async\" aria-describedby=\"caption-attachment-3369\" class=\"size-full wp-image-3369\" src=\"https:\/\/blogsaverroes.juntadeandalucia.es\/ceperguamenze\/files\/2022\/10\/WhatsApp-Image-2022-10-13-at-20.18.24.jpeg\" alt=\"\" width=\"1024\" height=\"768\" srcset=\"https:\/\/blogsaverroes.juntadeandalucia.es\/ceperguamenze\/files\/2022\/10\/WhatsApp-Image-2022-10-13-at-20.18.24.jpeg 1024w, https:\/\/blogsaverroes.juntadeandalucia.es\/ceperguamenze\/files\/2022\/10\/WhatsApp-Image-2022-10-13-at-20.18.24-300x225.jpeg 300w, https:\/\/blogsaverroes.juntadeandalucia.es\/ceperguamenze\/files\/2022\/10\/WhatsApp-Image-2022-10-13-at-20.18.24-768x576.jpeg 768w\" sizes=\"(max-width: 1024px) 100vw, 1024px\" \/><\/a><p id=\"caption-attachment-3369\" class=\"wp-caption-text\">Alumna y profesor del IES Cartuja<\/p><\/div>\n<div id=\"attachment_3368\" style=\"width: 1034px\" class=\"wp-caption alignnone\"><a href=\"https:\/\/blogsaverroes.juntadeandalucia.es\/ceperguamenze\/files\/2022\/10\/WhatsApp-Image-2022-10-13-at-20.18.24-1.jpeg\"><img loading=\"lazy\" decoding=\"async\" aria-describedby=\"caption-attachment-3368\" class=\"size-full wp-image-3368\" src=\"https:\/\/blogsaverroes.juntadeandalucia.es\/ceperguamenze\/files\/2022\/10\/WhatsApp-Image-2022-10-13-at-20.18.24-1.jpeg\" alt=\"\" width=\"1024\" height=\"768\" srcset=\"https:\/\/blogsaverroes.juntadeandalucia.es\/ceperguamenze\/files\/2022\/10\/WhatsApp-Image-2022-10-13-at-20.18.24-1.jpeg 1024w, https:\/\/blogsaverroes.juntadeandalucia.es\/ceperguamenze\/files\/2022\/10\/WhatsApp-Image-2022-10-13-at-20.18.24-1-300x225.jpeg 300w, https:\/\/blogsaverroes.juntadeandalucia.es\/ceperguamenze\/files\/2022\/10\/WhatsApp-Image-2022-10-13-at-20.18.24-1-768x576.jpeg 768w\" sizes=\"(max-width: 1024px) 100vw, 1024px\" \/><\/a><p id=\"caption-attachment-3368\" class=\"wp-caption-text\">Alumnado del IES Miguel de Cervantes<\/p><\/div>\n<div id=\"attachment_3367\" style=\"width: 1034px\" class=\"wp-caption alignnone\"><a href=\"https:\/\/blogsaverroes.juntadeandalucia.es\/ceperguamenze\/files\/2022\/10\/WhatsApp-Image-2022-10-13-at-20.18.24-2.jpeg\"><img loading=\"lazy\" decoding=\"async\" aria-describedby=\"caption-attachment-3367\" class=\"size-full wp-image-3367\" src=\"https:\/\/blogsaverroes.juntadeandalucia.es\/ceperguamenze\/files\/2022\/10\/WhatsApp-Image-2022-10-13-at-20.18.24-2.jpeg\" alt=\"\" width=\"1024\" height=\"768\" srcset=\"https:\/\/blogsaverroes.juntadeandalucia.es\/ceperguamenze\/files\/2022\/10\/WhatsApp-Image-2022-10-13-at-20.18.24-2.jpeg 1024w, https:\/\/blogsaverroes.juntadeandalucia.es\/ceperguamenze\/files\/2022\/10\/WhatsApp-Image-2022-10-13-at-20.18.24-2-300x225.jpeg 300w, https:\/\/blogsaverroes.juntadeandalucia.es\/ceperguamenze\/files\/2022\/10\/WhatsApp-Image-2022-10-13-at-20.18.24-2-768x576.jpeg 768w\" sizes=\"(max-width: 1024px) 100vw, 1024px\" \/><\/a><p id=\"caption-attachment-3367\" class=\"wp-caption-text\">Alumnado del IES Miguel de Cervantes<\/p><\/div>\n<p><a href=\"https:\/\/blogsaverroes.juntadeandalucia.es\/ceperguamenze\/files\/2022\/03\/es_cofinanciado_por_la_union_europea_pos.png\"><img loading=\"lazy\" decoding=\"async\" class=\"alignnone size-full wp-image-3149\" src=\"https:\/\/blogsaverroes.juntadeandalucia.es\/ceperguamenze\/files\/2022\/03\/es_cofinanciado_por_la_union_europea_pos.png\" alt=\"\" width=\"1600\" height=\"335\" srcset=\"https:\/\/blogsaverroes.juntadeandalucia.es\/ceperguamenze\/files\/2022\/03\/es_cofinanciado_por_la_union_europea_pos.png 1600w, https:\/\/blogsaverroes.juntadeandalucia.es\/ceperguamenze\/files\/2022\/03\/es_cofinanciado_por_la_union_europea_pos-300x63.png 300w, https:\/\/blogsaverroes.juntadeandalucia.es\/ceperguamenze\/files\/2022\/03\/es_cofinanciado_por_la_union_europea_pos-1024x215.png 1024w, https:\/\/blogsaverroes.juntadeandalucia.es\/ceperguamenze\/files\/2022\/03\/es_cofinanciado_por_la_union_europea_pos-768x161.png 768w, https:\/\/blogsaverroes.juntadeandalucia.es\/ceperguamenze\/files\/2022\/03\/es_cofinanciado_por_la_union_europea_pos-1536x322.png 1536w, https:\/\/blogsaverroes.juntadeandalucia.es\/ceperguamenze\/files\/2022\/03\/es_cofinanciado_por_la_union_europea_pos-2048x429.png 2048w\" sizes=\"(max-width: 1600px) 100vw, 1600px\" \/><\/a><\/p>\n","protected":false},"excerpt":{"rendered":"<p>El jueves 13 de octubre de 2022, nuestro CEPER Guamenze fue invitado a participar en una jornada de buenas pr\u00e1cticas Erasmus+ en el IES Miguel de Cervantes en Granada. En este evento compartimos experiencias&#46;&#46;&#46;<\/p>\n","protected":false},"author":11510,"featured_media":3365,"comment_status":"open","ping_status":"open","sticky":false,"template":"","format":"standard","meta":{"ngg_post_thumbnail":0,"footnotes":""},"categories":[2351650,421156,2351649,11909],"tags":[],"aioseo_notices":[],"_links":{"self":[{"href":"https:\/\/blogsaverroes.juntadeandalucia.es\/ceperguamenze\/wp-json\/wp\/v2\/posts\/3362"}],"collection":[{"href":"https:\/\/blogsaverroes.juntadeandalucia.es\/ceperguamenze\/wp-json\/wp\/v2\/posts"}],"about":[{"href":"https:\/\/blogsaverroes.juntadeandalucia.es\/ceperguamenze\/wp-json\/wp\/v2\/types\/post"}],"author":[{"embeddable":true,"href":"https:\/\/blogsaverroes.juntadeandalucia.es\/ceperguamenze\/wp-json\/wp\/v2\/users\/11510"}],"replies":[{"embeddable":true,"href":"https:\/\/blogsaverroes.juntadeandalucia.es\/ceperguamenze\/wp-json\/wp\/v2\/comments?post=3362"}],"version-history":[{"count":5,"href":"https:\/\/blogsaverroes.juntadeandalucia.es\/ceperguamenze\/wp-json\/wp\/v2\/posts\/3362\/revisions"}],"predecessor-version":[{"id":3382,"href":"https:\/\/blogsaverroes.juntadeandalucia.es\/ceperguamenze\/wp-json\/wp\/v2\/posts\/3362\/revisions\/3382"}],"wp:featuredmedia":[{"embeddable":true,"href":"https:\/\/blogsaverroes.juntadeandalucia.es\/ceperguamenze\/wp-json\/wp\/v2\/media\/3365"}],"wp:attachment":[{"href":"https:\/\/blogsaverroes.juntadeandalucia.es\/ceperguamenze\/wp-json\/wp\/v2\/media?parent=3362"}],"wp:term":[{"taxonomy":"category","embeddable":true,"href":"https:\/\/blogsaverroes.juntadeandalucia.es\/ceperguamenze\/wp-json\/wp\/v2\/categories?post=3362"},{"taxonomy":"post_tag","embeddable":true,"href":"https:\/\/blogsaverroes.juntadeandalucia.es\/ceperguamenze\/wp-json\/wp\/v2\/tags?post=3362"}],"curies":[{"name":"wp","href":"https:\/\/api.w.org\/{rel}","templated":true}]}}