{"id":3378,"date":"2022-10-17T07:41:21","date_gmt":"2022-10-17T07:41:21","guid":{"rendered":"https:\/\/blogsaverroes.juntadeandalucia.es\/ceperguamenze\/?p=3378"},"modified":"2022-11-09T12:14:29","modified_gmt":"2022-11-09T12:14:29","slug":"cumbre-climatica-ceper-guamenze-eramus-days-2022","status":"publish","type":"post","link":"https:\/\/blogsaverroes.juntadeandalucia.es\/ceperguamenze\/cumbre-climatica-ceper-guamenze-eramus-days-2022\/","title":{"rendered":"Cumbre clim\u00e1tica CEPER Guamenze. Eramus days 2022"},"content":{"rendered":"<p style=\"text-align: left\"><iframe loading=\"lazy\" src=\"\/\/www.youtube.com\/embed\/CVGNK8bDKI0\" width=\"560\" height=\"314\"><\/iframe><em>V\u00eddeo realizado por Nati Cascales, alumna del CEPER Guamenze<\/em><\/p>\n<p style=\"text-align: justify\">El d\u00eda 14 de octubre de 2022 con motivo de la celebraci\u00f3n de los Erasmus Days, el alumnado del Ceper Guamenze y las maestras Alicia, Luna y Elena , han celebrado los Erasmus Days con una Cumbre Clim\u00e1tica en la Plaza Santa Luparia.<br \/>\nEste evento se ha desarrollado parte en ingl\u00e9s y parte en espa\u00f1ol.<br \/>\nLa presentaci\u00f3n ha corrido a cargo de Inmaculada Mart\u00ednez.<br \/>\nLos temas tratados han sido:<br \/>\nAgenda 2030, ponente, Olga Hern\u00e1ndez.<br \/>\nPacto Verde Europeo, ponentes, Lola L\u00f3pez y Enrique Latorre.<br \/>\nNueva Bauhaus Europea, ponente, Jos\u00e9 Mar\u00eda Molas.<br \/>\nAsimismo, el alumnado ha dado ideas pr\u00e1cticas de colaboraci\u00f3n y compromiso de nuestra escuela para mejorar el entorno durante este curso. Dichos compromisos, han sido recogidos por Charo Exp\u00f3sito.<br \/>\nA todos los asistentes se les ha hecho entrega de una bolsa de tela con el logo de este evento y el de nuestra escuela, por parte de Luna.<br \/>\nNati Cascales ha sido la encargada de recoger la informaci\u00f3n gr\u00e1fica mediante fotos y v\u00eddeos.<br \/>\nAl finalizar el acto, las maestras han realizado la inscripci\u00f3n del alumnado a los proyectos Erasmus+ de este curso.<\/p>\n<p>Si quieres conocer m\u00e1s acerca de las l\u00edneas europeas en materia de sostenibilidad aqu\u00ed puedes leer lo que el alumnado ha expuesto durante este evento:<\/p>\n<p><a href=\"https:\/\/blogsaverroes.juntadeandalucia.es\/ceperguamenze\/files\/2022\/10\/Agenda-2030-by-Olga-Hern\u00e1ndez.pdf\">Agenda 2030 by Olga Hern\u00e1ndez<\/a><\/p>\n<p><iframe loading=\"lazy\" src=\"https:\/\/drive.google.com\/file\/d\/1vMZEJXZQ09jjynxWrA843QuGNcThFEgd\/preview\" width=\"640\" height=\"480\"><\/iframe><\/p>\n<p><a href=\"https:\/\/blogsaverroes.juntadeandalucia.es\/ceperguamenze\/files\/2022\/10\/La-Nueva-Bauhaus-Europea-por-Jos\u00e9-Mar\u00eda-Molas.pdf\">La Nueva Bauhaus Europea por Jos\u00e9 Mar\u00eda Molas<\/a><\/p>\n<p><iframe loading=\"lazy\" src=\"https:\/\/drive.google.com\/file\/d\/1wRCXOoB6n66bOLhNLQV64u-x2a3dXsY8\/preview\" width=\"640\" height=\"480\"><\/iframe><\/p>\n<p><a href=\"https:\/\/blogsaverroes.juntadeandalucia.es\/ceperguamenze\/files\/2022\/10\/Pacto-verde-europeo-por-MD-L\u00f3pe-y-Enrique-de-Latorre.pdf\">Pacto verde europeo por MD L\u00f3pe y Enrique de Latorre<\/a><\/p>\n<p><iframe loading=\"lazy\" src=\"https:\/\/drive.google.com\/file\/d\/11OVPbSfRDTO4zhnskjfJGAtGFeuFufu5\/preview\" width=\"640\" height=\"480\"><\/iframe><\/p>\n<p style=\"text-align: right\"><em>Redactado por \u00c1ngeles Rodr\u00edguez, alumna del CEPER Guamenze<\/em><\/p>\n<p><a href=\"https:\/\/blogsaverroes.juntadeandalucia.es\/ceperguamenze\/files\/2022\/10\/WhatsApp-Image-2022-10-17-at-09.31.02.jpeg\"><img loading=\"lazy\" decoding=\"async\" class=\"alignnone size-full wp-image-3379\" src=\"https:\/\/blogsaverroes.juntadeandalucia.es\/ceperguamenze\/files\/2022\/10\/WhatsApp-Image-2022-10-17-at-09.31.02.jpeg\" alt=\"\" width=\"1600\" height=\"1200\" srcset=\"https:\/\/blogsaverroes.juntadeandalucia.es\/ceperguamenze\/files\/2022\/10\/WhatsApp-Image-2022-10-17-at-09.31.02.jpeg 1600w, https:\/\/blogsaverroes.juntadeandalucia.es\/ceperguamenze\/files\/2022\/10\/WhatsApp-Image-2022-10-17-at-09.31.02-300x225.jpeg 300w, https:\/\/blogsaverroes.juntadeandalucia.es\/ceperguamenze\/files\/2022\/10\/WhatsApp-Image-2022-10-17-at-09.31.02-1024x768.jpeg 1024w, https:\/\/blogsaverroes.juntadeandalucia.es\/ceperguamenze\/files\/2022\/10\/WhatsApp-Image-2022-10-17-at-09.31.02-768x576.jpeg 768w, https:\/\/blogsaverroes.juntadeandalucia.es\/ceperguamenze\/files\/2022\/10\/WhatsApp-Image-2022-10-17-at-09.31.02-1536x1152.jpeg 1536w\" sizes=\"(max-width: 1600px) 100vw, 1600px\" \/><\/a><\/p>\n<p><a href=\"https:\/\/blogsaverroes.juntadeandalucia.es\/ceperguamenze\/files\/2022\/10\/WhatsApp-Image-2022-10-14-at-20.51.37.jpeg\"><img loading=\"lazy\" decoding=\"async\" class=\"alignnone size-full wp-image-3380\" src=\"https:\/\/blogsaverroes.juntadeandalucia.es\/ceperguamenze\/files\/2022\/10\/WhatsApp-Image-2022-10-14-at-20.51.37.jpeg\" alt=\"\" width=\"1600\" height=\"1200\" srcset=\"https:\/\/blogsaverroes.juntadeandalucia.es\/ceperguamenze\/files\/2022\/10\/WhatsApp-Image-2022-10-14-at-20.51.37.jpeg 1600w, https:\/\/blogsaverroes.juntadeandalucia.es\/ceperguamenze\/files\/2022\/10\/WhatsApp-Image-2022-10-14-at-20.51.37-300x225.jpeg 300w, https:\/\/blogsaverroes.juntadeandalucia.es\/ceperguamenze\/files\/2022\/10\/WhatsApp-Image-2022-10-14-at-20.51.37-1024x768.jpeg 1024w, https:\/\/blogsaverroes.juntadeandalucia.es\/ceperguamenze\/files\/2022\/10\/WhatsApp-Image-2022-10-14-at-20.51.37-768x576.jpeg 768w, https:\/\/blogsaverroes.juntadeandalucia.es\/ceperguamenze\/files\/2022\/10\/WhatsApp-Image-2022-10-14-at-20.51.37-1536x1152.jpeg 1536w\" sizes=\"(max-width: 1600px) 100vw, 1600px\" \/><\/a><\/p>\n<p><a href=\"https:\/\/blogsaverroes.juntadeandalucia.es\/ceperguamenze\/files\/2022\/10\/WhatsApp-Image-2022-10-17-at-11.28.40.jpeg\"><img loading=\"lazy\" decoding=\"async\" class=\"alignnone size-full wp-image-3385\" src=\"https:\/\/blogsaverroes.juntadeandalucia.es\/ceperguamenze\/files\/2022\/10\/WhatsApp-Image-2022-10-17-at-11.28.40.jpeg\" alt=\"\" width=\"1600\" height=\"1200\" srcset=\"https:\/\/blogsaverroes.juntadeandalucia.es\/ceperguamenze\/files\/2022\/10\/WhatsApp-Image-2022-10-17-at-11.28.40.jpeg 1600w, https:\/\/blogsaverroes.juntadeandalucia.es\/ceperguamenze\/files\/2022\/10\/WhatsApp-Image-2022-10-17-at-11.28.40-300x225.jpeg 300w, https:\/\/blogsaverroes.juntadeandalucia.es\/ceperguamenze\/files\/2022\/10\/WhatsApp-Image-2022-10-17-at-11.28.40-1024x768.jpeg 1024w, https:\/\/blogsaverroes.juntadeandalucia.es\/ceperguamenze\/files\/2022\/10\/WhatsApp-Image-2022-10-17-at-11.28.40-768x576.jpeg 768w, https:\/\/blogsaverroes.juntadeandalucia.es\/ceperguamenze\/files\/2022\/10\/WhatsApp-Image-2022-10-17-at-11.28.40-1536x1152.jpeg 1536w\" sizes=\"(max-width: 1600px) 100vw, 1600px\" \/><\/a> <a href=\"https:\/\/blogsaverroes.juntadeandalucia.es\/ceperguamenze\/files\/2022\/10\/WhatsApp-Image-2022-10-17-at-11.28.40-1.jpeg\"><img loading=\"lazy\" decoding=\"async\" class=\"alignnone size-full wp-image-3386\" src=\"https:\/\/blogsaverroes.juntadeandalucia.es\/ceperguamenze\/files\/2022\/10\/WhatsApp-Image-2022-10-17-at-11.28.40-1.jpeg\" alt=\"\" width=\"1600\" height=\"1200\" srcset=\"https:\/\/blogsaverroes.juntadeandalucia.es\/ceperguamenze\/files\/2022\/10\/WhatsApp-Image-2022-10-17-at-11.28.40-1.jpeg 1600w, https:\/\/blogsaverroes.juntadeandalucia.es\/ceperguamenze\/files\/2022\/10\/WhatsApp-Image-2022-10-17-at-11.28.40-1-300x225.jpeg 300w, https:\/\/blogsaverroes.juntadeandalucia.es\/ceperguamenze\/files\/2022\/10\/WhatsApp-Image-2022-10-17-at-11.28.40-1-1024x768.jpeg 1024w, https:\/\/blogsaverroes.juntadeandalucia.es\/ceperguamenze\/files\/2022\/10\/WhatsApp-Image-2022-10-17-at-11.28.40-1-768x576.jpeg 768w, https:\/\/blogsaverroes.juntadeandalucia.es\/ceperguamenze\/files\/2022\/10\/WhatsApp-Image-2022-10-17-at-11.28.40-1-1536x1152.jpeg 1536w\" sizes=\"(max-width: 1600px) 100vw, 1600px\" \/><\/a> <a href=\"https:\/\/blogsaverroes.juntadeandalucia.es\/ceperguamenze\/files\/2022\/10\/WhatsApp-Image-2022-10-17-at-11.28.41.jpeg\"><img loading=\"lazy\" decoding=\"async\" class=\"alignnone size-full wp-image-3387\" src=\"https:\/\/blogsaverroes.juntadeandalucia.es\/ceperguamenze\/files\/2022\/10\/WhatsApp-Image-2022-10-17-at-11.28.41.jpeg\" alt=\"\" width=\"1600\" height=\"1200\" srcset=\"https:\/\/blogsaverroes.juntadeandalucia.es\/ceperguamenze\/files\/2022\/10\/WhatsApp-Image-2022-10-17-at-11.28.41.jpeg 1600w, https:\/\/blogsaverroes.juntadeandalucia.es\/ceperguamenze\/files\/2022\/10\/WhatsApp-Image-2022-10-17-at-11.28.41-300x225.jpeg 300w, https:\/\/blogsaverroes.juntadeandalucia.es\/ceperguamenze\/files\/2022\/10\/WhatsApp-Image-2022-10-17-at-11.28.41-1024x768.jpeg 1024w, https:\/\/blogsaverroes.juntadeandalucia.es\/ceperguamenze\/files\/2022\/10\/WhatsApp-Image-2022-10-17-at-11.28.41-768x576.jpeg 768w, https:\/\/blogsaverroes.juntadeandalucia.es\/ceperguamenze\/files\/2022\/10\/WhatsApp-Image-2022-10-17-at-11.28.41-1536x1152.jpeg 1536w\" sizes=\"(max-width: 1600px) 100vw, 1600px\" \/><\/a> <a href=\"https:\/\/blogsaverroes.juntadeandalucia.es\/ceperguamenze\/files\/2022\/10\/WhatsApp-Image-2022-10-17-at-11.28.41-1.jpeg\"><img loading=\"lazy\" decoding=\"async\" class=\"alignnone size-full wp-image-3388\" src=\"https:\/\/blogsaverroes.juntadeandalucia.es\/ceperguamenze\/files\/2022\/10\/WhatsApp-Image-2022-10-17-at-11.28.41-1.jpeg\" alt=\"\" width=\"1600\" height=\"1200\" srcset=\"https:\/\/blogsaverroes.juntadeandalucia.es\/ceperguamenze\/files\/2022\/10\/WhatsApp-Image-2022-10-17-at-11.28.41-1.jpeg 1600w, https:\/\/blogsaverroes.juntadeandalucia.es\/ceperguamenze\/files\/2022\/10\/WhatsApp-Image-2022-10-17-at-11.28.41-1-300x225.jpeg 300w, https:\/\/blogsaverroes.juntadeandalucia.es\/ceperguamenze\/files\/2022\/10\/WhatsApp-Image-2022-10-17-at-11.28.41-1-1024x768.jpeg 1024w, https:\/\/blogsaverroes.juntadeandalucia.es\/ceperguamenze\/files\/2022\/10\/WhatsApp-Image-2022-10-17-at-11.28.41-1-768x576.jpeg 768w, https:\/\/blogsaverroes.juntadeandalucia.es\/ceperguamenze\/files\/2022\/10\/WhatsApp-Image-2022-10-17-at-11.28.41-1-1536x1152.jpeg 1536w\" sizes=\"(max-width: 1600px) 100vw, 1600px\" \/><\/a> <a href=\"https:\/\/blogsaverroes.juntadeandalucia.es\/ceperguamenze\/files\/2022\/10\/WhatsApp-Image-2022-10-17-at-11.28.59.jpeg\"><img loading=\"lazy\" decoding=\"async\" class=\"alignnone size-full wp-image-3389\" src=\"https:\/\/blogsaverroes.juntadeandalucia.es\/ceperguamenze\/files\/2022\/10\/WhatsApp-Image-2022-10-17-at-11.28.59.jpeg\" alt=\"\" width=\"1600\" height=\"1203\" srcset=\"https:\/\/blogsaverroes.juntadeandalucia.es\/ceperguamenze\/files\/2022\/10\/WhatsApp-Image-2022-10-17-at-11.28.59.jpeg 1600w, https:\/\/blogsaverroes.juntadeandalucia.es\/ceperguamenze\/files\/2022\/10\/WhatsApp-Image-2022-10-17-at-11.28.59-300x226.jpeg 300w, https:\/\/blogsaverroes.juntadeandalucia.es\/ceperguamenze\/files\/2022\/10\/WhatsApp-Image-2022-10-17-at-11.28.59-1024x770.jpeg 1024w, https:\/\/blogsaverroes.juntadeandalucia.es\/ceperguamenze\/files\/2022\/10\/WhatsApp-Image-2022-10-17-at-11.28.59-768x578.jpeg 768w, https:\/\/blogsaverroes.juntadeandalucia.es\/ceperguamenze\/files\/2022\/10\/WhatsApp-Image-2022-10-17-at-11.28.59-1536x1155.jpeg 1536w\" sizes=\"(max-width: 1600px) 100vw, 1600px\" \/><\/a><\/p>\n<p>&nbsp;<\/p>\n","protected":false},"excerpt":{"rendered":"<p>V\u00eddeo realizado por Nati Cascales, alumna del CEPER Guamenze El d\u00eda 14 de octubre de 2022 con motivo de la celebraci\u00f3n de los Erasmus Days, el alumnado del Ceper Guamenze y las maestras Alicia,&#46;&#46;&#46;<\/p>\n","protected":false},"author":11510,"featured_media":3379,"comment_status":"open","ping_status":"open","sticky":false,"template":"","format":"standard","meta":{"ngg_post_thumbnail":0,"footnotes":""},"categories":[5991,2351650,421156,2351649,6047,11909],"tags":[],"aioseo_notices":[],"_links":{"self":[{"href":"https:\/\/blogsaverroes.juntadeandalucia.es\/ceperguamenze\/wp-json\/wp\/v2\/posts\/3378"}],"collection":[{"href":"https:\/\/blogsaverroes.juntadeandalucia.es\/ceperguamenze\/wp-json\/wp\/v2\/posts"}],"about":[{"href":"https:\/\/blogsaverroes.juntadeandalucia.es\/ceperguamenze\/wp-json\/wp\/v2\/types\/post"}],"author":[{"embeddable":true,"href":"https:\/\/blogsaverroes.juntadeandalucia.es\/ceperguamenze\/wp-json\/wp\/v2\/users\/11510"}],"replies":[{"embeddable":true,"href":"https:\/\/blogsaverroes.juntadeandalucia.es\/ceperguamenze\/wp-json\/wp\/v2\/comments?post=3378"}],"version-history":[{"count":7,"href":"https:\/\/blogsaverroes.juntadeandalucia.es\/ceperguamenze\/wp-json\/wp\/v2\/posts\/3378\/revisions"}],"predecessor-version":[{"id":3528,"href":"https:\/\/blogsaverroes.juntadeandalucia.es\/ceperguamenze\/wp-json\/wp\/v2\/posts\/3378\/revisions\/3528"}],"wp:featuredmedia":[{"embeddable":true,"href":"https:\/\/blogsaverroes.juntadeandalucia.es\/ceperguamenze\/wp-json\/wp\/v2\/media\/3379"}],"wp:attachment":[{"href":"https:\/\/blogsaverroes.juntadeandalucia.es\/ceperguamenze\/wp-json\/wp\/v2\/media?parent=3378"}],"wp:term":[{"taxonomy":"category","embeddable":true,"href":"https:\/\/blogsaverroes.juntadeandalucia.es\/ceperguamenze\/wp-json\/wp\/v2\/categories?post=3378"},{"taxonomy":"post_tag","embeddable":true,"href":"https:\/\/blogsaverroes.juntadeandalucia.es\/ceperguamenze\/wp-json\/wp\/v2\/tags?post=3378"}],"curies":[{"name":"wp","href":"https:\/\/api.w.org\/{rel}","templated":true}]}}