{"id":3393,"date":"2022-10-27T15:13:27","date_gmt":"2022-10-27T15:13:27","guid":{"rendered":"https:\/\/blogsaverroes.juntadeandalucia.es\/ceperguamenze\/?p=3393"},"modified":"2022-11-09T11:46:33","modified_gmt":"2022-11-09T11:46:33","slug":"visita-cultural-a-la-provincia-de-alicante","status":"publish","type":"post","link":"https:\/\/blogsaverroes.juntadeandalucia.es\/ceperguamenze\/visita-cultural-a-la-provincia-de-alicante\/","title":{"rendered":"Visita cultural a la provincia de Alicante"},"content":{"rendered":"<p><iframe loading=\"lazy\" src=\"\/\/www.youtube.com\/embed\/g5yjBfTPy5o\" width=\"560\" height=\"314\"><\/iframe><\/p>\n<p>Durante los d\u00e1s 26 y 27 de octubre de 2022 el CEPER Guamenze ha recuperado sus tradicionales viajes culturales por nuestra pen\u00ednsula. En este caso, nos hemos desplazado a las localidades alicantinas de Orihuela, Calpe, Denia y J\u00e1vea. Durante el regreso tambi\u00e9n se ha hecho una visita a la ciudad de Murcia.<\/p>\n<p>En estos dos d\u00edas, se han visitado los principales monumentos y lugares de inter\u00e9s de dichos pueblos, disfrutando adem\u00e1s, de un inesperado buen tiempo y de una inmejorable actitud de las personas participantes.<\/p>\n<p>Este viaje ha servido para devolver la ilusi\u00f3n por seguir ampliando nuestro conocimiento y cultura a trav\u00e9s de la impecable organizaci\u00f3n por la que&nbsp; el CEPER Guamenze es conocido en actividades de este tipo.<\/p>\n<p>El alumnado ha mostrado entusiasmo e ilusi\u00f3n en cada parada, se ha encontrado c\u00f3modo en el alojamiento en Calpe y ha quedado ampliamente satisfecho con las comidas.<\/p>\n<p>Os invitamos a visualizar las fotos que ayudar\u00e1n a revivir los momentos de este precioso viaje.<\/p>\n<div id=\"attachment_3397\" style=\"width: 1610px\" class=\"wp-caption alignnone\"><a href=\"https:\/\/blogsaverroes.juntadeandalucia.es\/ceperguamenze\/files\/2022\/10\/WhatsApp-Image-2022-10-26-at-21.23.13-6.jpeg\"><img loading=\"lazy\" decoding=\"async\" aria-describedby=\"caption-attachment-3397\" class=\"size-full wp-image-3397\" src=\"https:\/\/blogsaverroes.juntadeandalucia.es\/ceperguamenze\/files\/2022\/10\/WhatsApp-Image-2022-10-26-at-21.23.13-6.jpeg\" alt=\"\" width=\"1600\" height=\"1200\" srcset=\"https:\/\/blogsaverroes.juntadeandalucia.es\/ceperguamenze\/files\/2022\/10\/WhatsApp-Image-2022-10-26-at-21.23.13-6.jpeg 1600w, https:\/\/blogsaverroes.juntadeandalucia.es\/ceperguamenze\/files\/2022\/10\/WhatsApp-Image-2022-10-26-at-21.23.13-6-300x225.jpeg 300w, https:\/\/blogsaverroes.juntadeandalucia.es\/ceperguamenze\/files\/2022\/10\/WhatsApp-Image-2022-10-26-at-21.23.13-6-1024x768.jpeg 1024w, https:\/\/blogsaverroes.juntadeandalucia.es\/ceperguamenze\/files\/2022\/10\/WhatsApp-Image-2022-10-26-at-21.23.13-6-768x576.jpeg 768w, https:\/\/blogsaverroes.juntadeandalucia.es\/ceperguamenze\/files\/2022\/10\/WhatsApp-Image-2022-10-26-at-21.23.13-6-1536x1152.jpeg 1536w\" sizes=\"(max-width: 1600px) 100vw, 1600px\" \/><\/a><p id=\"caption-attachment-3397\" class=\"wp-caption-text\">Inicio de la visita a Orihuela con el gu\u00eda No\u00e9<\/p><\/div>\n<div id=\"attachment_3398\" style=\"width: 1610px\" class=\"wp-caption alignnone\"><a href=\"https:\/\/blogsaverroes.juntadeandalucia.es\/ceperguamenze\/files\/2022\/10\/WhatsApp-Image-2022-10-26-at-21.23.13-5.jpeg\"><img loading=\"lazy\" decoding=\"async\" aria-describedby=\"caption-attachment-3398\" class=\"size-full wp-image-3398\" src=\"https:\/\/blogsaverroes.juntadeandalucia.es\/ceperguamenze\/files\/2022\/10\/WhatsApp-Image-2022-10-26-at-21.23.13-5.jpeg\" alt=\"\" width=\"1600\" height=\"1200\" srcset=\"https:\/\/blogsaverroes.juntadeandalucia.es\/ceperguamenze\/files\/2022\/10\/WhatsApp-Image-2022-10-26-at-21.23.13-5.jpeg 1600w, https:\/\/blogsaverroes.juntadeandalucia.es\/ceperguamenze\/files\/2022\/10\/WhatsApp-Image-2022-10-26-at-21.23.13-5-300x225.jpeg 300w, https:\/\/blogsaverroes.juntadeandalucia.es\/ceperguamenze\/files\/2022\/10\/WhatsApp-Image-2022-10-26-at-21.23.13-5-1024x768.jpeg 1024w, https:\/\/blogsaverroes.juntadeandalucia.es\/ceperguamenze\/files\/2022\/10\/WhatsApp-Image-2022-10-26-at-21.23.13-5-768x576.jpeg 768w, https:\/\/blogsaverroes.juntadeandalucia.es\/ceperguamenze\/files\/2022\/10\/WhatsApp-Image-2022-10-26-at-21.23.13-5-1536x1152.jpeg 1536w\" sizes=\"(max-width: 1600px) 100vw, 1600px\" \/><\/a><p id=\"caption-attachment-3398\" class=\"wp-caption-text\">Cruzando el arco de entrada al casco antiguo de Orihuela<\/p><\/div>\n<div id=\"attachment_3399\" style=\"width: 1610px\" class=\"wp-caption alignnone\"><a href=\"https:\/\/blogsaverroes.juntadeandalucia.es\/ceperguamenze\/files\/2022\/10\/WhatsApp-Image-2022-10-26-at-21.23.13-4.jpeg\"><img loading=\"lazy\" decoding=\"async\" aria-describedby=\"caption-attachment-3399\" class=\"size-full wp-image-3399\" src=\"https:\/\/blogsaverroes.juntadeandalucia.es\/ceperguamenze\/files\/2022\/10\/WhatsApp-Image-2022-10-26-at-21.23.13-4.jpeg\" alt=\"\" width=\"1600\" height=\"1200\" srcset=\"https:\/\/blogsaverroes.juntadeandalucia.es\/ceperguamenze\/files\/2022\/10\/WhatsApp-Image-2022-10-26-at-21.23.13-4.jpeg 1600w, https:\/\/blogsaverroes.juntadeandalucia.es\/ceperguamenze\/files\/2022\/10\/WhatsApp-Image-2022-10-26-at-21.23.13-4-300x225.jpeg 300w, https:\/\/blogsaverroes.juntadeandalucia.es\/ceperguamenze\/files\/2022\/10\/WhatsApp-Image-2022-10-26-at-21.23.13-4-1024x768.jpeg 1024w, https:\/\/blogsaverroes.juntadeandalucia.es\/ceperguamenze\/files\/2022\/10\/WhatsApp-Image-2022-10-26-at-21.23.13-4-768x576.jpeg 768w, https:\/\/blogsaverroes.juntadeandalucia.es\/ceperguamenze\/files\/2022\/10\/WhatsApp-Image-2022-10-26-at-21.23.13-4-1536x1152.jpeg 1536w\" sizes=\"(max-width: 1600px) 100vw, 1600px\" \/><\/a><p id=\"caption-attachment-3399\" class=\"wp-caption-text\">Joaqu\u00edn y Encarna en Orihuela, fieles a los viajes de nuestra escuela<\/p><\/div>\n<div id=\"attachment_3400\" style=\"width: 1610px\" class=\"wp-caption alignnone\"><a href=\"https:\/\/blogsaverroes.juntadeandalucia.es\/ceperguamenze\/files\/2022\/10\/WhatsApp-Image-2022-10-26-at-21.23.13-3.jpeg\"><img loading=\"lazy\" decoding=\"async\" aria-describedby=\"caption-attachment-3400\" class=\"size-full wp-image-3400\" src=\"https:\/\/blogsaverroes.juntadeandalucia.es\/ceperguamenze\/files\/2022\/10\/WhatsApp-Image-2022-10-26-at-21.23.13-3.jpeg\" alt=\"\" width=\"1600\" height=\"1200\" srcset=\"https:\/\/blogsaverroes.juntadeandalucia.es\/ceperguamenze\/files\/2022\/10\/WhatsApp-Image-2022-10-26-at-21.23.13-3.jpeg 1600w, https:\/\/blogsaverroes.juntadeandalucia.es\/ceperguamenze\/files\/2022\/10\/WhatsApp-Image-2022-10-26-at-21.23.13-3-300x225.jpeg 300w, https:\/\/blogsaverroes.juntadeandalucia.es\/ceperguamenze\/files\/2022\/10\/WhatsApp-Image-2022-10-26-at-21.23.13-3-1024x768.jpeg 1024w, https:\/\/blogsaverroes.juntadeandalucia.es\/ceperguamenze\/files\/2022\/10\/WhatsApp-Image-2022-10-26-at-21.23.13-3-768x576.jpeg 768w, https:\/\/blogsaverroes.juntadeandalucia.es\/ceperguamenze\/files\/2022\/10\/WhatsApp-Image-2022-10-26-at-21.23.13-3-1536x1152.jpeg 1536w\" sizes=\"(max-width: 1600px) 100vw, 1600px\" \/><\/a><p id=\"caption-attachment-3400\" class=\"wp-caption-text\">Isa y Cloti ensimismadas con la fachada de la antigua universidad de Orihuela<\/p><\/div>\n<div id=\"attachment_3401\" style=\"width: 1610px\" class=\"wp-caption alignnone\"><a href=\"https:\/\/blogsaverroes.juntadeandalucia.es\/ceperguamenze\/files\/2022\/10\/WhatsApp-Image-2022-10-26-at-21.23.13-2.jpeg\"><img loading=\"lazy\" decoding=\"async\" aria-describedby=\"caption-attachment-3401\" class=\"size-full wp-image-3401\" src=\"https:\/\/blogsaverroes.juntadeandalucia.es\/ceperguamenze\/files\/2022\/10\/WhatsApp-Image-2022-10-26-at-21.23.13-2.jpeg\" alt=\"\" width=\"1600\" height=\"1200\" srcset=\"https:\/\/blogsaverroes.juntadeandalucia.es\/ceperguamenze\/files\/2022\/10\/WhatsApp-Image-2022-10-26-at-21.23.13-2.jpeg 1600w, https:\/\/blogsaverroes.juntadeandalucia.es\/ceperguamenze\/files\/2022\/10\/WhatsApp-Image-2022-10-26-at-21.23.13-2-300x225.jpeg 300w, https:\/\/blogsaverroes.juntadeandalucia.es\/ceperguamenze\/files\/2022\/10\/WhatsApp-Image-2022-10-26-at-21.23.13-2-1024x768.jpeg 1024w, https:\/\/blogsaverroes.juntadeandalucia.es\/ceperguamenze\/files\/2022\/10\/WhatsApp-Image-2022-10-26-at-21.23.13-2-768x576.jpeg 768w, https:\/\/blogsaverroes.juntadeandalucia.es\/ceperguamenze\/files\/2022\/10\/WhatsApp-Image-2022-10-26-at-21.23.13-2-1536x1152.jpeg 1536w\" sizes=\"(max-width: 1600px) 100vw, 1600px\" \/><\/a><p id=\"caption-attachment-3401\" class=\"wp-caption-text\">Puerta de entrada a la antigua universidad de Orihuela, reconvertida en colegio en la actualidad<\/p><\/div>\n<div id=\"attachment_3402\" style=\"width: 1610px\" class=\"wp-caption alignnone\"><a href=\"https:\/\/blogsaverroes.juntadeandalucia.es\/ceperguamenze\/files\/2022\/10\/WhatsApp-Image-2022-10-26-at-21.23.13-1.jpeg\"><img loading=\"lazy\" decoding=\"async\" aria-describedby=\"caption-attachment-3402\" class=\"size-full wp-image-3402\" src=\"https:\/\/blogsaverroes.juntadeandalucia.es\/ceperguamenze\/files\/2022\/10\/WhatsApp-Image-2022-10-26-at-21.23.13-1.jpeg\" alt=\"\" width=\"1600\" height=\"1200\" srcset=\"https:\/\/blogsaverroes.juntadeandalucia.es\/ceperguamenze\/files\/2022\/10\/WhatsApp-Image-2022-10-26-at-21.23.13-1.jpeg 1600w, https:\/\/blogsaverroes.juntadeandalucia.es\/ceperguamenze\/files\/2022\/10\/WhatsApp-Image-2022-10-26-at-21.23.13-1-300x225.jpeg 300w, https:\/\/blogsaverroes.juntadeandalucia.es\/ceperguamenze\/files\/2022\/10\/WhatsApp-Image-2022-10-26-at-21.23.13-1-1024x768.jpeg 1024w, https:\/\/blogsaverroes.juntadeandalucia.es\/ceperguamenze\/files\/2022\/10\/WhatsApp-Image-2022-10-26-at-21.23.13-1-768x576.jpeg 768w, https:\/\/blogsaverroes.juntadeandalucia.es\/ceperguamenze\/files\/2022\/10\/WhatsApp-Image-2022-10-26-at-21.23.13-1-1536x1152.jpeg 1536w\" sizes=\"(max-width: 1600px) 100vw, 1600px\" \/><\/a><p id=\"caption-attachment-3402\" class=\"wp-caption-text\">Iglesia diocesana en Orihuela<\/p><\/div>\n<div id=\"attachment_3403\" style=\"width: 1210px\" class=\"wp-caption alignnone\"><a href=\"https:\/\/blogsaverroes.juntadeandalucia.es\/ceperguamenze\/files\/2022\/10\/WhatsApp-Image-2022-10-26-at-21.23.13.jpeg\"><img loading=\"lazy\" decoding=\"async\" aria-describedby=\"caption-attachment-3403\" class=\"size-full wp-image-3403\" src=\"https:\/\/blogsaverroes.juntadeandalucia.es\/ceperguamenze\/files\/2022\/10\/WhatsApp-Image-2022-10-26-at-21.23.13.jpeg\" alt=\"\" width=\"1200\" height=\"1600\" srcset=\"https:\/\/blogsaverroes.juntadeandalucia.es\/ceperguamenze\/files\/2022\/10\/WhatsApp-Image-2022-10-26-at-21.23.13.jpeg 1200w, https:\/\/blogsaverroes.juntadeandalucia.es\/ceperguamenze\/files\/2022\/10\/WhatsApp-Image-2022-10-26-at-21.23.13-225x300.jpeg 225w, https:\/\/blogsaverroes.juntadeandalucia.es\/ceperguamenze\/files\/2022\/10\/WhatsApp-Image-2022-10-26-at-21.23.13-768x1024.jpeg 768w, https:\/\/blogsaverroes.juntadeandalucia.es\/ceperguamenze\/files\/2022\/10\/WhatsApp-Image-2022-10-26-at-21.23.13-1152x1536.jpeg 1152w\" sizes=\"(max-width: 1200px) 100vw, 1200px\" \/><\/a><p id=\"caption-attachment-3403\" class=\"wp-caption-text\">\u00d3rgano de la iglesia en Orihuela<\/p><\/div>\n<div id=\"attachment_3404\" style=\"width: 1610px\" class=\"wp-caption alignnone\"><a href=\"https:\/\/blogsaverroes.juntadeandalucia.es\/ceperguamenze\/files\/2022\/10\/WhatsApp-Image-2022-10-26-at-21.23.14-3.jpeg\"><img loading=\"lazy\" decoding=\"async\" aria-describedby=\"caption-attachment-3404\" class=\"size-full wp-image-3404\" src=\"https:\/\/blogsaverroes.juntadeandalucia.es\/ceperguamenze\/files\/2022\/10\/WhatsApp-Image-2022-10-26-at-21.23.14-3.jpeg\" alt=\"\" width=\"1600\" height=\"1200\" srcset=\"https:\/\/blogsaverroes.juntadeandalucia.es\/ceperguamenze\/files\/2022\/10\/WhatsApp-Image-2022-10-26-at-21.23.14-3.jpeg 1600w, https:\/\/blogsaverroes.juntadeandalucia.es\/ceperguamenze\/files\/2022\/10\/WhatsApp-Image-2022-10-26-at-21.23.14-3-300x225.jpeg 300w, https:\/\/blogsaverroes.juntadeandalucia.es\/ceperguamenze\/files\/2022\/10\/WhatsApp-Image-2022-10-26-at-21.23.14-3-1024x768.jpeg 1024w, https:\/\/blogsaverroes.juntadeandalucia.es\/ceperguamenze\/files\/2022\/10\/WhatsApp-Image-2022-10-26-at-21.23.14-3-768x576.jpeg 768w, https:\/\/blogsaverroes.juntadeandalucia.es\/ceperguamenze\/files\/2022\/10\/WhatsApp-Image-2022-10-26-at-21.23.14-3-1536x1152.jpeg 1536w\" sizes=\"(max-width: 1600px) 100vw, 1600px\" \/><\/a><p id=\"caption-attachment-3404\" class=\"wp-caption-text\">Trini y Angelitas posando con la virgen del Rosario<\/p><\/div>\n<div id=\"attachment_3405\" style=\"width: 1610px\" class=\"wp-caption alignnone\"><a href=\"https:\/\/blogsaverroes.juntadeandalucia.es\/ceperguamenze\/files\/2022\/10\/WhatsApp-Image-2022-10-26-at-21.23.14-2.jpeg\"><img loading=\"lazy\" decoding=\"async\" aria-describedby=\"caption-attachment-3405\" class=\"size-full wp-image-3405\" src=\"https:\/\/blogsaverroes.juntadeandalucia.es\/ceperguamenze\/files\/2022\/10\/WhatsApp-Image-2022-10-26-at-21.23.14-2.jpeg\" alt=\"\" width=\"1600\" height=\"1200\" srcset=\"https:\/\/blogsaverroes.juntadeandalucia.es\/ceperguamenze\/files\/2022\/10\/WhatsApp-Image-2022-10-26-at-21.23.14-2.jpeg 1600w, https:\/\/blogsaverroes.juntadeandalucia.es\/ceperguamenze\/files\/2022\/10\/WhatsApp-Image-2022-10-26-at-21.23.14-2-300x225.jpeg 300w, https:\/\/blogsaverroes.juntadeandalucia.es\/ceperguamenze\/files\/2022\/10\/WhatsApp-Image-2022-10-26-at-21.23.14-2-1024x768.jpeg 1024w, https:\/\/blogsaverroes.juntadeandalucia.es\/ceperguamenze\/files\/2022\/10\/WhatsApp-Image-2022-10-26-at-21.23.14-2-768x576.jpeg 768w, https:\/\/blogsaverroes.juntadeandalucia.es\/ceperguamenze\/files\/2022\/10\/WhatsApp-Image-2022-10-26-at-21.23.14-2-1536x1152.jpeg 1536w\" sizes=\"(max-width: 1600px) 100vw, 1600px\" \/><\/a><p id=\"caption-attachment-3405\" class=\"wp-caption-text\">Juan Antonio, Belinda e Isabel se cubren del intenso sol frente a la casa del poeta Miguel Hern\u00e1ndez<\/p><\/div>\n<div id=\"attachment_3406\" style=\"width: 1610px\" class=\"wp-caption alignnone\"><a href=\"https:\/\/blogsaverroes.juntadeandalucia.es\/ceperguamenze\/files\/2022\/10\/WhatsApp-Image-2022-10-26-at-21.23.14-1.jpeg\"><img loading=\"lazy\" decoding=\"async\" aria-describedby=\"caption-attachment-3406\" class=\"size-full wp-image-3406\" src=\"https:\/\/blogsaverroes.juntadeandalucia.es\/ceperguamenze\/files\/2022\/10\/WhatsApp-Image-2022-10-26-at-21.23.14-1.jpeg\" alt=\"\" width=\"1600\" height=\"1200\" srcset=\"https:\/\/blogsaverroes.juntadeandalucia.es\/ceperguamenze\/files\/2022\/10\/WhatsApp-Image-2022-10-26-at-21.23.14-1.jpeg 1600w, https:\/\/blogsaverroes.juntadeandalucia.es\/ceperguamenze\/files\/2022\/10\/WhatsApp-Image-2022-10-26-at-21.23.14-1-300x225.jpeg 300w, https:\/\/blogsaverroes.juntadeandalucia.es\/ceperguamenze\/files\/2022\/10\/WhatsApp-Image-2022-10-26-at-21.23.14-1-1024x768.jpeg 1024w, https:\/\/blogsaverroes.juntadeandalucia.es\/ceperguamenze\/files\/2022\/10\/WhatsApp-Image-2022-10-26-at-21.23.14-1-768x576.jpeg 768w, https:\/\/blogsaverroes.juntadeandalucia.es\/ceperguamenze\/files\/2022\/10\/WhatsApp-Image-2022-10-26-at-21.23.14-1-1536x1152.jpeg 1536w\" sizes=\"(max-width: 1600px) 100vw, 1600px\" \/><\/a><p id=\"caption-attachment-3406\" class=\"wp-caption-text\">El grupo escuchando la \u00fanica grabaci\u00f3n de audio original de Miguel Hern\u00e1ndez<\/p><\/div>\n<div id=\"attachment_3407\" style=\"width: 1610px\" class=\"wp-caption alignnone\"><a href=\"https:\/\/blogsaverroes.juntadeandalucia.es\/ceperguamenze\/files\/2022\/10\/WhatsApp-Image-2022-10-26-at-21.23.14.jpeg\"><img loading=\"lazy\" decoding=\"async\" aria-describedby=\"caption-attachment-3407\" class=\"size-full wp-image-3407\" src=\"https:\/\/blogsaverroes.juntadeandalucia.es\/ceperguamenze\/files\/2022\/10\/WhatsApp-Image-2022-10-26-at-21.23.14.jpeg\" alt=\"\" width=\"1600\" height=\"1200\" srcset=\"https:\/\/blogsaverroes.juntadeandalucia.es\/ceperguamenze\/files\/2022\/10\/WhatsApp-Image-2022-10-26-at-21.23.14.jpeg 1600w, https:\/\/blogsaverroes.juntadeandalucia.es\/ceperguamenze\/files\/2022\/10\/WhatsApp-Image-2022-10-26-at-21.23.14-300x225.jpeg 300w, https:\/\/blogsaverroes.juntadeandalucia.es\/ceperguamenze\/files\/2022\/10\/WhatsApp-Image-2022-10-26-at-21.23.14-1024x768.jpeg 1024w, https:\/\/blogsaverroes.juntadeandalucia.es\/ceperguamenze\/files\/2022\/10\/WhatsApp-Image-2022-10-26-at-21.23.14-768x576.jpeg 768w, https:\/\/blogsaverroes.juntadeandalucia.es\/ceperguamenze\/files\/2022\/10\/WhatsApp-Image-2022-10-26-at-21.23.14-1536x1152.jpeg 1536w\" sizes=\"(max-width: 1600px) 100vw, 1600px\" \/><\/a><p id=\"caption-attachment-3407\" class=\"wp-caption-text\">Angelita, Trini, Carmen, Paqui, Encarna, Mar\u00eda y Mari en el patio de la casa de Miguel Hern\u00e1ndez<\/p><\/div>\n<div id=\"attachment_3408\" style=\"width: 1610px\" class=\"wp-caption alignnone\"><a href=\"https:\/\/blogsaverroes.juntadeandalucia.es\/ceperguamenze\/files\/2022\/10\/WhatsApp-Image-2022-10-26-at-21.23.15-4.jpeg\"><img loading=\"lazy\" decoding=\"async\" aria-describedby=\"caption-attachment-3408\" class=\"size-full wp-image-3408\" src=\"https:\/\/blogsaverroes.juntadeandalucia.es\/ceperguamenze\/files\/2022\/10\/WhatsApp-Image-2022-10-26-at-21.23.15-4.jpeg\" alt=\"\" width=\"1600\" height=\"1200\" srcset=\"https:\/\/blogsaverroes.juntadeandalucia.es\/ceperguamenze\/files\/2022\/10\/WhatsApp-Image-2022-10-26-at-21.23.15-4.jpeg 1600w, https:\/\/blogsaverroes.juntadeandalucia.es\/ceperguamenze\/files\/2022\/10\/WhatsApp-Image-2022-10-26-at-21.23.15-4-300x225.jpeg 300w, https:\/\/blogsaverroes.juntadeandalucia.es\/ceperguamenze\/files\/2022\/10\/WhatsApp-Image-2022-10-26-at-21.23.15-4-1024x768.jpeg 1024w, https:\/\/blogsaverroes.juntadeandalucia.es\/ceperguamenze\/files\/2022\/10\/WhatsApp-Image-2022-10-26-at-21.23.15-4-768x576.jpeg 768w, https:\/\/blogsaverroes.juntadeandalucia.es\/ceperguamenze\/files\/2022\/10\/WhatsApp-Image-2022-10-26-at-21.23.15-4-1536x1152.jpeg 1536w\" sizes=\"(max-width: 1600px) 100vw, 1600px\" \/><\/a><p id=\"caption-attachment-3408\" class=\"wp-caption-text\">Pepe, Alfonso, Pepe, Amparo y Nati en uno de los claustros del colegio diocesano de Orihuela<\/p><\/div>\n<div id=\"attachment_3409\" style=\"width: 1610px\" class=\"wp-caption alignnone\"><a href=\"https:\/\/blogsaverroes.juntadeandalucia.es\/ceperguamenze\/files\/2022\/10\/WhatsApp-Image-2022-10-26-at-21.23.15-3.jpeg\"><img loading=\"lazy\" decoding=\"async\" aria-describedby=\"caption-attachment-3409\" class=\"size-full wp-image-3409\" src=\"https:\/\/blogsaverroes.juntadeandalucia.es\/ceperguamenze\/files\/2022\/10\/WhatsApp-Image-2022-10-26-at-21.23.15-3.jpeg\" alt=\"\" width=\"1600\" height=\"1200\" srcset=\"https:\/\/blogsaverroes.juntadeandalucia.es\/ceperguamenze\/files\/2022\/10\/WhatsApp-Image-2022-10-26-at-21.23.15-3.jpeg 1600w, https:\/\/blogsaverroes.juntadeandalucia.es\/ceperguamenze\/files\/2022\/10\/WhatsApp-Image-2022-10-26-at-21.23.15-3-300x225.jpeg 300w, https:\/\/blogsaverroes.juntadeandalucia.es\/ceperguamenze\/files\/2022\/10\/WhatsApp-Image-2022-10-26-at-21.23.15-3-1024x768.jpeg 1024w, https:\/\/blogsaverroes.juntadeandalucia.es\/ceperguamenze\/files\/2022\/10\/WhatsApp-Image-2022-10-26-at-21.23.15-3-768x576.jpeg 768w, https:\/\/blogsaverroes.juntadeandalucia.es\/ceperguamenze\/files\/2022\/10\/WhatsApp-Image-2022-10-26-at-21.23.15-3-1536x1152.jpeg 1536w\" sizes=\"(max-width: 1600px) 100vw, 1600px\" \/><\/a><p id=\"caption-attachment-3409\" class=\"wp-caption-text\">Cloti, Mari, Pedro, Belinda y Mar\u00eda escuchan con atenci\u00f3n las explicaciones de No\u00e9<\/p><\/div>\n<div id=\"attachment_3410\" style=\"width: 1610px\" class=\"wp-caption alignnone\"><a href=\"https:\/\/blogsaverroes.juntadeandalucia.es\/ceperguamenze\/files\/2022\/10\/WhatsApp-Image-2022-10-26-at-21.23.15-2.jpeg\"><img loading=\"lazy\" decoding=\"async\" aria-describedby=\"caption-attachment-3410\" class=\"size-full wp-image-3410\" src=\"https:\/\/blogsaverroes.juntadeandalucia.es\/ceperguamenze\/files\/2022\/10\/WhatsApp-Image-2022-10-26-at-21.23.15-2.jpeg\" alt=\"\" width=\"1600\" height=\"1200\" srcset=\"https:\/\/blogsaverroes.juntadeandalucia.es\/ceperguamenze\/files\/2022\/10\/WhatsApp-Image-2022-10-26-at-21.23.15-2.jpeg 1600w, https:\/\/blogsaverroes.juntadeandalucia.es\/ceperguamenze\/files\/2022\/10\/WhatsApp-Image-2022-10-26-at-21.23.15-2-300x225.jpeg 300w, https:\/\/blogsaverroes.juntadeandalucia.es\/ceperguamenze\/files\/2022\/10\/WhatsApp-Image-2022-10-26-at-21.23.15-2-1024x768.jpeg 1024w, https:\/\/blogsaverroes.juntadeandalucia.es\/ceperguamenze\/files\/2022\/10\/WhatsApp-Image-2022-10-26-at-21.23.15-2-768x576.jpeg 768w, https:\/\/blogsaverroes.juntadeandalucia.es\/ceperguamenze\/files\/2022\/10\/WhatsApp-Image-2022-10-26-at-21.23.15-2-1536x1152.jpeg 1536w\" sizes=\"(max-width: 1600px) 100vw, 1600px\" \/><\/a><p id=\"caption-attachment-3410\" class=\"wp-caption-text\">Claustro de la antigua Universidad de Orihuela<\/p><\/div>\n<div id=\"attachment_3411\" style=\"width: 1610px\" class=\"wp-caption alignnone\"><a href=\"https:\/\/blogsaverroes.juntadeandalucia.es\/ceperguamenze\/files\/2022\/10\/WhatsApp-Image-2022-10-26-at-21.23.15-1.jpeg\"><img loading=\"lazy\" decoding=\"async\" aria-describedby=\"caption-attachment-3411\" class=\"size-full wp-image-3411\" src=\"https:\/\/blogsaverroes.juntadeandalucia.es\/ceperguamenze\/files\/2022\/10\/WhatsApp-Image-2022-10-26-at-21.23.15-1.jpeg\" alt=\"\" width=\"1600\" height=\"1200\" srcset=\"https:\/\/blogsaverroes.juntadeandalucia.es\/ceperguamenze\/files\/2022\/10\/WhatsApp-Image-2022-10-26-at-21.23.15-1.jpeg 1600w, https:\/\/blogsaverroes.juntadeandalucia.es\/ceperguamenze\/files\/2022\/10\/WhatsApp-Image-2022-10-26-at-21.23.15-1-300x225.jpeg 300w, https:\/\/blogsaverroes.juntadeandalucia.es\/ceperguamenze\/files\/2022\/10\/WhatsApp-Image-2022-10-26-at-21.23.15-1-1024x768.jpeg 1024w, https:\/\/blogsaverroes.juntadeandalucia.es\/ceperguamenze\/files\/2022\/10\/WhatsApp-Image-2022-10-26-at-21.23.15-1-768x576.jpeg 768w, https:\/\/blogsaverroes.juntadeandalucia.es\/ceperguamenze\/files\/2022\/10\/WhatsApp-Image-2022-10-26-at-21.23.15-1-1536x1152.jpeg 1536w\" sizes=\"(max-width: 1600px) 100vw, 1600px\" \/><\/a><p id=\"caption-attachment-3411\" class=\"wp-caption-text\">El grupo completo en el claustro de la antigua Universidad de Orihuela<\/p><\/div>\n<div id=\"attachment_3412\" style=\"width: 1610px\" class=\"wp-caption alignnone\"><a href=\"https:\/\/blogsaverroes.juntadeandalucia.es\/ceperguamenze\/files\/2022\/10\/WhatsApp-Image-2022-10-26-at-21.23.15.jpeg\"><img loading=\"lazy\" decoding=\"async\" aria-describedby=\"caption-attachment-3412\" class=\"size-full wp-image-3412\" src=\"https:\/\/blogsaverroes.juntadeandalucia.es\/ceperguamenze\/files\/2022\/10\/WhatsApp-Image-2022-10-26-at-21.23.15.jpeg\" alt=\"\" width=\"1600\" height=\"1200\" srcset=\"https:\/\/blogsaverroes.juntadeandalucia.es\/ceperguamenze\/files\/2022\/10\/WhatsApp-Image-2022-10-26-at-21.23.15.jpeg 1600w, https:\/\/blogsaverroes.juntadeandalucia.es\/ceperguamenze\/files\/2022\/10\/WhatsApp-Image-2022-10-26-at-21.23.15-300x225.jpeg 300w, https:\/\/blogsaverroes.juntadeandalucia.es\/ceperguamenze\/files\/2022\/10\/WhatsApp-Image-2022-10-26-at-21.23.15-1024x768.jpeg 1024w, https:\/\/blogsaverroes.juntadeandalucia.es\/ceperguamenze\/files\/2022\/10\/WhatsApp-Image-2022-10-26-at-21.23.15-768x576.jpeg 768w, https:\/\/blogsaverroes.juntadeandalucia.es\/ceperguamenze\/files\/2022\/10\/WhatsApp-Image-2022-10-26-at-21.23.15-1536x1152.jpeg 1536w\" sizes=\"(max-width: 1600px) 100vw, 1600px\" \/><\/a><p id=\"caption-attachment-3412\" class=\"wp-caption-text\">Jos\u00e9 Antonio fotograf\u00eda cada rinc\u00f3n<\/p><\/div>\n<div id=\"attachment_3413\" style=\"width: 1610px\" class=\"wp-caption alignnone\"><a href=\"https:\/\/blogsaverroes.juntadeandalucia.es\/ceperguamenze\/files\/2022\/10\/WhatsApp-Image-2022-10-26-at-21.23.16-4.jpeg\"><img loading=\"lazy\" decoding=\"async\" aria-describedby=\"caption-attachment-3413\" class=\"size-full wp-image-3413\" src=\"https:\/\/blogsaverroes.juntadeandalucia.es\/ceperguamenze\/files\/2022\/10\/WhatsApp-Image-2022-10-26-at-21.23.16-4.jpeg\" alt=\"\" width=\"1600\" height=\"1200\" srcset=\"https:\/\/blogsaverroes.juntadeandalucia.es\/ceperguamenze\/files\/2022\/10\/WhatsApp-Image-2022-10-26-at-21.23.16-4.jpeg 1600w, https:\/\/blogsaverroes.juntadeandalucia.es\/ceperguamenze\/files\/2022\/10\/WhatsApp-Image-2022-10-26-at-21.23.16-4-300x225.jpeg 300w, https:\/\/blogsaverroes.juntadeandalucia.es\/ceperguamenze\/files\/2022\/10\/WhatsApp-Image-2022-10-26-at-21.23.16-4-1024x768.jpeg 1024w, https:\/\/blogsaverroes.juntadeandalucia.es\/ceperguamenze\/files\/2022\/10\/WhatsApp-Image-2022-10-26-at-21.23.16-4-768x576.jpeg 768w, https:\/\/blogsaverroes.juntadeandalucia.es\/ceperguamenze\/files\/2022\/10\/WhatsApp-Image-2022-10-26-at-21.23.16-4-1536x1152.jpeg 1536w\" sizes=\"(max-width: 1600px) 100vw, 1600px\" \/><\/a><p id=\"caption-attachment-3413\" class=\"wp-caption-text\">Mar\u00eda, Paqui y Miguel posan frente al claustro trasladado junto a la catedral de Orihuela<\/p><\/div>\n<div id=\"attachment_3414\" style=\"width: 1610px\" class=\"wp-caption alignnone\"><a href=\"https:\/\/blogsaverroes.juntadeandalucia.es\/ceperguamenze\/files\/2022\/10\/WhatsApp-Image-2022-10-26-at-21.23.16-3.jpeg\"><img loading=\"lazy\" decoding=\"async\" aria-describedby=\"caption-attachment-3414\" class=\"size-full wp-image-3414\" src=\"https:\/\/blogsaverroes.juntadeandalucia.es\/ceperguamenze\/files\/2022\/10\/WhatsApp-Image-2022-10-26-at-21.23.16-3.jpeg\" alt=\"\" width=\"1600\" height=\"1200\" srcset=\"https:\/\/blogsaverroes.juntadeandalucia.es\/ceperguamenze\/files\/2022\/10\/WhatsApp-Image-2022-10-26-at-21.23.16-3.jpeg 1600w, https:\/\/blogsaverroes.juntadeandalucia.es\/ceperguamenze\/files\/2022\/10\/WhatsApp-Image-2022-10-26-at-21.23.16-3-300x225.jpeg 300w, https:\/\/blogsaverroes.juntadeandalucia.es\/ceperguamenze\/files\/2022\/10\/WhatsApp-Image-2022-10-26-at-21.23.16-3-1024x768.jpeg 1024w, https:\/\/blogsaverroes.juntadeandalucia.es\/ceperguamenze\/files\/2022\/10\/WhatsApp-Image-2022-10-26-at-21.23.16-3-768x576.jpeg 768w, https:\/\/blogsaverroes.juntadeandalucia.es\/ceperguamenze\/files\/2022\/10\/WhatsApp-Image-2022-10-26-at-21.23.16-3-1536x1152.jpeg 1536w\" sizes=\"(max-width: 1600px) 100vw, 1600px\" \/><\/a><p id=\"caption-attachment-3414\" class=\"wp-caption-text\">Nati, Pepe y Amparo en la puerta de la m\u00fasica de la catedral de Orihuela<\/p><\/div>\n<div id=\"attachment_3415\" style=\"width: 1610px\" class=\"wp-caption alignnone\"><a href=\"https:\/\/blogsaverroes.juntadeandalucia.es\/ceperguamenze\/files\/2022\/10\/WhatsApp-Image-2022-10-26-at-21.23.16-2.jpeg\"><img loading=\"lazy\" decoding=\"async\" aria-describedby=\"caption-attachment-3415\" class=\"size-full wp-image-3415\" src=\"https:\/\/blogsaverroes.juntadeandalucia.es\/ceperguamenze\/files\/2022\/10\/WhatsApp-Image-2022-10-26-at-21.23.16-2.jpeg\" alt=\"\" width=\"1600\" height=\"1200\" srcset=\"https:\/\/blogsaverroes.juntadeandalucia.es\/ceperguamenze\/files\/2022\/10\/WhatsApp-Image-2022-10-26-at-21.23.16-2.jpeg 1600w, https:\/\/blogsaverroes.juntadeandalucia.es\/ceperguamenze\/files\/2022\/10\/WhatsApp-Image-2022-10-26-at-21.23.16-2-300x225.jpeg 300w, https:\/\/blogsaverroes.juntadeandalucia.es\/ceperguamenze\/files\/2022\/10\/WhatsApp-Image-2022-10-26-at-21.23.16-2-1024x768.jpeg 1024w, https:\/\/blogsaverroes.juntadeandalucia.es\/ceperguamenze\/files\/2022\/10\/WhatsApp-Image-2022-10-26-at-21.23.16-2-768x576.jpeg 768w, https:\/\/blogsaverroes.juntadeandalucia.es\/ceperguamenze\/files\/2022\/10\/WhatsApp-Image-2022-10-26-at-21.23.16-2-1536x1152.jpeg 1536w\" sizes=\"(max-width: 1600px) 100vw, 1600px\" \/><\/a><p id=\"caption-attachment-3415\" class=\"wp-caption-text\">El grupo en la entrada de la catedral de Orihuela<\/p><\/div>\n<div id=\"attachment_3416\" style=\"width: 1610px\" class=\"wp-caption alignnone\"><a href=\"https:\/\/blogsaverroes.juntadeandalucia.es\/ceperguamenze\/files\/2022\/10\/WhatsApp-Image-2022-10-26-at-21.23.16-1.jpeg\"><img loading=\"lazy\" decoding=\"async\" aria-describedby=\"caption-attachment-3416\" class=\"size-full wp-image-3416\" src=\"https:\/\/blogsaverroes.juntadeandalucia.es\/ceperguamenze\/files\/2022\/10\/WhatsApp-Image-2022-10-26-at-21.23.16-1.jpeg\" alt=\"\" width=\"1600\" height=\"1200\" srcset=\"https:\/\/blogsaverroes.juntadeandalucia.es\/ceperguamenze\/files\/2022\/10\/WhatsApp-Image-2022-10-26-at-21.23.16-1.jpeg 1600w, https:\/\/blogsaverroes.juntadeandalucia.es\/ceperguamenze\/files\/2022\/10\/WhatsApp-Image-2022-10-26-at-21.23.16-1-300x225.jpeg 300w, https:\/\/blogsaverroes.juntadeandalucia.es\/ceperguamenze\/files\/2022\/10\/WhatsApp-Image-2022-10-26-at-21.23.16-1-1024x768.jpeg 1024w, https:\/\/blogsaverroes.juntadeandalucia.es\/ceperguamenze\/files\/2022\/10\/WhatsApp-Image-2022-10-26-at-21.23.16-1-768x576.jpeg 768w, https:\/\/blogsaverroes.juntadeandalucia.es\/ceperguamenze\/files\/2022\/10\/WhatsApp-Image-2022-10-26-at-21.23.16-1-1536x1152.jpeg 1536w\" sizes=\"(max-width: 1600px) 100vw, 1600px\" \/><\/a><p id=\"caption-attachment-3416\" class=\"wp-caption-text\">Encarna, Pepi, Margarita, \u00c1ngeles, Encarnita, Encarnaci\u00f3n y Maribel ilusionadas con la belleza de la catedral de Orihuela.<\/p><\/div>\n<div id=\"attachment_3417\" style=\"width: 1610px\" class=\"wp-caption alignnone\"><a href=\"https:\/\/blogsaverroes.juntadeandalucia.es\/ceperguamenze\/files\/2022\/10\/WhatsApp-Image-2022-10-26-at-21.23.16.jpeg\"><img loading=\"lazy\" decoding=\"async\" aria-describedby=\"caption-attachment-3417\" class=\"size-full wp-image-3417\" src=\"https:\/\/blogsaverroes.juntadeandalucia.es\/ceperguamenze\/files\/2022\/10\/WhatsApp-Image-2022-10-26-at-21.23.16.jpeg\" alt=\"\" width=\"1600\" height=\"1200\" srcset=\"https:\/\/blogsaverroes.juntadeandalucia.es\/ceperguamenze\/files\/2022\/10\/WhatsApp-Image-2022-10-26-at-21.23.16.jpeg 1600w, https:\/\/blogsaverroes.juntadeandalucia.es\/ceperguamenze\/files\/2022\/10\/WhatsApp-Image-2022-10-26-at-21.23.16-300x225.jpeg 300w, https:\/\/blogsaverroes.juntadeandalucia.es\/ceperguamenze\/files\/2022\/10\/WhatsApp-Image-2022-10-26-at-21.23.16-1024x768.jpeg 1024w, https:\/\/blogsaverroes.juntadeandalucia.es\/ceperguamenze\/files\/2022\/10\/WhatsApp-Image-2022-10-26-at-21.23.16-768x576.jpeg 768w, https:\/\/blogsaverroes.juntadeandalucia.es\/ceperguamenze\/files\/2022\/10\/WhatsApp-Image-2022-10-26-at-21.23.16-1536x1152.jpeg 1536w\" sizes=\"(max-width: 1600px) 100vw, 1600px\" \/><\/a><p id=\"caption-attachment-3417\" class=\"wp-caption-text\">La gu\u00eda de Calpe, Francisca, nos habla sobre la provincia de Alicante ayud\u00e1ndose de unos murales en las paredes.<\/p><\/div>\n<div id=\"attachment_3418\" style=\"width: 1610px\" class=\"wp-caption alignnone\"><a href=\"https:\/\/blogsaverroes.juntadeandalucia.es\/ceperguamenze\/files\/2022\/10\/WhatsApp-Image-2022-10-26-at-21.23.17-2.jpeg\"><img loading=\"lazy\" decoding=\"async\" aria-describedby=\"caption-attachment-3418\" class=\"size-full wp-image-3418\" src=\"https:\/\/blogsaverroes.juntadeandalucia.es\/ceperguamenze\/files\/2022\/10\/WhatsApp-Image-2022-10-26-at-21.23.17-2.jpeg\" alt=\"\" width=\"1600\" height=\"1200\" srcset=\"https:\/\/blogsaverroes.juntadeandalucia.es\/ceperguamenze\/files\/2022\/10\/WhatsApp-Image-2022-10-26-at-21.23.17-2.jpeg 1600w, https:\/\/blogsaverroes.juntadeandalucia.es\/ceperguamenze\/files\/2022\/10\/WhatsApp-Image-2022-10-26-at-21.23.17-2-300x225.jpeg 300w, https:\/\/blogsaverroes.juntadeandalucia.es\/ceperguamenze\/files\/2022\/10\/WhatsApp-Image-2022-10-26-at-21.23.17-2-1024x768.jpeg 1024w, https:\/\/blogsaverroes.juntadeandalucia.es\/ceperguamenze\/files\/2022\/10\/WhatsApp-Image-2022-10-26-at-21.23.17-2-768x576.jpeg 768w, https:\/\/blogsaverroes.juntadeandalucia.es\/ceperguamenze\/files\/2022\/10\/WhatsApp-Image-2022-10-26-at-21.23.17-2-1536x1152.jpeg 1536w\" sizes=\"(max-width: 1600px) 100vw, 1600px\" \/><\/a><p id=\"caption-attachment-3418\" class=\"wp-caption-text\">El grupo posa frente a un mural que relata de historia de &#8220;moros y cristianos&#8221;<\/p><\/div>\n<div id=\"attachment_3419\" style=\"width: 1610px\" class=\"wp-caption alignnone\"><a href=\"https:\/\/blogsaverroes.juntadeandalucia.es\/ceperguamenze\/files\/2022\/10\/WhatsApp-Image-2022-10-26-at-21.23.17-1.jpeg\"><img loading=\"lazy\" decoding=\"async\" aria-describedby=\"caption-attachment-3419\" class=\"size-full wp-image-3419\" src=\"https:\/\/blogsaverroes.juntadeandalucia.es\/ceperguamenze\/files\/2022\/10\/WhatsApp-Image-2022-10-26-at-21.23.17-1.jpeg\" alt=\"\" width=\"1600\" height=\"1200\" srcset=\"https:\/\/blogsaverroes.juntadeandalucia.es\/ceperguamenze\/files\/2022\/10\/WhatsApp-Image-2022-10-26-at-21.23.17-1.jpeg 1600w, https:\/\/blogsaverroes.juntadeandalucia.es\/ceperguamenze\/files\/2022\/10\/WhatsApp-Image-2022-10-26-at-21.23.17-1-300x225.jpeg 300w, https:\/\/blogsaverroes.juntadeandalucia.es\/ceperguamenze\/files\/2022\/10\/WhatsApp-Image-2022-10-26-at-21.23.17-1-1024x768.jpeg 1024w, https:\/\/blogsaverroes.juntadeandalucia.es\/ceperguamenze\/files\/2022\/10\/WhatsApp-Image-2022-10-26-at-21.23.17-1-768x576.jpeg 768w, https:\/\/blogsaverroes.juntadeandalucia.es\/ceperguamenze\/files\/2022\/10\/WhatsApp-Image-2022-10-26-at-21.23.17-1-1536x1152.jpeg 1536w\" sizes=\"(max-width: 1600px) 100vw, 1600px\" \/><\/a><p id=\"caption-attachment-3419\" class=\"wp-caption-text\">Bonita foto frente al castillo de Calpe<\/p><\/div>\n<div id=\"attachment_3420\" style=\"width: 1210px\" class=\"wp-caption alignnone\"><a href=\"https:\/\/blogsaverroes.juntadeandalucia.es\/ceperguamenze\/files\/2022\/10\/WhatsApp-Image-2022-10-26-at-21.23.17.jpeg\"><img loading=\"lazy\" decoding=\"async\" aria-describedby=\"caption-attachment-3420\" class=\"size-full wp-image-3420\" src=\"https:\/\/blogsaverroes.juntadeandalucia.es\/ceperguamenze\/files\/2022\/10\/WhatsApp-Image-2022-10-26-at-21.23.17.jpeg\" alt=\"\" width=\"1200\" height=\"1600\" srcset=\"https:\/\/blogsaverroes.juntadeandalucia.es\/ceperguamenze\/files\/2022\/10\/WhatsApp-Image-2022-10-26-at-21.23.17.jpeg 1200w, https:\/\/blogsaverroes.juntadeandalucia.es\/ceperguamenze\/files\/2022\/10\/WhatsApp-Image-2022-10-26-at-21.23.17-225x300.jpeg 225w, https:\/\/blogsaverroes.juntadeandalucia.es\/ceperguamenze\/files\/2022\/10\/WhatsApp-Image-2022-10-26-at-21.23.17-768x1024.jpeg 768w, https:\/\/blogsaverroes.juntadeandalucia.es\/ceperguamenze\/files\/2022\/10\/WhatsApp-Image-2022-10-26-at-21.23.17-1152x1536.jpeg 1152w\" sizes=\"(max-width: 1200px) 100vw, 1200px\" \/><\/a><p id=\"caption-attachment-3420\" class=\"wp-caption-text\">Pepe y Amparo a las puertas del castillo de Calpe<\/p><\/div>\n<div id=\"attachment_3421\" style=\"width: 1610px\" class=\"wp-caption alignnone\"><a href=\"https:\/\/blogsaverroes.juntadeandalucia.es\/ceperguamenze\/files\/2022\/10\/WhatsApp-Image-2022-10-26-at-21.23.18-2.jpeg\"><img loading=\"lazy\" decoding=\"async\" aria-describedby=\"caption-attachment-3421\" class=\"size-full wp-image-3421\" src=\"https:\/\/blogsaverroes.juntadeandalucia.es\/ceperguamenze\/files\/2022\/10\/WhatsApp-Image-2022-10-26-at-21.23.18-2.jpeg\" alt=\"\" width=\"1600\" height=\"1200\" srcset=\"https:\/\/blogsaverroes.juntadeandalucia.es\/ceperguamenze\/files\/2022\/10\/WhatsApp-Image-2022-10-26-at-21.23.18-2.jpeg 1600w, https:\/\/blogsaverroes.juntadeandalucia.es\/ceperguamenze\/files\/2022\/10\/WhatsApp-Image-2022-10-26-at-21.23.18-2-300x225.jpeg 300w, https:\/\/blogsaverroes.juntadeandalucia.es\/ceperguamenze\/files\/2022\/10\/WhatsApp-Image-2022-10-26-at-21.23.18-2-1024x768.jpeg 1024w, https:\/\/blogsaverroes.juntadeandalucia.es\/ceperguamenze\/files\/2022\/10\/WhatsApp-Image-2022-10-26-at-21.23.18-2-768x576.jpeg 768w, https:\/\/blogsaverroes.juntadeandalucia.es\/ceperguamenze\/files\/2022\/10\/WhatsApp-Image-2022-10-26-at-21.23.18-2-1536x1152.jpeg 1536w\" sizes=\"(max-width: 1600px) 100vw, 1600px\" \/><\/a><p id=\"caption-attachment-3421\" class=\"wp-caption-text\">Pepe, Jos\u00e9 Antonio, Mari, Cloti, \u00c1ngeles, Angelita, Nati e Isa, frente una iglesia en el centro de Calpe<\/p><\/div>\n<div id=\"attachment_3422\" style=\"width: 1610px\" class=\"wp-caption alignnone\"><a href=\"https:\/\/blogsaverroes.juntadeandalucia.es\/ceperguamenze\/files\/2022\/10\/WhatsApp-Image-2022-10-26-at-21.23.18-1.jpeg\"><img loading=\"lazy\" decoding=\"async\" aria-describedby=\"caption-attachment-3422\" class=\"size-full wp-image-3422\" src=\"https:\/\/blogsaverroes.juntadeandalucia.es\/ceperguamenze\/files\/2022\/10\/WhatsApp-Image-2022-10-26-at-21.23.18-1.jpeg\" alt=\"\" width=\"1600\" height=\"1200\" srcset=\"https:\/\/blogsaverroes.juntadeandalucia.es\/ceperguamenze\/files\/2022\/10\/WhatsApp-Image-2022-10-26-at-21.23.18-1.jpeg 1600w, https:\/\/blogsaverroes.juntadeandalucia.es\/ceperguamenze\/files\/2022\/10\/WhatsApp-Image-2022-10-26-at-21.23.18-1-300x225.jpeg 300w, https:\/\/blogsaverroes.juntadeandalucia.es\/ceperguamenze\/files\/2022\/10\/WhatsApp-Image-2022-10-26-at-21.23.18-1-1024x768.jpeg 1024w, https:\/\/blogsaverroes.juntadeandalucia.es\/ceperguamenze\/files\/2022\/10\/WhatsApp-Image-2022-10-26-at-21.23.18-1-768x576.jpeg 768w, https:\/\/blogsaverroes.juntadeandalucia.es\/ceperguamenze\/files\/2022\/10\/WhatsApp-Image-2022-10-26-at-21.23.18-1-1536x1152.jpeg 1536w\" sizes=\"(max-width: 1600px) 100vw, 1600px\" \/><\/a><p id=\"caption-attachment-3422\" class=\"wp-caption-text\">El grupo se ha desplazado en autub\u00fas con su maestro Miguel, responsable de viaje, y Alicia, acompa\u00f1ante de grupo<\/p><\/div>\n<div id=\"attachment_3423\" style=\"width: 1610px\" class=\"wp-caption alignnone\"><a href=\"https:\/\/blogsaverroes.juntadeandalucia.es\/ceperguamenze\/files\/2022\/10\/WhatsApp-Image-2022-10-26-at-21.23.18.jpeg\"><img loading=\"lazy\" decoding=\"async\" aria-describedby=\"caption-attachment-3423\" class=\"size-full wp-image-3423\" src=\"https:\/\/blogsaverroes.juntadeandalucia.es\/ceperguamenze\/files\/2022\/10\/WhatsApp-Image-2022-10-26-at-21.23.18.jpeg\" alt=\"\" width=\"1600\" height=\"1200\" srcset=\"https:\/\/blogsaverroes.juntadeandalucia.es\/ceperguamenze\/files\/2022\/10\/WhatsApp-Image-2022-10-26-at-21.23.18.jpeg 1600w, https:\/\/blogsaverroes.juntadeandalucia.es\/ceperguamenze\/files\/2022\/10\/WhatsApp-Image-2022-10-26-at-21.23.18-300x225.jpeg 300w, https:\/\/blogsaverroes.juntadeandalucia.es\/ceperguamenze\/files\/2022\/10\/WhatsApp-Image-2022-10-26-at-21.23.18-1024x768.jpeg 1024w, https:\/\/blogsaverroes.juntadeandalucia.es\/ceperguamenze\/files\/2022\/10\/WhatsApp-Image-2022-10-26-at-21.23.18-768x576.jpeg 768w, https:\/\/blogsaverroes.juntadeandalucia.es\/ceperguamenze\/files\/2022\/10\/WhatsApp-Image-2022-10-26-at-21.23.18-1536x1152.jpeg 1536w\" sizes=\"(max-width: 1600px) 100vw, 1600px\" \/><\/a><p id=\"caption-attachment-3423\" class=\"wp-caption-text\">Al atardecer, pudimos ver las \u00faltimas luces del d\u00eda frente al Pe\u00f1\u00f3n de Ifach, en Calpe<\/p><\/div>\n<div id=\"attachment_3395\" style=\"width: 1610px\" class=\"wp-caption alignnone\"><a href=\"https:\/\/blogsaverroes.juntadeandalucia.es\/ceperguamenze\/files\/2022\/10\/WhatsApp-Image-2022-10-27-at-10.14.08.jpeg\"><img loading=\"lazy\" decoding=\"async\" aria-describedby=\"caption-attachment-3395\" class=\"size-full wp-image-3395\" src=\"https:\/\/blogsaverroes.juntadeandalucia.es\/ceperguamenze\/files\/2022\/10\/WhatsApp-Image-2022-10-27-at-10.14.08.jpeg\" alt=\"\" width=\"1600\" height=\"1200\" srcset=\"https:\/\/blogsaverroes.juntadeandalucia.es\/ceperguamenze\/files\/2022\/10\/WhatsApp-Image-2022-10-27-at-10.14.08.jpeg 1600w, https:\/\/blogsaverroes.juntadeandalucia.es\/ceperguamenze\/files\/2022\/10\/WhatsApp-Image-2022-10-27-at-10.14.08-300x225.jpeg 300w, https:\/\/blogsaverroes.juntadeandalucia.es\/ceperguamenze\/files\/2022\/10\/WhatsApp-Image-2022-10-27-at-10.14.08-1024x768.jpeg 1024w, https:\/\/blogsaverroes.juntadeandalucia.es\/ceperguamenze\/files\/2022\/10\/WhatsApp-Image-2022-10-27-at-10.14.08-768x576.jpeg 768w, https:\/\/blogsaverroes.juntadeandalucia.es\/ceperguamenze\/files\/2022\/10\/WhatsApp-Image-2022-10-27-at-10.14.08-1536x1152.jpeg 1536w\" sizes=\"(max-width: 1600px) 100vw, 1600px\" \/><\/a><p id=\"caption-attachment-3395\" class=\"wp-caption-text\">El grupo acompa\u00f1ado del capit\u00e1n Playmobil en Denia<\/p><\/div>\n<div id=\"attachment_3426\" style=\"width: 1210px\" class=\"wp-caption alignnone\"><a href=\"https:\/\/blogsaverroes.juntadeandalucia.es\/ceperguamenze\/files\/2022\/10\/WhatsApp-Image-2022-10-27-at-13.46.18-3.jpeg\"><img loading=\"lazy\" decoding=\"async\" aria-describedby=\"caption-attachment-3426\" class=\"size-full wp-image-3426\" src=\"https:\/\/blogsaverroes.juntadeandalucia.es\/ceperguamenze\/files\/2022\/10\/WhatsApp-Image-2022-10-27-at-13.46.18-3.jpeg\" alt=\"\" width=\"1200\" height=\"1600\" srcset=\"https:\/\/blogsaverroes.juntadeandalucia.es\/ceperguamenze\/files\/2022\/10\/WhatsApp-Image-2022-10-27-at-13.46.18-3.jpeg 1200w, https:\/\/blogsaverroes.juntadeandalucia.es\/ceperguamenze\/files\/2022\/10\/WhatsApp-Image-2022-10-27-at-13.46.18-3-225x300.jpeg 225w, https:\/\/blogsaverroes.juntadeandalucia.es\/ceperguamenze\/files\/2022\/10\/WhatsApp-Image-2022-10-27-at-13.46.18-3-768x1024.jpeg 768w, https:\/\/blogsaverroes.juntadeandalucia.es\/ceperguamenze\/files\/2022\/10\/WhatsApp-Image-2022-10-27-at-13.46.18-3-1152x1536.jpeg 1152w\" sizes=\"(max-width: 1200px) 100vw, 1200px\" \/><\/a><p id=\"caption-attachment-3426\" class=\"wp-caption-text\">Alfonso, Mari, Cloti, Miguel, Juan Antonio, Pepa, Pepe, Encarna, Maribel y Belinda abren apetito paseando por el Street Food Market en Denia<\/p><\/div>\n<div id=\"attachment_3427\" style=\"width: 1610px\" class=\"wp-caption alignnone\"><a href=\"https:\/\/blogsaverroes.juntadeandalucia.es\/ceperguamenze\/files\/2022\/10\/WhatsApp-Image-2022-10-27-at-13.46.18-2.jpeg\"><img loading=\"lazy\" decoding=\"async\" aria-describedby=\"caption-attachment-3427\" class=\"size-full wp-image-3427\" src=\"https:\/\/blogsaverroes.juntadeandalucia.es\/ceperguamenze\/files\/2022\/10\/WhatsApp-Image-2022-10-27-at-13.46.18-2.jpeg\" alt=\"\" width=\"1600\" height=\"1200\" srcset=\"https:\/\/blogsaverroes.juntadeandalucia.es\/ceperguamenze\/files\/2022\/10\/WhatsApp-Image-2022-10-27-at-13.46.18-2.jpeg 1600w, https:\/\/blogsaverroes.juntadeandalucia.es\/ceperguamenze\/files\/2022\/10\/WhatsApp-Image-2022-10-27-at-13.46.18-2-300x225.jpeg 300w, https:\/\/blogsaverroes.juntadeandalucia.es\/ceperguamenze\/files\/2022\/10\/WhatsApp-Image-2022-10-27-at-13.46.18-2-1024x768.jpeg 1024w, https:\/\/blogsaverroes.juntadeandalucia.es\/ceperguamenze\/files\/2022\/10\/WhatsApp-Image-2022-10-27-at-13.46.18-2-768x576.jpeg 768w, https:\/\/blogsaverroes.juntadeandalucia.es\/ceperguamenze\/files\/2022\/10\/WhatsApp-Image-2022-10-27-at-13.46.18-2-1536x1152.jpeg 1536w\" sizes=\"(max-width: 1600px) 100vw, 1600px\" \/><\/a><p id=\"caption-attachment-3427\" class=\"wp-caption-text\">Julio y Loli cierran el grupo a la entrada del tunel que pasa bajo el castillo de Denia<\/p><\/div>\n<div id=\"attachment_3428\" style=\"width: 1610px\" class=\"wp-caption alignnone\"><a href=\"https:\/\/blogsaverroes.juntadeandalucia.es\/ceperguamenze\/files\/2022\/10\/WhatsApp-Image-2022-10-27-at-13.46.18-1.jpeg\"><img loading=\"lazy\" decoding=\"async\" aria-describedby=\"caption-attachment-3428\" class=\"size-full wp-image-3428\" src=\"https:\/\/blogsaverroes.juntadeandalucia.es\/ceperguamenze\/files\/2022\/10\/WhatsApp-Image-2022-10-27-at-13.46.18-1.jpeg\" alt=\"\" width=\"1600\" height=\"1200\" srcset=\"https:\/\/blogsaverroes.juntadeandalucia.es\/ceperguamenze\/files\/2022\/10\/WhatsApp-Image-2022-10-27-at-13.46.18-1.jpeg 1600w, https:\/\/blogsaverroes.juntadeandalucia.es\/ceperguamenze\/files\/2022\/10\/WhatsApp-Image-2022-10-27-at-13.46.18-1-300x225.jpeg 300w, https:\/\/blogsaverroes.juntadeandalucia.es\/ceperguamenze\/files\/2022\/10\/WhatsApp-Image-2022-10-27-at-13.46.18-1-1024x768.jpeg 1024w, https:\/\/blogsaverroes.juntadeandalucia.es\/ceperguamenze\/files\/2022\/10\/WhatsApp-Image-2022-10-27-at-13.46.18-1-768x576.jpeg 768w, https:\/\/blogsaverroes.juntadeandalucia.es\/ceperguamenze\/files\/2022\/10\/WhatsApp-Image-2022-10-27-at-13.46.18-1-1536x1152.jpeg 1536w\" sizes=\"(max-width: 1600px) 100vw, 1600px\" \/><\/a><p id=\"caption-attachment-3428\" class=\"wp-caption-text\">Nos cuenta el gu\u00eda, Guillermo, que anteriormente fue un refugio antia\u00e9reo<\/p><\/div>\n<div id=\"attachment_3429\" style=\"width: 1610px\" class=\"wp-caption alignnone\"><a href=\"https:\/\/blogsaverroes.juntadeandalucia.es\/ceperguamenze\/files\/2022\/10\/WhatsApp-Image-2022-10-27-at-13.46.18.jpeg\"><img loading=\"lazy\" decoding=\"async\" aria-describedby=\"caption-attachment-3429\" class=\"size-full wp-image-3429\" src=\"https:\/\/blogsaverroes.juntadeandalucia.es\/ceperguamenze\/files\/2022\/10\/WhatsApp-Image-2022-10-27-at-13.46.18.jpeg\" alt=\"\" width=\"1600\" height=\"1200\" srcset=\"https:\/\/blogsaverroes.juntadeandalucia.es\/ceperguamenze\/files\/2022\/10\/WhatsApp-Image-2022-10-27-at-13.46.18.jpeg 1600w, https:\/\/blogsaverroes.juntadeandalucia.es\/ceperguamenze\/files\/2022\/10\/WhatsApp-Image-2022-10-27-at-13.46.18-300x225.jpeg 300w, https:\/\/blogsaverroes.juntadeandalucia.es\/ceperguamenze\/files\/2022\/10\/WhatsApp-Image-2022-10-27-at-13.46.18-1024x768.jpeg 1024w, https:\/\/blogsaverroes.juntadeandalucia.es\/ceperguamenze\/files\/2022\/10\/WhatsApp-Image-2022-10-27-at-13.46.18-768x576.jpeg 768w, https:\/\/blogsaverroes.juntadeandalucia.es\/ceperguamenze\/files\/2022\/10\/WhatsApp-Image-2022-10-27-at-13.46.18-1536x1152.jpeg 1536w\" sizes=\"(max-width: 1600px) 100vw, 1600px\" \/><\/a><p id=\"caption-attachment-3429\" class=\"wp-caption-text\">El grupo posa en una de la calles principales de Denia<\/p><\/div>\n<div id=\"attachment_3430\" style=\"width: 1610px\" class=\"wp-caption alignnone\"><a href=\"https:\/\/blogsaverroes.juntadeandalucia.es\/ceperguamenze\/files\/2022\/10\/WhatsApp-Image-2022-10-27-at-13.46.19-1.jpeg\"><img loading=\"lazy\" decoding=\"async\" aria-describedby=\"caption-attachment-3430\" class=\"size-full wp-image-3430\" src=\"https:\/\/blogsaverroes.juntadeandalucia.es\/ceperguamenze\/files\/2022\/10\/WhatsApp-Image-2022-10-27-at-13.46.19-1.jpeg\" alt=\"\" width=\"1600\" height=\"1200\" srcset=\"https:\/\/blogsaverroes.juntadeandalucia.es\/ceperguamenze\/files\/2022\/10\/WhatsApp-Image-2022-10-27-at-13.46.19-1.jpeg 1600w, https:\/\/blogsaverroes.juntadeandalucia.es\/ceperguamenze\/files\/2022\/10\/WhatsApp-Image-2022-10-27-at-13.46.19-1-300x225.jpeg 300w, https:\/\/blogsaverroes.juntadeandalucia.es\/ceperguamenze\/files\/2022\/10\/WhatsApp-Image-2022-10-27-at-13.46.19-1-1024x768.jpeg 1024w, https:\/\/blogsaverroes.juntadeandalucia.es\/ceperguamenze\/files\/2022\/10\/WhatsApp-Image-2022-10-27-at-13.46.19-1-768x576.jpeg 768w, https:\/\/blogsaverroes.juntadeandalucia.es\/ceperguamenze\/files\/2022\/10\/WhatsApp-Image-2022-10-27-at-13.46.19-1-1536x1152.jpeg 1536w\" sizes=\"(max-width: 1600px) 100vw, 1600px\" \/><\/a><p id=\"caption-attachment-3430\" class=\"wp-caption-text\">Pedro a\u00f1ora su bicicleta frente al museo del juguete de Denia<\/p><\/div>\n<div id=\"attachment_3431\" style=\"width: 1610px\" class=\"wp-caption alignnone\"><a href=\"https:\/\/blogsaverroes.juntadeandalucia.es\/ceperguamenze\/files\/2022\/10\/WhatsApp-Image-2022-10-27-at-13.46.19.jpeg\"><img loading=\"lazy\" decoding=\"async\" aria-describedby=\"caption-attachment-3431\" class=\"size-full wp-image-3431\" src=\"https:\/\/blogsaverroes.juntadeandalucia.es\/ceperguamenze\/files\/2022\/10\/WhatsApp-Image-2022-10-27-at-13.46.19.jpeg\" alt=\"\" width=\"1600\" height=\"1200\" srcset=\"https:\/\/blogsaverroes.juntadeandalucia.es\/ceperguamenze\/files\/2022\/10\/WhatsApp-Image-2022-10-27-at-13.46.19.jpeg 1600w, https:\/\/blogsaverroes.juntadeandalucia.es\/ceperguamenze\/files\/2022\/10\/WhatsApp-Image-2022-10-27-at-13.46.19-300x225.jpeg 300w, https:\/\/blogsaverroes.juntadeandalucia.es\/ceperguamenze\/files\/2022\/10\/WhatsApp-Image-2022-10-27-at-13.46.19-1024x768.jpeg 1024w, https:\/\/blogsaverroes.juntadeandalucia.es\/ceperguamenze\/files\/2022\/10\/WhatsApp-Image-2022-10-27-at-13.46.19-768x576.jpeg 768w, https:\/\/blogsaverroes.juntadeandalucia.es\/ceperguamenze\/files\/2022\/10\/WhatsApp-Image-2022-10-27-at-13.46.19-1536x1152.jpeg 1536w\" sizes=\"(max-width: 1600px) 100vw, 1600px\" \/><\/a><p id=\"caption-attachment-3431\" class=\"wp-caption-text\">El grupo respira aromas marinos en el puerto de Denia<\/p><\/div>\n<p><a href=\"https:\/\/blogsaverroes.juntadeandalucia.es\/ceperguamenze\/files\/2022\/10\/WhatsApp-Image-2022-10-27-at-13.45.50.jpeg\"><img loading=\"lazy\" decoding=\"async\" class=\"alignnone size-full wp-image-3396\" src=\"https:\/\/blogsaverroes.juntadeandalucia.es\/ceperguamenze\/files\/2022\/10\/WhatsApp-Image-2022-10-27-at-13.45.50.jpeg\" alt=\"\" width=\"1600\" height=\"1200\" srcset=\"https:\/\/blogsaverroes.juntadeandalucia.es\/ceperguamenze\/files\/2022\/10\/WhatsApp-Image-2022-10-27-at-13.45.50.jpeg 1600w, https:\/\/blogsaverroes.juntadeandalucia.es\/ceperguamenze\/files\/2022\/10\/WhatsApp-Image-2022-10-27-at-13.45.50-300x225.jpeg 300w, https:\/\/blogsaverroes.juntadeandalucia.es\/ceperguamenze\/files\/2022\/10\/WhatsApp-Image-2022-10-27-at-13.45.50-1024x768.jpeg 1024w, https:\/\/blogsaverroes.juntadeandalucia.es\/ceperguamenze\/files\/2022\/10\/WhatsApp-Image-2022-10-27-at-13.45.50-768x576.jpeg 768w, https:\/\/blogsaverroes.juntadeandalucia.es\/ceperguamenze\/files\/2022\/10\/WhatsApp-Image-2022-10-27-at-13.45.50-1536x1152.jpeg 1536w\" sizes=\"(max-width: 1600px) 100vw, 1600px\" \/><\/a><\/p>\n<p>El grupo ascendiendo las escaleras de la catedral de J\u00e1vea<\/p>\n<div id=\"attachment_3394\" style=\"width: 910px\" class=\"wp-caption alignnone\"><a href=\"https:\/\/blogsaverroes.juntadeandalucia.es\/ceperguamenze\/files\/2022\/10\/WhatsApp-Image-2022-10-27-at-16.23.34.jpeg\"><img loading=\"lazy\" decoding=\"async\" aria-describedby=\"caption-attachment-3394\" class=\"size-full wp-image-3394\" src=\"https:\/\/blogsaverroes.juntadeandalucia.es\/ceperguamenze\/files\/2022\/10\/WhatsApp-Image-2022-10-27-at-16.23.34.jpeg\" alt=\"\" width=\"900\" height=\"1600\" srcset=\"https:\/\/blogsaverroes.juntadeandalucia.es\/ceperguamenze\/files\/2022\/10\/WhatsApp-Image-2022-10-27-at-16.23.34.jpeg 900w, https:\/\/blogsaverroes.juntadeandalucia.es\/ceperguamenze\/files\/2022\/10\/WhatsApp-Image-2022-10-27-at-16.23.34-169x300.jpeg 169w, https:\/\/blogsaverroes.juntadeandalucia.es\/ceperguamenze\/files\/2022\/10\/WhatsApp-Image-2022-10-27-at-16.23.34-576x1024.jpeg 576w, https:\/\/blogsaverroes.juntadeandalucia.es\/ceperguamenze\/files\/2022\/10\/WhatsApp-Image-2022-10-27-at-16.23.34-768x1365.jpeg 768w, https:\/\/blogsaverroes.juntadeandalucia.es\/ceperguamenze\/files\/2022\/10\/WhatsApp-Image-2022-10-27-at-16.23.34-864x1536.jpeg 864w\" sizes=\"(max-width: 900px) 100vw, 900px\" \/><\/a><p id=\"caption-attachment-3394\" class=\"wp-caption-text\">Alfonso y Alicia descendiendo por una calle en J\u00e1vea.<\/p><\/div>\n<div id=\"attachment_3434\" style=\"width: 933px\" class=\"wp-caption alignnone\"><a href=\"https:\/\/blogsaverroes.juntadeandalucia.es\/ceperguamenze\/files\/2022\/10\/IMG-20221027-WA0015.jpg\"><img loading=\"lazy\" decoding=\"async\" aria-describedby=\"caption-attachment-3434\" class=\"size-full wp-image-3434\" src=\"https:\/\/blogsaverroes.juntadeandalucia.es\/ceperguamenze\/files\/2022\/10\/IMG-20221027-WA0015.jpg\" alt=\"\" width=\"923\" height=\"1489\" srcset=\"https:\/\/blogsaverroes.juntadeandalucia.es\/ceperguamenze\/files\/2022\/10\/IMG-20221027-WA0015.jpg 923w, https:\/\/blogsaverroes.juntadeandalucia.es\/ceperguamenze\/files\/2022\/10\/IMG-20221027-WA0015-186x300.jpg 186w, https:\/\/blogsaverroes.juntadeandalucia.es\/ceperguamenze\/files\/2022\/10\/IMG-20221027-WA0015-635x1024.jpg 635w, https:\/\/blogsaverroes.juntadeandalucia.es\/ceperguamenze\/files\/2022\/10\/IMG-20221027-WA0015-768x1239.jpg 768w\" sizes=\"(max-width: 923px) 100vw, 923px\" \/><\/a><p id=\"caption-attachment-3434\" class=\"wp-caption-text\">Isabel, Miguel, \u00c1ngeles, Antonio, Piedad, Loli, Julio, Mar\u00eda Angustias, Francisco y Encarna frenmte a la catedral de Murcia<\/p><\/div>\n<div id=\"attachment_3435\" style=\"width: 1610px\" class=\"wp-caption alignnone\"><a href=\"https:\/\/blogsaverroes.juntadeandalucia.es\/ceperguamenze\/files\/2022\/10\/IMG_20221027_185826-scaled.jpg\"><img loading=\"lazy\" decoding=\"async\" aria-describedby=\"caption-attachment-3435\" class=\"size-full wp-image-3435\" src=\"https:\/\/blogsaverroes.juntadeandalucia.es\/ceperguamenze\/files\/2022\/10\/IMG_20221027_185826-scaled.jpg\" alt=\"\" width=\"1600\" height=\"1200\" srcset=\"https:\/\/blogsaverroes.juntadeandalucia.es\/ceperguamenze\/files\/2022\/10\/IMG_20221027_185826-scaled.jpg 1600w, https:\/\/blogsaverroes.juntadeandalucia.es\/ceperguamenze\/files\/2022\/10\/IMG_20221027_185826-300x225.jpg 300w, https:\/\/blogsaverroes.juntadeandalucia.es\/ceperguamenze\/files\/2022\/10\/IMG_20221027_185826-1024x768.jpg 1024w, https:\/\/blogsaverroes.juntadeandalucia.es\/ceperguamenze\/files\/2022\/10\/IMG_20221027_185826-768x576.jpg 768w, https:\/\/blogsaverroes.juntadeandalucia.es\/ceperguamenze\/files\/2022\/10\/IMG_20221027_185826-1536x1152.jpg 1536w, https:\/\/blogsaverroes.juntadeandalucia.es\/ceperguamenze\/files\/2022\/10\/IMG_20221027_185826-2048x1536.jpg 2048w\" sizes=\"(max-width: 1600px) 100vw, 1600px\" \/><\/a><p id=\"caption-attachment-3435\" class=\"wp-caption-text\">\u00c1ngel, Miguel, Angelita, Piedad, Carmen, Pepi, Pepe, Pepita, Anto\u00f1\u00edn, Pilar y Jes\u00fas en la plaza de San Agust\u00edn de Murcia esperando con pena al autob\u00fas para comenzar el regreso a Guadix<\/p><\/div>\n","protected":false},"excerpt":{"rendered":"<p>Durante los d\u00e1s 26 y 27 de octubre de 2022 el CEPER Guamenze ha recuperado sus tradicionales viajes culturales por nuestra pen\u00ednsula. En este caso, nos hemos desplazado a las localidades alicantinas de Orihuela,&#46;&#46;&#46;<\/p>\n","protected":false},"author":11510,"featured_media":3423,"comment_status":"open","ping_status":"open","sticky":false,"template":"","format":"standard","meta":{"ngg_post_thumbnail":0,"footnotes":""},"categories":[5991,26636,11909],"tags":[],"aioseo_notices":[],"_links":{"self":[{"href":"https:\/\/blogsaverroes.juntadeandalucia.es\/ceperguamenze\/wp-json\/wp\/v2\/posts\/3393"}],"collection":[{"href":"https:\/\/blogsaverroes.juntadeandalucia.es\/ceperguamenze\/wp-json\/wp\/v2\/posts"}],"about":[{"href":"https:\/\/blogsaverroes.juntadeandalucia.es\/ceperguamenze\/wp-json\/wp\/v2\/types\/post"}],"author":[{"embeddable":true,"href":"https:\/\/blogsaverroes.juntadeandalucia.es\/ceperguamenze\/wp-json\/wp\/v2\/users\/11510"}],"replies":[{"embeddable":true,"href":"https:\/\/blogsaverroes.juntadeandalucia.es\/ceperguamenze\/wp-json\/wp\/v2\/comments?post=3393"}],"version-history":[{"count":5,"href":"https:\/\/blogsaverroes.juntadeandalucia.es\/ceperguamenze\/wp-json\/wp\/v2\/posts\/3393\/revisions"}],"predecessor-version":[{"id":3460,"href":"https:\/\/blogsaverroes.juntadeandalucia.es\/ceperguamenze\/wp-json\/wp\/v2\/posts\/3393\/revisions\/3460"}],"wp:featuredmedia":[{"embeddable":true,"href":"https:\/\/blogsaverroes.juntadeandalucia.es\/ceperguamenze\/wp-json\/wp\/v2\/media\/3423"}],"wp:attachment":[{"href":"https:\/\/blogsaverroes.juntadeandalucia.es\/ceperguamenze\/wp-json\/wp\/v2\/media?parent=3393"}],"wp:term":[{"taxonomy":"category","embeddable":true,"href":"https:\/\/blogsaverroes.juntadeandalucia.es\/ceperguamenze\/wp-json\/wp\/v2\/categories?post=3393"},{"taxonomy":"post_tag","embeddable":true,"href":"https:\/\/blogsaverroes.juntadeandalucia.es\/ceperguamenze\/wp-json\/wp\/v2\/tags?post=3393"}],"curies":[{"name":"wp","href":"https:\/\/api.w.org\/{rel}","templated":true}]}}