{"id":3472,"date":"2022-11-09T07:31:22","date_gmt":"2022-11-09T07:31:22","guid":{"rendered":"https:\/\/blogsaverroes.juntadeandalucia.es\/ceperguamenze\/?p=3472"},"modified":"2022-11-09T11:46:55","modified_gmt":"2022-11-09T11:46:55","slug":"visita-a-la-cueva-museo-centro-de-interpretacion-cuevas-de-guadix","status":"publish","type":"post","link":"https:\/\/blogsaverroes.juntadeandalucia.es\/ceperguamenze\/visita-a-la-cueva-museo-centro-de-interpretacion-cuevas-de-guadix\/","title":{"rendered":"Visita a la Cueva Museo &#8211; Centro de Interpretaci\u00f3n Cuevas de Guadix"},"content":{"rendered":"<p>Esta tarde toca hacer algo diferente.<br \/>\nLos cuadernos y los l\u00e1pices se quedan dormidos en las aulas y dejamos al centro tranquilo, en silencio.<br \/>\nSubiendo por diferentes calles que van a desembocar a la Cueva, nos dirigimos charlando distendidamente a nuestra cita.<br \/>\nM\u00e1s de cien personas, entre alumnado y profesorado, vamos a visitar la cueva de Miguel Cruz y Ana \u00dabeda en la que se encuentra la exposici\u00f3n de Miguel Hern\u00e1ndez Montalb\u00e1n.<br \/>\nEn la entrada nos esperan, cogemos la llave para abrir la puerta que nos dar\u00e1 acceso al interior.<br \/>\nPedro, el picador de cuevas, nos saluda y comenzamos a recorrerla.<br \/>\nMuchos de los presentes, los m\u00e1s mayores, empiezan a recordar su ni\u00f1ez, ya que todo lo que vamos contemplando les lleva a ella. Una vida dif\u00edcil, sin lujos, con carencias, pero en la que fueron muy felices.<br \/>\nLa mullida cama, los aperos de labranza, los utensilios de la matanza, los enseres de la cocina, los arreos de las bestias, ollas, platos, lebrillos, c\u00e1ntaras, celemines, cestas de mimbre, el candil,&#8230;<br \/>\nA todos se les dibuja una sonrisa al evocar esos recuerdos compartidos.<br \/>\nY por \u00faltimo llegamos a la exposici\u00f3n &#8220;Forjando en femenino&#8221;, diez piezas que el autor realiza para homenajear a las mujeres.<br \/>\nHa sido una actividad bonita y enriquecedora. Gracias a Mari Paz por su amabilidad. Gracias al alumnado por participar y Gracias a mis compa\u00f1er@s To\u00f1i, Alicia y Miguel por haber compartido esta tarde diferente.<\/p>\n<p style=\"text-align: right\"><strong>Autora: Luna<\/strong><\/p>\n<p style=\"text-align: right\"><strong>Fotograf\u00edas de Alodia Hern\u00e1ndez (alumna del centro)<\/strong><\/p>\n<div id=\"attachment_3473\" style=\"width: 1610px\" class=\"wp-caption alignnone\"><a href=\"https:\/\/blogsaverroes.juntadeandalucia.es\/ceperguamenze\/files\/2022\/11\/DSC7271-scaled.jpg\"><img loading=\"lazy\" decoding=\"async\" aria-describedby=\"caption-attachment-3473\" class=\"size-full wp-image-3473\" src=\"https:\/\/blogsaverroes.juntadeandalucia.es\/ceperguamenze\/files\/2022\/11\/DSC7271-scaled.jpg\" alt=\"\" width=\"1600\" height=\"1067\" srcset=\"https:\/\/blogsaverroes.juntadeandalucia.es\/ceperguamenze\/files\/2022\/11\/DSC7271-scaled.jpg 1600w, https:\/\/blogsaverroes.juntadeandalucia.es\/ceperguamenze\/files\/2022\/11\/DSC7271-300x200.jpg 300w, https:\/\/blogsaverroes.juntadeandalucia.es\/ceperguamenze\/files\/2022\/11\/DSC7271-1024x683.jpg 1024w, https:\/\/blogsaverroes.juntadeandalucia.es\/ceperguamenze\/files\/2022\/11\/DSC7271-768x512.jpg 768w, https:\/\/blogsaverroes.juntadeandalucia.es\/ceperguamenze\/files\/2022\/11\/DSC7271-1536x1024.jpg 1536w, https:\/\/blogsaverroes.juntadeandalucia.es\/ceperguamenze\/files\/2022\/11\/DSC7271-2048x1365.jpg 2048w\" sizes=\"(max-width: 1600px) 100vw, 1600px\" \/><\/a><p id=\"caption-attachment-3473\" class=\"wp-caption-text\">Llegada al Centro de Interpretaci\u00f3n<\/p><\/div>\n<div id=\"attachment_3476\" style=\"width: 1610px\" class=\"wp-caption alignnone\"><a href=\"https:\/\/blogsaverroes.juntadeandalucia.es\/ceperguamenze\/files\/2022\/11\/DSC7299-scaled.jpg\"><img loading=\"lazy\" decoding=\"async\" aria-describedby=\"caption-attachment-3476\" class=\"size-full wp-image-3476\" src=\"https:\/\/blogsaverroes.juntadeandalucia.es\/ceperguamenze\/files\/2022\/11\/DSC7299-scaled.jpg\" alt=\"\" width=\"1600\" height=\"1067\" srcset=\"https:\/\/blogsaverroes.juntadeandalucia.es\/ceperguamenze\/files\/2022\/11\/DSC7299-scaled.jpg 1600w, https:\/\/blogsaverroes.juntadeandalucia.es\/ceperguamenze\/files\/2022\/11\/DSC7299-300x200.jpg 300w, https:\/\/blogsaverroes.juntadeandalucia.es\/ceperguamenze\/files\/2022\/11\/DSC7299-1024x683.jpg 1024w, https:\/\/blogsaverroes.juntadeandalucia.es\/ceperguamenze\/files\/2022\/11\/DSC7299-768x512.jpg 768w, https:\/\/blogsaverroes.juntadeandalucia.es\/ceperguamenze\/files\/2022\/11\/DSC7299-1536x1024.jpg 1536w, https:\/\/blogsaverroes.juntadeandalucia.es\/ceperguamenze\/files\/2022\/11\/DSC7299-2048x1365.jpg 2048w\" sizes=\"(max-width: 1600px) 100vw, 1600px\" \/><\/a><p id=\"caption-attachment-3476\" class=\"wp-caption-text\">Primer grupo frente a la cueva<\/p><\/div>\n<div id=\"attachment_3493\" style=\"width: 1610px\" class=\"wp-caption alignnone\"><a href=\"https:\/\/blogsaverroes.juntadeandalucia.es\/ceperguamenze\/files\/2022\/11\/DSC7382-scaled.jpg\"><img loading=\"lazy\" decoding=\"async\" aria-describedby=\"caption-attachment-3493\" class=\"size-full wp-image-3493\" src=\"https:\/\/blogsaverroes.juntadeandalucia.es\/ceperguamenze\/files\/2022\/11\/DSC7382-scaled.jpg\" alt=\"\" width=\"1600\" height=\"1067\" srcset=\"https:\/\/blogsaverroes.juntadeandalucia.es\/ceperguamenze\/files\/2022\/11\/DSC7382-scaled.jpg 1600w, https:\/\/blogsaverroes.juntadeandalucia.es\/ceperguamenze\/files\/2022\/11\/DSC7382-300x200.jpg 300w, https:\/\/blogsaverroes.juntadeandalucia.es\/ceperguamenze\/files\/2022\/11\/DSC7382-1024x683.jpg 1024w, https:\/\/blogsaverroes.juntadeandalucia.es\/ceperguamenze\/files\/2022\/11\/DSC7382-768x512.jpg 768w, https:\/\/blogsaverroes.juntadeandalucia.es\/ceperguamenze\/files\/2022\/11\/DSC7382-1536x1024.jpg 1536w, https:\/\/blogsaverroes.juntadeandalucia.es\/ceperguamenze\/files\/2022\/11\/DSC7382-2048x1365.jpg 2048w\" sizes=\"(max-width: 1600px) 100vw, 1600px\" \/><\/a><p id=\"caption-attachment-3493\" class=\"wp-caption-text\">Segundo grupo<\/p><\/div>\n<div id=\"attachment_3496\" style=\"width: 1610px\" class=\"wp-caption alignnone\"><a href=\"https:\/\/blogsaverroes.juntadeandalucia.es\/ceperguamenze\/files\/2022\/11\/DSC7405-scaled.jpg\"><img loading=\"lazy\" decoding=\"async\" aria-describedby=\"caption-attachment-3496\" class=\"size-full wp-image-3496\" src=\"https:\/\/blogsaverroes.juntadeandalucia.es\/ceperguamenze\/files\/2022\/11\/DSC7405-scaled.jpg\" alt=\"\" width=\"1600\" height=\"1067\" srcset=\"https:\/\/blogsaverroes.juntadeandalucia.es\/ceperguamenze\/files\/2022\/11\/DSC7405-scaled.jpg 1600w, https:\/\/blogsaverroes.juntadeandalucia.es\/ceperguamenze\/files\/2022\/11\/DSC7405-300x200.jpg 300w, https:\/\/blogsaverroes.juntadeandalucia.es\/ceperguamenze\/files\/2022\/11\/DSC7405-1024x683.jpg 1024w, https:\/\/blogsaverroes.juntadeandalucia.es\/ceperguamenze\/files\/2022\/11\/DSC7405-768x512.jpg 768w, https:\/\/blogsaverroes.juntadeandalucia.es\/ceperguamenze\/files\/2022\/11\/DSC7405-1536x1024.jpg 1536w, https:\/\/blogsaverroes.juntadeandalucia.es\/ceperguamenze\/files\/2022\/11\/DSC7405-2048x1365.jpg 2048w\" sizes=\"(max-width: 1600px) 100vw, 1600px\" \/><\/a><p id=\"caption-attachment-3496\" class=\"wp-caption-text\">Grupos 3 y 4 que completan un total de 100 miembros del alumnado<\/p><\/div>\n<div id=\"attachment_3495\" style=\"width: 1610px\" class=\"wp-caption alignnone\"><a href=\"https:\/\/blogsaverroes.juntadeandalucia.es\/ceperguamenze\/files\/2022\/11\/DSC7395-scaled.jpg\"><img loading=\"lazy\" decoding=\"async\" aria-describedby=\"caption-attachment-3495\" class=\"size-full wp-image-3495\" src=\"https:\/\/blogsaverroes.juntadeandalucia.es\/ceperguamenze\/files\/2022\/11\/DSC7395-scaled.jpg\" alt=\"\" width=\"1600\" height=\"1067\" srcset=\"https:\/\/blogsaverroes.juntadeandalucia.es\/ceperguamenze\/files\/2022\/11\/DSC7395-scaled.jpg 1600w, https:\/\/blogsaverroes.juntadeandalucia.es\/ceperguamenze\/files\/2022\/11\/DSC7395-300x200.jpg 300w, https:\/\/blogsaverroes.juntadeandalucia.es\/ceperguamenze\/files\/2022\/11\/DSC7395-1024x683.jpg 1024w, https:\/\/blogsaverroes.juntadeandalucia.es\/ceperguamenze\/files\/2022\/11\/DSC7395-768x512.jpg 768w, https:\/\/blogsaverroes.juntadeandalucia.es\/ceperguamenze\/files\/2022\/11\/DSC7395-1536x1024.jpg 1536w, https:\/\/blogsaverroes.juntadeandalucia.es\/ceperguamenze\/files\/2022\/11\/DSC7395-2048x1365.jpg 2048w\" sizes=\"(max-width: 1600px) 100vw, 1600px\" \/><\/a><p id=\"caption-attachment-3495\" class=\"wp-caption-text\">To\u00f1i, Alicia, Miguel y Luna, maestras del CEPER Guamenze acompa\u00f1adas de Mari Paz, nuestra gu\u00eda en la cueva.<\/p><\/div>\n<p><a href=\"https:\/\/blogsaverroes.juntadeandalucia.es\/ceperguamenze\/files\/2022\/11\/DSC7297-scaled.jpg\"><img loading=\"lazy\" decoding=\"async\" class=\"alignnone size-full wp-image-3475\" src=\"https:\/\/blogsaverroes.juntadeandalucia.es\/ceperguamenze\/files\/2022\/11\/DSC7297-scaled.jpg\" alt=\"\" width=\"1600\" height=\"1067\" srcset=\"https:\/\/blogsaverroes.juntadeandalucia.es\/ceperguamenze\/files\/2022\/11\/DSC7297-scaled.jpg 1600w, https:\/\/blogsaverroes.juntadeandalucia.es\/ceperguamenze\/files\/2022\/11\/DSC7297-300x200.jpg 300w, https:\/\/blogsaverroes.juntadeandalucia.es\/ceperguamenze\/files\/2022\/11\/DSC7297-1024x683.jpg 1024w, https:\/\/blogsaverroes.juntadeandalucia.es\/ceperguamenze\/files\/2022\/11\/DSC7297-768x512.jpg 768w, https:\/\/blogsaverroes.juntadeandalucia.es\/ceperguamenze\/files\/2022\/11\/DSC7297-1536x1024.jpg 1536w, https:\/\/blogsaverroes.juntadeandalucia.es\/ceperguamenze\/files\/2022\/11\/DSC7297-2048x1365.jpg 2048w\" sizes=\"(max-width: 1600px) 100vw, 1600px\" \/><\/a><\/p>\n<div id=\"attachment_3474\" style=\"width: 1077px\" class=\"wp-caption alignnone\"><a href=\"https:\/\/blogsaverroes.juntadeandalucia.es\/ceperguamenze\/files\/2022\/11\/DSC7292-scaled.jpg\"><img loading=\"lazy\" decoding=\"async\" aria-describedby=\"caption-attachment-3474\" class=\"size-full wp-image-3474\" src=\"https:\/\/blogsaverroes.juntadeandalucia.es\/ceperguamenze\/files\/2022\/11\/DSC7292-scaled.jpg\" alt=\"\" width=\"1067\" height=\"1600\" srcset=\"https:\/\/blogsaverroes.juntadeandalucia.es\/ceperguamenze\/files\/2022\/11\/DSC7292-scaled.jpg 1067w, https:\/\/blogsaverroes.juntadeandalucia.es\/ceperguamenze\/files\/2022\/11\/DSC7292-200x300.jpg 200w, https:\/\/blogsaverroes.juntadeandalucia.es\/ceperguamenze\/files\/2022\/11\/DSC7292-683x1024.jpg 683w, https:\/\/blogsaverroes.juntadeandalucia.es\/ceperguamenze\/files\/2022\/11\/DSC7292-768x1152.jpg 768w, https:\/\/blogsaverroes.juntadeandalucia.es\/ceperguamenze\/files\/2022\/11\/DSC7292-1024x1536.jpg 1024w, https:\/\/blogsaverroes.juntadeandalucia.es\/ceperguamenze\/files\/2022\/11\/DSC7292-1365x2048.jpg 1365w\" sizes=\"(max-width: 1067px) 100vw, 1067px\" \/><\/a><p id=\"caption-attachment-3474\" class=\"wp-caption-text\">Isabel abre la puerta de acceso a la cueva<\/p><\/div>\n<div id=\"attachment_3492\" style=\"width: 1610px\" class=\"wp-caption alignnone\"><a href=\"https:\/\/blogsaverroes.juntadeandalucia.es\/ceperguamenze\/files\/2022\/11\/DSC7374-scaled.jpg\"><img loading=\"lazy\" decoding=\"async\" aria-describedby=\"caption-attachment-3492\" class=\"size-full wp-image-3492\" src=\"https:\/\/blogsaverroes.juntadeandalucia.es\/ceperguamenze\/files\/2022\/11\/DSC7374-scaled.jpg\" alt=\"\" width=\"1600\" height=\"1067\" srcset=\"https:\/\/blogsaverroes.juntadeandalucia.es\/ceperguamenze\/files\/2022\/11\/DSC7374-scaled.jpg 1600w, https:\/\/blogsaverroes.juntadeandalucia.es\/ceperguamenze\/files\/2022\/11\/DSC7374-300x200.jpg 300w, https:\/\/blogsaverroes.juntadeandalucia.es\/ceperguamenze\/files\/2022\/11\/DSC7374-1024x683.jpg 1024w, https:\/\/blogsaverroes.juntadeandalucia.es\/ceperguamenze\/files\/2022\/11\/DSC7374-768x512.jpg 768w, https:\/\/blogsaverroes.juntadeandalucia.es\/ceperguamenze\/files\/2022\/11\/DSC7374-1536x1024.jpg 1536w, https:\/\/blogsaverroes.juntadeandalucia.es\/ceperguamenze\/files\/2022\/11\/DSC7374-2048x1365.jpg 2048w\" sizes=\"(max-width: 1600px) 100vw, 1600px\" \/><\/a><p id=\"caption-attachment-3492\" class=\"wp-caption-text\">Mari Paz repasa la historia del lugar<\/p><\/div>\n<div id=\"attachment_3494\" style=\"width: 1077px\" class=\"wp-caption alignnone\"><a href=\"https:\/\/blogsaverroes.juntadeandalucia.es\/ceperguamenze\/files\/2022\/11\/DSC7392-scaled.jpg\"><img loading=\"lazy\" decoding=\"async\" aria-describedby=\"caption-attachment-3494\" class=\"size-full wp-image-3494\" src=\"https:\/\/blogsaverroes.juntadeandalucia.es\/ceperguamenze\/files\/2022\/11\/DSC7392-scaled.jpg\" alt=\"\" width=\"1067\" height=\"1600\" srcset=\"https:\/\/blogsaverroes.juntadeandalucia.es\/ceperguamenze\/files\/2022\/11\/DSC7392-scaled.jpg 1067w, https:\/\/blogsaverroes.juntadeandalucia.es\/ceperguamenze\/files\/2022\/11\/DSC7392-200x300.jpg 200w, https:\/\/blogsaverroes.juntadeandalucia.es\/ceperguamenze\/files\/2022\/11\/DSC7392-683x1024.jpg 683w, https:\/\/blogsaverroes.juntadeandalucia.es\/ceperguamenze\/files\/2022\/11\/DSC7392-768x1152.jpg 768w, https:\/\/blogsaverroes.juntadeandalucia.es\/ceperguamenze\/files\/2022\/11\/DSC7392-1024x1536.jpg 1024w, https:\/\/blogsaverroes.juntadeandalucia.es\/ceperguamenze\/files\/2022\/11\/DSC7392-1365x2048.jpg 1365w\" sizes=\"(max-width: 1067px) 100vw, 1067px\" \/><\/a><p id=\"caption-attachment-3494\" class=\"wp-caption-text\">Alejandro abre, con una llave de 100 a\u00f1os, el acceso a la cueva<\/p><\/div>\n<div id=\"attachment_3500\" style=\"width: 1210px\" class=\"wp-caption alignnone\"><a href=\"https:\/\/blogsaverroes.juntadeandalucia.es\/ceperguamenze\/files\/2022\/11\/WhatsApp-Image-2022-11-08-at-22.49.05.jpeg\"><img loading=\"lazy\" decoding=\"async\" aria-describedby=\"caption-attachment-3500\" class=\"size-full wp-image-3500\" src=\"https:\/\/blogsaverroes.juntadeandalucia.es\/ceperguamenze\/files\/2022\/11\/WhatsApp-Image-2022-11-08-at-22.49.05.jpeg\" alt=\"\" width=\"1200\" height=\"1600\" srcset=\"https:\/\/blogsaverroes.juntadeandalucia.es\/ceperguamenze\/files\/2022\/11\/WhatsApp-Image-2022-11-08-at-22.49.05.jpeg 1200w, https:\/\/blogsaverroes.juntadeandalucia.es\/ceperguamenze\/files\/2022\/11\/WhatsApp-Image-2022-11-08-at-22.49.05-225x300.jpeg 225w, https:\/\/blogsaverroes.juntadeandalucia.es\/ceperguamenze\/files\/2022\/11\/WhatsApp-Image-2022-11-08-at-22.49.05-768x1024.jpeg 768w, https:\/\/blogsaverroes.juntadeandalucia.es\/ceperguamenze\/files\/2022\/11\/WhatsApp-Image-2022-11-08-at-22.49.05-1152x1536.jpeg 1152w\" sizes=\"(max-width: 1200px) 100vw, 1200px\" \/><\/a><p id=\"caption-attachment-3500\" class=\"wp-caption-text\">Alumnado atento a la proyecci\u00f3n<br \/>Foto: Luna<\/p><\/div>\n<div id=\"attachment_3499\" style=\"width: 1210px\" class=\"wp-caption alignnone\"><a href=\"https:\/\/blogsaverroes.juntadeandalucia.es\/ceperguamenze\/files\/2022\/11\/WhatsApp-Image-2022-11-08-at-22.49.06.jpeg\"><img loading=\"lazy\" decoding=\"async\" aria-describedby=\"caption-attachment-3499\" class=\"size-full wp-image-3499\" src=\"https:\/\/blogsaverroes.juntadeandalucia.es\/ceperguamenze\/files\/2022\/11\/WhatsApp-Image-2022-11-08-at-22.49.06.jpeg\" alt=\"\" width=\"1200\" height=\"1600\" srcset=\"https:\/\/blogsaverroes.juntadeandalucia.es\/ceperguamenze\/files\/2022\/11\/WhatsApp-Image-2022-11-08-at-22.49.06.jpeg 1200w, https:\/\/blogsaverroes.juntadeandalucia.es\/ceperguamenze\/files\/2022\/11\/WhatsApp-Image-2022-11-08-at-22.49.06-225x300.jpeg 225w, https:\/\/blogsaverroes.juntadeandalucia.es\/ceperguamenze\/files\/2022\/11\/WhatsApp-Image-2022-11-08-at-22.49.06-768x1024.jpeg 768w, https:\/\/blogsaverroes.juntadeandalucia.es\/ceperguamenze\/files\/2022\/11\/WhatsApp-Image-2022-11-08-at-22.49.06-1152x1536.jpeg 1152w\" sizes=\"(max-width: 1200px) 100vw, 1200px\" \/><\/a><p id=\"caption-attachment-3499\" class=\"wp-caption-text\">Escuchando la historia del &#8220;maestro picaor&#8221;<br \/>Foto: Luna<\/p><\/div>\n<div id=\"attachment_3497\" style=\"width: 1210px\" class=\"wp-caption alignnone\"><a href=\"https:\/\/blogsaverroes.juntadeandalucia.es\/ceperguamenze\/files\/2022\/11\/WhatsApp-Image-2022-11-08-at-22.49.08.jpeg\"><img loading=\"lazy\" decoding=\"async\" aria-describedby=\"caption-attachment-3497\" class=\"size-full wp-image-3497\" src=\"https:\/\/blogsaverroes.juntadeandalucia.es\/ceperguamenze\/files\/2022\/11\/WhatsApp-Image-2022-11-08-at-22.49.08.jpeg\" alt=\"\" width=\"1200\" height=\"1600\" srcset=\"https:\/\/blogsaverroes.juntadeandalucia.es\/ceperguamenze\/files\/2022\/11\/WhatsApp-Image-2022-11-08-at-22.49.08.jpeg 1200w, https:\/\/blogsaverroes.juntadeandalucia.es\/ceperguamenze\/files\/2022\/11\/WhatsApp-Image-2022-11-08-at-22.49.08-225x300.jpeg 225w, https:\/\/blogsaverroes.juntadeandalucia.es\/ceperguamenze\/files\/2022\/11\/WhatsApp-Image-2022-11-08-at-22.49.08-768x1024.jpeg 768w, https:\/\/blogsaverroes.juntadeandalucia.es\/ceperguamenze\/files\/2022\/11\/WhatsApp-Image-2022-11-08-at-22.49.08-1152x1536.jpeg 1152w\" sizes=\"(max-width: 1200px) 100vw, 1200px\" \/><\/a><p id=\"caption-attachment-3497\" class=\"wp-caption-text\">Alumnas observando en primera fila<br \/>Foto: Luna<\/p><\/div>\n<div id=\"attachment_3498\" style=\"width: 1210px\" class=\"wp-caption alignnone\"><a href=\"https:\/\/blogsaverroes.juntadeandalucia.es\/ceperguamenze\/files\/2022\/11\/WhatsApp-Image-2022-11-08-at-22.49.06-1.jpeg\"><img loading=\"lazy\" decoding=\"async\" aria-describedby=\"caption-attachment-3498\" class=\"size-full wp-image-3498\" src=\"https:\/\/blogsaverroes.juntadeandalucia.es\/ceperguamenze\/files\/2022\/11\/WhatsApp-Image-2022-11-08-at-22.49.06-1.jpeg\" alt=\"\" width=\"1200\" height=\"1600\" srcset=\"https:\/\/blogsaverroes.juntadeandalucia.es\/ceperguamenze\/files\/2022\/11\/WhatsApp-Image-2022-11-08-at-22.49.06-1.jpeg 1200w, https:\/\/blogsaverroes.juntadeandalucia.es\/ceperguamenze\/files\/2022\/11\/WhatsApp-Image-2022-11-08-at-22.49.06-1-225x300.jpeg 225w, https:\/\/blogsaverroes.juntadeandalucia.es\/ceperguamenze\/files\/2022\/11\/WhatsApp-Image-2022-11-08-at-22.49.06-1-768x1024.jpeg 768w, https:\/\/blogsaverroes.juntadeandalucia.es\/ceperguamenze\/files\/2022\/11\/WhatsApp-Image-2022-11-08-at-22.49.06-1-1152x1536.jpeg 1152w\" sizes=\"(max-width: 1200px) 100vw, 1200px\" \/><\/a><p id=\"caption-attachment-3498\" class=\"wp-caption-text\">La sala estaba completa<br \/>Foto: Luna<\/p><\/div>\n<div id=\"attachment_3477\" style=\"width: 1077px\" class=\"wp-caption alignnone\"><a href=\"https:\/\/blogsaverroes.juntadeandalucia.es\/ceperguamenze\/files\/2022\/11\/DSC7304-scaled.jpg\"><img loading=\"lazy\" decoding=\"async\" aria-describedby=\"caption-attachment-3477\" class=\"size-full wp-image-3477\" src=\"https:\/\/blogsaverroes.juntadeandalucia.es\/ceperguamenze\/files\/2022\/11\/DSC7304-scaled.jpg\" alt=\"\" width=\"1067\" height=\"1600\" srcset=\"https:\/\/blogsaverroes.juntadeandalucia.es\/ceperguamenze\/files\/2022\/11\/DSC7304-scaled.jpg 1067w, https:\/\/blogsaverroes.juntadeandalucia.es\/ceperguamenze\/files\/2022\/11\/DSC7304-200x300.jpg 200w, https:\/\/blogsaverroes.juntadeandalucia.es\/ceperguamenze\/files\/2022\/11\/DSC7304-683x1024.jpg 683w, https:\/\/blogsaverroes.juntadeandalucia.es\/ceperguamenze\/files\/2022\/11\/DSC7304-768x1152.jpg 768w, https:\/\/blogsaverroes.juntadeandalucia.es\/ceperguamenze\/files\/2022\/11\/DSC7304-1024x1536.jpg 1024w, https:\/\/blogsaverroes.juntadeandalucia.es\/ceperguamenze\/files\/2022\/11\/DSC7304-1365x2048.jpg 1365w\" sizes=\"(max-width: 1067px) 100vw, 1067px\" \/><\/a><p id=\"caption-attachment-3477\" class=\"wp-caption-text\">Interior del centro de interpretaci\u00f3n<\/p><\/div>\n<div id=\"attachment_3491\" style=\"width: 1077px\" class=\"wp-caption alignnone\"><a href=\"https:\/\/blogsaverroes.juntadeandalucia.es\/ceperguamenze\/files\/2022\/11\/DSC7368-scaled.jpg\"><img loading=\"lazy\" decoding=\"async\" aria-describedby=\"caption-attachment-3491\" class=\"size-full wp-image-3491\" src=\"https:\/\/blogsaverroes.juntadeandalucia.es\/ceperguamenze\/files\/2022\/11\/DSC7368-scaled.jpg\" alt=\"\" width=\"1067\" height=\"1600\" srcset=\"https:\/\/blogsaverroes.juntadeandalucia.es\/ceperguamenze\/files\/2022\/11\/DSC7368-scaled.jpg 1067w, https:\/\/blogsaverroes.juntadeandalucia.es\/ceperguamenze\/files\/2022\/11\/DSC7368-200x300.jpg 200w, https:\/\/blogsaverroes.juntadeandalucia.es\/ceperguamenze\/files\/2022\/11\/DSC7368-683x1024.jpg 683w, https:\/\/blogsaverroes.juntadeandalucia.es\/ceperguamenze\/files\/2022\/11\/DSC7368-768x1152.jpg 768w, https:\/\/blogsaverroes.juntadeandalucia.es\/ceperguamenze\/files\/2022\/11\/DSC7368-1024x1536.jpg 1024w, https:\/\/blogsaverroes.juntadeandalucia.es\/ceperguamenze\/files\/2022\/11\/DSC7368-1365x2048.jpg 1365w\" sizes=\"(max-width: 1067px) 100vw, 1067px\" \/><\/a><p id=\"caption-attachment-3491\" class=\"wp-caption-text\">Exposici\u00f3n &#8220;Forjando en femenino&#8221; de Miguel Hern\u00e1ndez Montalb\u00e1n<\/p><\/div>\n<div id=\"attachment_3487\" style=\"width: 1077px\" class=\"wp-caption alignnone\"><a href=\"https:\/\/blogsaverroes.juntadeandalucia.es\/ceperguamenze\/files\/2022\/11\/DSC7347-scaled.jpg\"><img loading=\"lazy\" decoding=\"async\" aria-describedby=\"caption-attachment-3487\" class=\"size-full wp-image-3487\" src=\"https:\/\/blogsaverroes.juntadeandalucia.es\/ceperguamenze\/files\/2022\/11\/DSC7347-scaled.jpg\" alt=\"\" width=\"1067\" height=\"1600\" srcset=\"https:\/\/blogsaverroes.juntadeandalucia.es\/ceperguamenze\/files\/2022\/11\/DSC7347-scaled.jpg 1067w, https:\/\/blogsaverroes.juntadeandalucia.es\/ceperguamenze\/files\/2022\/11\/DSC7347-200x300.jpg 200w, https:\/\/blogsaverroes.juntadeandalucia.es\/ceperguamenze\/files\/2022\/11\/DSC7347-683x1024.jpg 683w, https:\/\/blogsaverroes.juntadeandalucia.es\/ceperguamenze\/files\/2022\/11\/DSC7347-768x1152.jpg 768w, https:\/\/blogsaverroes.juntadeandalucia.es\/ceperguamenze\/files\/2022\/11\/DSC7347-1024x1536.jpg 1024w, https:\/\/blogsaverroes.juntadeandalucia.es\/ceperguamenze\/files\/2022\/11\/DSC7347-1365x2048.jpg 1365w\" sizes=\"(max-width: 1067px) 100vw, 1067px\" \/><\/a><p id=\"caption-attachment-3487\" class=\"wp-caption-text\">Bailarina<\/p><\/div>\n<div id=\"attachment_3486\" style=\"width: 1077px\" class=\"wp-caption alignnone\"><a href=\"https:\/\/blogsaverroes.juntadeandalucia.es\/ceperguamenze\/files\/2022\/11\/DSC7344-scaled.jpg\"><img loading=\"lazy\" decoding=\"async\" aria-describedby=\"caption-attachment-3486\" class=\"size-full wp-image-3486\" src=\"https:\/\/blogsaverroes.juntadeandalucia.es\/ceperguamenze\/files\/2022\/11\/DSC7344-scaled.jpg\" alt=\"\" width=\"1067\" height=\"1600\" srcset=\"https:\/\/blogsaverroes.juntadeandalucia.es\/ceperguamenze\/files\/2022\/11\/DSC7344-scaled.jpg 1067w, https:\/\/blogsaverroes.juntadeandalucia.es\/ceperguamenze\/files\/2022\/11\/DSC7344-200x300.jpg 200w, https:\/\/blogsaverroes.juntadeandalucia.es\/ceperguamenze\/files\/2022\/11\/DSC7344-683x1024.jpg 683w, https:\/\/blogsaverroes.juntadeandalucia.es\/ceperguamenze\/files\/2022\/11\/DSC7344-768x1152.jpg 768w, https:\/\/blogsaverroes.juntadeandalucia.es\/ceperguamenze\/files\/2022\/11\/DSC7344-1024x1536.jpg 1024w, https:\/\/blogsaverroes.juntadeandalucia.es\/ceperguamenze\/files\/2022\/11\/DSC7344-1365x2048.jpg 1365w\" sizes=\"(max-width: 1067px) 100vw, 1067px\" \/><\/a><p id=\"caption-attachment-3486\" class=\"wp-caption-text\">Ni\u00f1a saltando<\/p><\/div>\n<div id=\"attachment_3485\" style=\"width: 1077px\" class=\"wp-caption alignnone\"><a href=\"https:\/\/blogsaverroes.juntadeandalucia.es\/ceperguamenze\/files\/2022\/11\/DSC7341-scaled.jpg\"><img loading=\"lazy\" decoding=\"async\" aria-describedby=\"caption-attachment-3485\" class=\"size-full wp-image-3485\" src=\"https:\/\/blogsaverroes.juntadeandalucia.es\/ceperguamenze\/files\/2022\/11\/DSC7341-scaled.jpg\" alt=\"\" width=\"1067\" height=\"1600\" srcset=\"https:\/\/blogsaverroes.juntadeandalucia.es\/ceperguamenze\/files\/2022\/11\/DSC7341-scaled.jpg 1067w, https:\/\/blogsaverroes.juntadeandalucia.es\/ceperguamenze\/files\/2022\/11\/DSC7341-200x300.jpg 200w, https:\/\/blogsaverroes.juntadeandalucia.es\/ceperguamenze\/files\/2022\/11\/DSC7341-683x1024.jpg 683w, https:\/\/blogsaverroes.juntadeandalucia.es\/ceperguamenze\/files\/2022\/11\/DSC7341-768x1152.jpg 768w, https:\/\/blogsaverroes.juntadeandalucia.es\/ceperguamenze\/files\/2022\/11\/DSC7341-1024x1536.jpg 1024w, https:\/\/blogsaverroes.juntadeandalucia.es\/ceperguamenze\/files\/2022\/11\/DSC7341-1365x2048.jpg 1365w\" sizes=\"(max-width: 1067px) 100vw, 1067px\" \/><\/a><p id=\"caption-attachment-3485\" class=\"wp-caption-text\">Rostro<\/p><\/div>\n<div id=\"attachment_3484\" style=\"width: 1610px\" class=\"wp-caption alignnone\"><a href=\"https:\/\/blogsaverroes.juntadeandalucia.es\/ceperguamenze\/files\/2022\/11\/DSC7339-scaled.jpg\"><img loading=\"lazy\" decoding=\"async\" aria-describedby=\"caption-attachment-3484\" class=\"size-full wp-image-3484\" src=\"https:\/\/blogsaverroes.juntadeandalucia.es\/ceperguamenze\/files\/2022\/11\/DSC7339-scaled.jpg\" alt=\"\" width=\"1600\" height=\"1067\" srcset=\"https:\/\/blogsaverroes.juntadeandalucia.es\/ceperguamenze\/files\/2022\/11\/DSC7339-scaled.jpg 1600w, https:\/\/blogsaverroes.juntadeandalucia.es\/ceperguamenze\/files\/2022\/11\/DSC7339-300x200.jpg 300w, https:\/\/blogsaverroes.juntadeandalucia.es\/ceperguamenze\/files\/2022\/11\/DSC7339-1024x683.jpg 1024w, https:\/\/blogsaverroes.juntadeandalucia.es\/ceperguamenze\/files\/2022\/11\/DSC7339-768x512.jpg 768w, https:\/\/blogsaverroes.juntadeandalucia.es\/ceperguamenze\/files\/2022\/11\/DSC7339-1536x1024.jpg 1536w, https:\/\/blogsaverroes.juntadeandalucia.es\/ceperguamenze\/files\/2022\/11\/DSC7339-2048x1365.jpg 2048w\" sizes=\"(max-width: 1600px) 100vw, 1600px\" \/><\/a><p id=\"caption-attachment-3484\" class=\"wp-caption-text\">Mujer con sombrero<\/p><\/div>\n<div id=\"attachment_3483\" style=\"width: 1610px\" class=\"wp-caption alignnone\"><a href=\"https:\/\/blogsaverroes.juntadeandalucia.es\/ceperguamenze\/files\/2022\/11\/DSC7337-scaled.jpg\"><img loading=\"lazy\" decoding=\"async\" aria-describedby=\"caption-attachment-3483\" class=\"size-full wp-image-3483\" src=\"https:\/\/blogsaverroes.juntadeandalucia.es\/ceperguamenze\/files\/2022\/11\/DSC7337-scaled.jpg\" alt=\"\" width=\"1600\" height=\"1067\" srcset=\"https:\/\/blogsaverroes.juntadeandalucia.es\/ceperguamenze\/files\/2022\/11\/DSC7337-scaled.jpg 1600w, https:\/\/blogsaverroes.juntadeandalucia.es\/ceperguamenze\/files\/2022\/11\/DSC7337-300x200.jpg 300w, https:\/\/blogsaverroes.juntadeandalucia.es\/ceperguamenze\/files\/2022\/11\/DSC7337-1024x683.jpg 1024w, https:\/\/blogsaverroes.juntadeandalucia.es\/ceperguamenze\/files\/2022\/11\/DSC7337-768x512.jpg 768w, https:\/\/blogsaverroes.juntadeandalucia.es\/ceperguamenze\/files\/2022\/11\/DSC7337-1536x1024.jpg 1536w, https:\/\/blogsaverroes.juntadeandalucia.es\/ceperguamenze\/files\/2022\/11\/DSC7337-2048x1365.jpg 2048w\" sizes=\"(max-width: 1600px) 100vw, 1600px\" \/><\/a><p id=\"caption-attachment-3483\" class=\"wp-caption-text\">Zapato<\/p><\/div>\n<div id=\"attachment_3482\" style=\"width: 1610px\" class=\"wp-caption alignnone\"><a href=\"https:\/\/blogsaverroes.juntadeandalucia.es\/ceperguamenze\/files\/2022\/11\/DSC7336-scaled.jpg\"><img loading=\"lazy\" decoding=\"async\" aria-describedby=\"caption-attachment-3482\" class=\"size-full wp-image-3482\" src=\"https:\/\/blogsaverroes.juntadeandalucia.es\/ceperguamenze\/files\/2022\/11\/DSC7336-scaled.jpg\" alt=\"\" width=\"1600\" height=\"1067\" srcset=\"https:\/\/blogsaverroes.juntadeandalucia.es\/ceperguamenze\/files\/2022\/11\/DSC7336-scaled.jpg 1600w, https:\/\/blogsaverroes.juntadeandalucia.es\/ceperguamenze\/files\/2022\/11\/DSC7336-300x200.jpg 300w, https:\/\/blogsaverroes.juntadeandalucia.es\/ceperguamenze\/files\/2022\/11\/DSC7336-1024x683.jpg 1024w, https:\/\/blogsaverroes.juntadeandalucia.es\/ceperguamenze\/files\/2022\/11\/DSC7336-768x512.jpg 768w, https:\/\/blogsaverroes.juntadeandalucia.es\/ceperguamenze\/files\/2022\/11\/DSC7336-1536x1024.jpg 1536w, https:\/\/blogsaverroes.juntadeandalucia.es\/ceperguamenze\/files\/2022\/11\/DSC7336-2048x1365.jpg 2048w\" sizes=\"(max-width: 1600px) 100vw, 1600px\" \/><\/a><p id=\"caption-attachment-3482\" class=\"wp-caption-text\">Desnudo esquem\u00e1tico<\/p><\/div>\n<div id=\"attachment_3481\" style=\"width: 1077px\" class=\"wp-caption alignnone\"><a href=\"https:\/\/blogsaverroes.juntadeandalucia.es\/ceperguamenze\/files\/2022\/11\/DSC7332-scaled.jpg\"><img loading=\"lazy\" decoding=\"async\" aria-describedby=\"caption-attachment-3481\" class=\"size-full wp-image-3481\" src=\"https:\/\/blogsaverroes.juntadeandalucia.es\/ceperguamenze\/files\/2022\/11\/DSC7332-scaled.jpg\" alt=\"\" width=\"1067\" height=\"1600\" srcset=\"https:\/\/blogsaverroes.juntadeandalucia.es\/ceperguamenze\/files\/2022\/11\/DSC7332-scaled.jpg 1067w, https:\/\/blogsaverroes.juntadeandalucia.es\/ceperguamenze\/files\/2022\/11\/DSC7332-200x300.jpg 200w, https:\/\/blogsaverroes.juntadeandalucia.es\/ceperguamenze\/files\/2022\/11\/DSC7332-683x1024.jpg 683w, https:\/\/blogsaverroes.juntadeandalucia.es\/ceperguamenze\/files\/2022\/11\/DSC7332-768x1152.jpg 768w, https:\/\/blogsaverroes.juntadeandalucia.es\/ceperguamenze\/files\/2022\/11\/DSC7332-1024x1536.jpg 1024w, https:\/\/blogsaverroes.juntadeandalucia.es\/ceperguamenze\/files\/2022\/11\/DSC7332-1365x2048.jpg 1365w\" sizes=\"(max-width: 1067px) 100vw, 1067px\" \/><\/a><p id=\"caption-attachment-3481\" class=\"wp-caption-text\">S\u00edmbolo femenino<\/p><\/div>\n<div id=\"attachment_3480\" style=\"width: 1077px\" class=\"wp-caption alignnone\"><a href=\"https:\/\/blogsaverroes.juntadeandalucia.es\/ceperguamenze\/files\/2022\/11\/DSC7330-scaled.jpg\"><img loading=\"lazy\" decoding=\"async\" aria-describedby=\"caption-attachment-3480\" class=\"size-full wp-image-3480\" src=\"https:\/\/blogsaverroes.juntadeandalucia.es\/ceperguamenze\/files\/2022\/11\/DSC7330-scaled.jpg\" alt=\"\" width=\"1067\" height=\"1600\" srcset=\"https:\/\/blogsaverroes.juntadeandalucia.es\/ceperguamenze\/files\/2022\/11\/DSC7330-scaled.jpg 1067w, https:\/\/blogsaverroes.juntadeandalucia.es\/ceperguamenze\/files\/2022\/11\/DSC7330-200x300.jpg 200w, https:\/\/blogsaverroes.juntadeandalucia.es\/ceperguamenze\/files\/2022\/11\/DSC7330-683x1024.jpg 683w, https:\/\/blogsaverroes.juntadeandalucia.es\/ceperguamenze\/files\/2022\/11\/DSC7330-768x1152.jpg 768w, https:\/\/blogsaverroes.juntadeandalucia.es\/ceperguamenze\/files\/2022\/11\/DSC7330-1024x1536.jpg 1024w, https:\/\/blogsaverroes.juntadeandalucia.es\/ceperguamenze\/files\/2022\/11\/DSC7330-1365x2048.jpg 1365w\" sizes=\"(max-width: 1067px) 100vw, 1067px\" \/><\/a><p id=\"caption-attachment-3480\" class=\"wp-caption-text\">Mujer africana con ni\u00f1o<\/p><\/div>\n<div id=\"attachment_3479\" style=\"width: 1077px\" class=\"wp-caption alignnone\"><a href=\"https:\/\/blogsaverroes.juntadeandalucia.es\/ceperguamenze\/files\/2022\/11\/DSC7323-scaled.jpg\"><img loading=\"lazy\" decoding=\"async\" aria-describedby=\"caption-attachment-3479\" class=\"size-full wp-image-3479\" src=\"https:\/\/blogsaverroes.juntadeandalucia.es\/ceperguamenze\/files\/2022\/11\/DSC7323-scaled.jpg\" alt=\"\" width=\"1067\" height=\"1600\" srcset=\"https:\/\/blogsaverroes.juntadeandalucia.es\/ceperguamenze\/files\/2022\/11\/DSC7323-scaled.jpg 1067w, https:\/\/blogsaverroes.juntadeandalucia.es\/ceperguamenze\/files\/2022\/11\/DSC7323-200x300.jpg 200w, https:\/\/blogsaverroes.juntadeandalucia.es\/ceperguamenze\/files\/2022\/11\/DSC7323-683x1024.jpg 683w, https:\/\/blogsaverroes.juntadeandalucia.es\/ceperguamenze\/files\/2022\/11\/DSC7323-768x1152.jpg 768w, https:\/\/blogsaverroes.juntadeandalucia.es\/ceperguamenze\/files\/2022\/11\/DSC7323-1024x1536.jpg 1024w, https:\/\/blogsaverroes.juntadeandalucia.es\/ceperguamenze\/files\/2022\/11\/DSC7323-1365x2048.jpg 1365w\" sizes=\"(max-width: 1067px) 100vw, 1067px\" \/><\/a><p id=\"caption-attachment-3479\" class=\"wp-caption-text\">Ni\u00f1a<\/p><\/div>\n<div id=\"attachment_3478\" style=\"width: 1077px\" class=\"wp-caption alignnone\"><a href=\"https:\/\/blogsaverroes.juntadeandalucia.es\/ceperguamenze\/files\/2022\/11\/DSC7319-scaled.jpg\"><img loading=\"lazy\" decoding=\"async\" aria-describedby=\"caption-attachment-3478\" class=\"size-full wp-image-3478\" src=\"https:\/\/blogsaverroes.juntadeandalucia.es\/ceperguamenze\/files\/2022\/11\/DSC7319-scaled.jpg\" alt=\"\" width=\"1067\" height=\"1600\" srcset=\"https:\/\/blogsaverroes.juntadeandalucia.es\/ceperguamenze\/files\/2022\/11\/DSC7319-scaled.jpg 1067w, https:\/\/blogsaverroes.juntadeandalucia.es\/ceperguamenze\/files\/2022\/11\/DSC7319-200x300.jpg 200w, https:\/\/blogsaverroes.juntadeandalucia.es\/ceperguamenze\/files\/2022\/11\/DSC7319-683x1024.jpg 683w, https:\/\/blogsaverroes.juntadeandalucia.es\/ceperguamenze\/files\/2022\/11\/DSC7319-768x1152.jpg 768w, https:\/\/blogsaverroes.juntadeandalucia.es\/ceperguamenze\/files\/2022\/11\/DSC7319-1024x1536.jpg 1024w, https:\/\/blogsaverroes.juntadeandalucia.es\/ceperguamenze\/files\/2022\/11\/DSC7319-1365x2048.jpg 1365w\" sizes=\"(max-width: 1067px) 100vw, 1067px\" \/><\/a><p id=\"caption-attachment-3478\" class=\"wp-caption-text\">Mujer africana con ni\u00f1o<\/p><\/div>\n<p><a href=\"https:\/\/blogsaverroes.juntadeandalucia.es\/ceperguamenze\/files\/2022\/11\/DSC7361-scaled.jpg\"><img loading=\"lazy\" decoding=\"async\" class=\"alignnone size-full wp-image-3490\" src=\"https:\/\/blogsaverroes.juntadeandalucia.es\/ceperguamenze\/files\/2022\/11\/DSC7361-scaled.jpg\" alt=\"\" width=\"1067\" height=\"1600\" srcset=\"https:\/\/blogsaverroes.juntadeandalucia.es\/ceperguamenze\/files\/2022\/11\/DSC7361-scaled.jpg 1067w, https:\/\/blogsaverroes.juntadeandalucia.es\/ceperguamenze\/files\/2022\/11\/DSC7361-200x300.jpg 200w, https:\/\/blogsaverroes.juntadeandalucia.es\/ceperguamenze\/files\/2022\/11\/DSC7361-683x1024.jpg 683w, https:\/\/blogsaverroes.juntadeandalucia.es\/ceperguamenze\/files\/2022\/11\/DSC7361-768x1152.jpg 768w, https:\/\/blogsaverroes.juntadeandalucia.es\/ceperguamenze\/files\/2022\/11\/DSC7361-1024x1536.jpg 1024w, https:\/\/blogsaverroes.juntadeandalucia.es\/ceperguamenze\/files\/2022\/11\/DSC7361-1365x2048.jpg 1365w\" sizes=\"(max-width: 1067px) 100vw, 1067px\" \/><\/a> <a href=\"https:\/\/blogsaverroes.juntadeandalucia.es\/ceperguamenze\/files\/2022\/11\/DSC7357-scaled.jpg\"><img loading=\"lazy\" decoding=\"async\" class=\"alignnone size-full wp-image-3489\" src=\"https:\/\/blogsaverroes.juntadeandalucia.es\/ceperguamenze\/files\/2022\/11\/DSC7357-scaled.jpg\" alt=\"\" width=\"1067\" height=\"1600\" srcset=\"https:\/\/blogsaverroes.juntadeandalucia.es\/ceperguamenze\/files\/2022\/11\/DSC7357-scaled.jpg 1067w, https:\/\/blogsaverroes.juntadeandalucia.es\/ceperguamenze\/files\/2022\/11\/DSC7357-200x300.jpg 200w, https:\/\/blogsaverroes.juntadeandalucia.es\/ceperguamenze\/files\/2022\/11\/DSC7357-683x1024.jpg 683w, https:\/\/blogsaverroes.juntadeandalucia.es\/ceperguamenze\/files\/2022\/11\/DSC7357-768x1152.jpg 768w, https:\/\/blogsaverroes.juntadeandalucia.es\/ceperguamenze\/files\/2022\/11\/DSC7357-1024x1536.jpg 1024w, https:\/\/blogsaverroes.juntadeandalucia.es\/ceperguamenze\/files\/2022\/11\/DSC7357-1365x2048.jpg 1365w\" sizes=\"(max-width: 1067px) 100vw, 1067px\" \/><\/a> <a href=\"https:\/\/blogsaverroes.juntadeandalucia.es\/ceperguamenze\/files\/2022\/11\/DSC7350-scaled.jpg\"><img loading=\"lazy\" decoding=\"async\" class=\"alignnone size-full wp-image-3488\" src=\"https:\/\/blogsaverroes.juntadeandalucia.es\/ceperguamenze\/files\/2022\/11\/DSC7350-scaled.jpg\" alt=\"\" width=\"1067\" height=\"1600\" srcset=\"https:\/\/blogsaverroes.juntadeandalucia.es\/ceperguamenze\/files\/2022\/11\/DSC7350-scaled.jpg 1067w, https:\/\/blogsaverroes.juntadeandalucia.es\/ceperguamenze\/files\/2022\/11\/DSC7350-200x300.jpg 200w, https:\/\/blogsaverroes.juntadeandalucia.es\/ceperguamenze\/files\/2022\/11\/DSC7350-683x1024.jpg 683w, https:\/\/blogsaverroes.juntadeandalucia.es\/ceperguamenze\/files\/2022\/11\/DSC7350-768x1152.jpg 768w, https:\/\/blogsaverroes.juntadeandalucia.es\/ceperguamenze\/files\/2022\/11\/DSC7350-1024x1536.jpg 1024w, https:\/\/blogsaverroes.juntadeandalucia.es\/ceperguamenze\/files\/2022\/11\/DSC7350-1365x2048.jpg 1365w\" sizes=\"(max-width: 1067px) 100vw, 1067px\" \/><\/a><\/p>\n<p style=\"text-align: center\"><em>Jos\u00e9 Hern\u00e1ndez Montalb\u00e1n<\/em><br \/>\n<em>&#8220;Forjado en femenino&#8221;<\/em><br \/>\n<em>&#8221; la mujer, al igual que el hierro, ha tenido que volverse resistente y a la vez maleable para hacer frente a multitud de situaciones&#8221;<\/em><\/p>\n<p><a href=\"https:\/\/blogsaverroes.juntadeandalucia.es\/ceperguamenze\/files\/2022\/11\/CartelCuadrado_PactoVG_blanco.jpg\"><img loading=\"lazy\" decoding=\"async\" class=\"alignnone wp-image-3503\" src=\"https:\/\/blogsaverroes.juntadeandalucia.es\/ceperguamenze\/files\/2022\/11\/CartelCuadrado_PactoVG_blanco.jpg\" alt=\"\" width=\"247\" height=\"247\" srcset=\"https:\/\/blogsaverroes.juntadeandalucia.es\/ceperguamenze\/files\/2022\/11\/CartelCuadrado_PactoVG_blanco.jpg 572w, https:\/\/blogsaverroes.juntadeandalucia.es\/ceperguamenze\/files\/2022\/11\/CartelCuadrado_PactoVG_blanco-300x300.jpg 300w, https:\/\/blogsaverroes.juntadeandalucia.es\/ceperguamenze\/files\/2022\/11\/CartelCuadrado_PactoVG_blanco-150x150.jpg 150w\" sizes=\"(max-width: 247px) 100vw, 247px\" \/><\/a><a href=\"https:\/\/blogsaverroes.juntadeandalucia.es\/ceperguamenze\/files\/2022\/02\/CEPER-Guamenze-2-1.png\"><img loading=\"lazy\" decoding=\"async\" class=\"alignnone wp-image-3101\" src=\"https:\/\/blogsaverroes.juntadeandalucia.es\/ceperguamenze\/files\/2022\/02\/CEPER-Guamenze-2-1.png\" alt=\"\" width=\"248\" height=\"248\" srcset=\"https:\/\/blogsaverroes.juntadeandalucia.es\/ceperguamenze\/files\/2022\/02\/CEPER-Guamenze-2-1.png 500w, https:\/\/blogsaverroes.juntadeandalucia.es\/ceperguamenze\/files\/2022\/02\/CEPER-Guamenze-2-1-300x300.png 300w, https:\/\/blogsaverroes.juntadeandalucia.es\/ceperguamenze\/files\/2022\/02\/CEPER-Guamenze-2-1-150x150.png 150w, https:\/\/blogsaverroes.juntadeandalucia.es\/ceperguamenze\/files\/2022\/02\/CEPER-Guamenze-2-1-50x50.png 50w\" sizes=\"(max-width: 248px) 100vw, 248px\" \/><\/a><\/p>\n","protected":false},"excerpt":{"rendered":"<p>Esta tarde toca hacer algo diferente. Los cuadernos y los l\u00e1pices se quedan dormidos en las aulas y dejamos al centro tranquilo, en silencio. Subiendo por diferentes calles que van a desembocar a la&#46;&#46;&#46;<\/p>\n","protected":false},"author":11510,"featured_media":3496,"comment_status":"open","ping_status":"open","sticky":false,"template":"","format":"standard","meta":{"ngg_post_thumbnail":0,"footnotes":""},"categories":[5991,784,26636,2351649,11909],"tags":[],"aioseo_notices":[],"_links":{"self":[{"href":"https:\/\/blogsaverroes.juntadeandalucia.es\/ceperguamenze\/wp-json\/wp\/v2\/posts\/3472"}],"collection":[{"href":"https:\/\/blogsaverroes.juntadeandalucia.es\/ceperguamenze\/wp-json\/wp\/v2\/posts"}],"about":[{"href":"https:\/\/blogsaverroes.juntadeandalucia.es\/ceperguamenze\/wp-json\/wp\/v2\/types\/post"}],"author":[{"embeddable":true,"href":"https:\/\/blogsaverroes.juntadeandalucia.es\/ceperguamenze\/wp-json\/wp\/v2\/users\/11510"}],"replies":[{"embeddable":true,"href":"https:\/\/blogsaverroes.juntadeandalucia.es\/ceperguamenze\/wp-json\/wp\/v2\/comments?post=3472"}],"version-history":[{"count":3,"href":"https:\/\/blogsaverroes.juntadeandalucia.es\/ceperguamenze\/wp-json\/wp\/v2\/posts\/3472\/revisions"}],"predecessor-version":[{"id":3504,"href":"https:\/\/blogsaverroes.juntadeandalucia.es\/ceperguamenze\/wp-json\/wp\/v2\/posts\/3472\/revisions\/3504"}],"wp:featuredmedia":[{"embeddable":true,"href":"https:\/\/blogsaverroes.juntadeandalucia.es\/ceperguamenze\/wp-json\/wp\/v2\/media\/3496"}],"wp:attachment":[{"href":"https:\/\/blogsaverroes.juntadeandalucia.es\/ceperguamenze\/wp-json\/wp\/v2\/media?parent=3472"}],"wp:term":[{"taxonomy":"category","embeddable":true,"href":"https:\/\/blogsaverroes.juntadeandalucia.es\/ceperguamenze\/wp-json\/wp\/v2\/categories?post=3472"},{"taxonomy":"post_tag","embeddable":true,"href":"https:\/\/blogsaverroes.juntadeandalucia.es\/ceperguamenze\/wp-json\/wp\/v2\/tags?post=3472"}],"curies":[{"name":"wp","href":"https:\/\/api.w.org\/{rel}","templated":true}]}}