{"id":3848,"date":"2023-03-09T20:45:20","date_gmt":"2023-03-09T20:45:20","guid":{"rendered":"https:\/\/blogsaverroes.juntadeandalucia.es\/ceperguamenze\/?p=3848"},"modified":"2023-04-03T10:28:47","modified_gmt":"2023-04-03T10:28:47","slug":"dia-internacional-de-la-mujer-8m","status":"publish","type":"post","link":"https:\/\/blogsaverroes.juntadeandalucia.es\/ceperguamenze\/dia-internacional-de-la-mujer-8m\/","title":{"rendered":"D\u00eda Internacional de la mujer 8M"},"content":{"rendered":"<p>Con motivo de la celebraci\u00f3n del D\u00eda Internacional de la mujer el 8 de marzo el CEPER Guamenze ha realizado varios actos conmemorativos.<\/p>\n<p>En primer lugar, hemos inaugurado nuestro Rinc\u00f3n Violeta, un espacio de reflexi\u00f3n e investigaci\u00f3n en formato biling\u00fce y digital, creado por nuestro alumnado y disponible para su visita en nuestro centro, en la Casa de Don Adriano.<\/p>\n<p>Adem\u00e1s, hemos realizado una merienda con un total de 150 alumnas y alumnos de nuestro centro para celebrar esta fecha tan importante, poner en valor a aquellas que consiguieron nuestros avances, y recordar la importancia de seguir luchando por una igualdad real y total. En este acto, desarrollado en el bar Liceo, hemos contado con la presencia de Bel\u00e9n Porcel, Encarna P\u00e9rez, Encarna Membrilla y Pablo Aranda. Adem\u00e1s un grupo de 9 profesores procedentes de Turqu\u00eda que nos deleitaron con un peque\u00f1o concierto de Kemence (instrumento tradicional turco).<\/p>\n<p>Puedes ver la actuaci\u00f3n en el siguiente video:<\/p>\n<p><iframe loading=\"lazy\" src=\"\/\/www.youtube.com\/embed\/xZrOeOixcJ4\" width=\"560\" height=\"314\"><\/iframe><\/p>\n<p>Al d\u00eda siguiente, el alumnado del plan H\u00e1bitos de Vida Saludable particip\u00f3 en el Teatro Mira de Amescua en el acto organizado por el Ayuntamiento de Guadix, siendo Luna la conductora del evento y su grupo, las representantes del CEPER Guamenze con la canci\u00f3n &#8220;Mariposas&#8221;. Tambi\u00e9n, algunas de nuestras alumnas participaron con la Asociaci\u00f3n San Jos\u00e9.<\/p>\n<p>\u00a1Enhorabuenas a todas! Hemos hecho de este d\u00eda un momento memorable, seguimos trabajando por ampliar la mentalidad feminista que equilibre una sociedad debilitada por las desigualdades.<\/p>\n<p><a href=\"https:\/\/blogsaverroes.juntadeandalucia.es\/ceperguamenze\/files\/2023\/03\/WhatsApp-Image-2023-03-09-at-18.43.03-3.jpeg\"><img loading=\"lazy\" decoding=\"async\" class=\"aligncenter size-large wp-image-3854\" src=\"https:\/\/blogsaverroes.juntadeandalucia.es\/ceperguamenze\/files\/2023\/03\/WhatsApp-Image-2023-03-09-at-18.43.03-3-768x1024.jpeg\" alt=\"\" width=\"589\" height=\"785\" srcset=\"https:\/\/blogsaverroes.juntadeandalucia.es\/ceperguamenze\/files\/2023\/03\/WhatsApp-Image-2023-03-09-at-18.43.03-3-768x1024.jpeg 768w, https:\/\/blogsaverroes.juntadeandalucia.es\/ceperguamenze\/files\/2023\/03\/WhatsApp-Image-2023-03-09-at-18.43.03-3-225x300.jpeg 225w, https:\/\/blogsaverroes.juntadeandalucia.es\/ceperguamenze\/files\/2023\/03\/WhatsApp-Image-2023-03-09-at-18.43.03-3-1152x1536.jpeg 1152w, https:\/\/blogsaverroes.juntadeandalucia.es\/ceperguamenze\/files\/2023\/03\/WhatsApp-Image-2023-03-09-at-18.43.03-3.jpeg 1200w\" sizes=\"(max-width: 589px) 100vw, 589px\" \/><\/a> <a href=\"https:\/\/blogsaverroes.juntadeandalucia.es\/ceperguamenze\/files\/2023\/03\/WhatsApp-Image-2023-03-09-at-20.27.03-2.jpeg\"><img loading=\"lazy\" decoding=\"async\" class=\"aligncenter size-large wp-image-3850\" src=\"https:\/\/blogsaverroes.juntadeandalucia.es\/ceperguamenze\/files\/2023\/03\/WhatsApp-Image-2023-03-09-at-20.27.03-2-1024x461.jpeg\" alt=\"\" width=\"589\" height=\"265\" srcset=\"https:\/\/blogsaverroes.juntadeandalucia.es\/ceperguamenze\/files\/2023\/03\/WhatsApp-Image-2023-03-09-at-20.27.03-2-1024x461.jpeg 1024w, https:\/\/blogsaverroes.juntadeandalucia.es\/ceperguamenze\/files\/2023\/03\/WhatsApp-Image-2023-03-09-at-20.27.03-2-300x135.jpeg 300w, https:\/\/blogsaverroes.juntadeandalucia.es\/ceperguamenze\/files\/2023\/03\/WhatsApp-Image-2023-03-09-at-20.27.03-2-768x346.jpeg 768w, https:\/\/blogsaverroes.juntadeandalucia.es\/ceperguamenze\/files\/2023\/03\/WhatsApp-Image-2023-03-09-at-20.27.03-2-1536x691.jpeg 1536w, https:\/\/blogsaverroes.juntadeandalucia.es\/ceperguamenze\/files\/2023\/03\/WhatsApp-Image-2023-03-09-at-20.27.03-2.jpeg 1600w\" sizes=\"(max-width: 589px) 100vw, 589px\" \/><\/a> <a href=\"https:\/\/blogsaverroes.juntadeandalucia.es\/ceperguamenze\/files\/2023\/03\/WhatsApp-Image-2023-03-09-at-20.27.04-1.jpeg\"><img loading=\"lazy\" decoding=\"async\" class=\"aligncenter size-large wp-image-3857\" src=\"https:\/\/blogsaverroes.juntadeandalucia.es\/ceperguamenze\/files\/2023\/03\/WhatsApp-Image-2023-03-09-at-20.27.04-1-1024x461.jpeg\" alt=\"\" width=\"589\" height=\"265\" srcset=\"https:\/\/blogsaverroes.juntadeandalucia.es\/ceperguamenze\/files\/2023\/03\/WhatsApp-Image-2023-03-09-at-20.27.04-1-1024x461.jpeg 1024w, https:\/\/blogsaverroes.juntadeandalucia.es\/ceperguamenze\/files\/2023\/03\/WhatsApp-Image-2023-03-09-at-20.27.04-1-300x135.jpeg 300w, https:\/\/blogsaverroes.juntadeandalucia.es\/ceperguamenze\/files\/2023\/03\/WhatsApp-Image-2023-03-09-at-20.27.04-1-768x346.jpeg 768w, https:\/\/blogsaverroes.juntadeandalucia.es\/ceperguamenze\/files\/2023\/03\/WhatsApp-Image-2023-03-09-at-20.27.04-1-1536x691.jpeg 1536w, https:\/\/blogsaverroes.juntadeandalucia.es\/ceperguamenze\/files\/2023\/03\/WhatsApp-Image-2023-03-09-at-20.27.04-1.jpeg 1600w\" sizes=\"(max-width: 589px) 100vw, 589px\" \/><\/a> <a href=\"https:\/\/blogsaverroes.juntadeandalucia.es\/ceperguamenze\/files\/2023\/03\/WhatsApp-Image-2023-03-09-at-20.27.04-2.jpeg\"><img loading=\"lazy\" decoding=\"async\" class=\"aligncenter size-large wp-image-3856\" src=\"https:\/\/blogsaverroes.juntadeandalucia.es\/ceperguamenze\/files\/2023\/03\/WhatsApp-Image-2023-03-09-at-20.27.04-2-1024x461.jpeg\" alt=\"\" width=\"589\" height=\"265\" srcset=\"https:\/\/blogsaverroes.juntadeandalucia.es\/ceperguamenze\/files\/2023\/03\/WhatsApp-Image-2023-03-09-at-20.27.04-2-1024x461.jpeg 1024w, https:\/\/blogsaverroes.juntadeandalucia.es\/ceperguamenze\/files\/2023\/03\/WhatsApp-Image-2023-03-09-at-20.27.04-2-300x135.jpeg 300w, https:\/\/blogsaverroes.juntadeandalucia.es\/ceperguamenze\/files\/2023\/03\/WhatsApp-Image-2023-03-09-at-20.27.04-2-768x346.jpeg 768w, https:\/\/blogsaverroes.juntadeandalucia.es\/ceperguamenze\/files\/2023\/03\/WhatsApp-Image-2023-03-09-at-20.27.04-2-1536x691.jpeg 1536w, https:\/\/blogsaverroes.juntadeandalucia.es\/ceperguamenze\/files\/2023\/03\/WhatsApp-Image-2023-03-09-at-20.27.04-2.jpeg 1600w\" sizes=\"(max-width: 589px) 100vw, 589px\" \/><\/a> <a href=\"https:\/\/blogsaverroes.juntadeandalucia.es\/ceperguamenze\/files\/2023\/03\/WhatsApp-Image-2023-03-09-at-20.27.04-3.jpeg\"><img loading=\"lazy\" decoding=\"async\" class=\"aligncenter size-large wp-image-3855\" src=\"https:\/\/blogsaverroes.juntadeandalucia.es\/ceperguamenze\/files\/2023\/03\/WhatsApp-Image-2023-03-09-at-20.27.04-3-1024x461.jpeg\" alt=\"\" width=\"589\" height=\"265\" srcset=\"https:\/\/blogsaverroes.juntadeandalucia.es\/ceperguamenze\/files\/2023\/03\/WhatsApp-Image-2023-03-09-at-20.27.04-3-1024x461.jpeg 1024w, https:\/\/blogsaverroes.juntadeandalucia.es\/ceperguamenze\/files\/2023\/03\/WhatsApp-Image-2023-03-09-at-20.27.04-3-300x135.jpeg 300w, https:\/\/blogsaverroes.juntadeandalucia.es\/ceperguamenze\/files\/2023\/03\/WhatsApp-Image-2023-03-09-at-20.27.04-3-768x346.jpeg 768w, https:\/\/blogsaverroes.juntadeandalucia.es\/ceperguamenze\/files\/2023\/03\/WhatsApp-Image-2023-03-09-at-20.27.04-3-1536x691.jpeg 1536w, https:\/\/blogsaverroes.juntadeandalucia.es\/ceperguamenze\/files\/2023\/03\/WhatsApp-Image-2023-03-09-at-20.27.04-3.jpeg 1600w\" sizes=\"(max-width: 589px) 100vw, 589px\" \/><\/a> <a href=\"https:\/\/blogsaverroes.juntadeandalucia.es\/ceperguamenze\/files\/2023\/03\/WhatsApp-Image-2023-03-09-at-20.27.03-3.jpeg\"><img loading=\"lazy\" decoding=\"async\" class=\"aligncenter size-large wp-image-3849\" src=\"https:\/\/blogsaverroes.juntadeandalucia.es\/ceperguamenze\/files\/2023\/03\/WhatsApp-Image-2023-03-09-at-20.27.03-3-1024x768.jpeg\" alt=\"\" width=\"589\" height=\"442\" srcset=\"https:\/\/blogsaverroes.juntadeandalucia.es\/ceperguamenze\/files\/2023\/03\/WhatsApp-Image-2023-03-09-at-20.27.03-3-1024x768.jpeg 1024w, https:\/\/blogsaverroes.juntadeandalucia.es\/ceperguamenze\/files\/2023\/03\/WhatsApp-Image-2023-03-09-at-20.27.03-3-300x225.jpeg 300w, https:\/\/blogsaverroes.juntadeandalucia.es\/ceperguamenze\/files\/2023\/03\/WhatsApp-Image-2023-03-09-at-20.27.03-3-768x576.jpeg 768w, https:\/\/blogsaverroes.juntadeandalucia.es\/ceperguamenze\/files\/2023\/03\/WhatsApp-Image-2023-03-09-at-20.27.03-3-1536x1152.jpeg 1536w, https:\/\/blogsaverroes.juntadeandalucia.es\/ceperguamenze\/files\/2023\/03\/WhatsApp-Image-2023-03-09-at-20.27.03-3.jpeg 1600w\" sizes=\"(max-width: 589px) 100vw, 589px\" \/><\/a> <a href=\"https:\/\/blogsaverroes.juntadeandalucia.es\/ceperguamenze\/files\/2023\/03\/WhatsApp-Image-2023-03-09-at-20.27.04.jpeg\"><img loading=\"lazy\" decoding=\"async\" class=\"aligncenter size-large wp-image-3858\" src=\"https:\/\/blogsaverroes.juntadeandalucia.es\/ceperguamenze\/files\/2023\/03\/WhatsApp-Image-2023-03-09-at-20.27.04-1024x768.jpeg\" alt=\"\" width=\"589\" height=\"442\" srcset=\"https:\/\/blogsaverroes.juntadeandalucia.es\/ceperguamenze\/files\/2023\/03\/WhatsApp-Image-2023-03-09-at-20.27.04-1024x768.jpeg 1024w, https:\/\/blogsaverroes.juntadeandalucia.es\/ceperguamenze\/files\/2023\/03\/WhatsApp-Image-2023-03-09-at-20.27.04-300x225.jpeg 300w, https:\/\/blogsaverroes.juntadeandalucia.es\/ceperguamenze\/files\/2023\/03\/WhatsApp-Image-2023-03-09-at-20.27.04-768x576.jpeg 768w, https:\/\/blogsaverroes.juntadeandalucia.es\/ceperguamenze\/files\/2023\/03\/WhatsApp-Image-2023-03-09-at-20.27.04-1536x1152.jpeg 1536w, https:\/\/blogsaverroes.juntadeandalucia.es\/ceperguamenze\/files\/2023\/03\/WhatsApp-Image-2023-03-09-at-20.27.04.jpeg 1600w\" sizes=\"(max-width: 589px) 100vw, 589px\" \/><\/a><a href=\"https:\/\/blogsaverroes.juntadeandalucia.es\/ceperguamenze\/files\/2023\/03\/WhatsApp-Image-2023-03-11-at-18.48.04.jpeg\"><img loading=\"lazy\" decoding=\"async\" class=\"aligncenter size-large wp-image-3862\" src=\"https:\/\/blogsaverroes.juntadeandalucia.es\/ceperguamenze\/files\/2023\/03\/WhatsApp-Image-2023-03-11-at-18.48.04-1024x576.jpeg\" alt=\"\" width=\"589\" height=\"331\" srcset=\"https:\/\/blogsaverroes.juntadeandalucia.es\/ceperguamenze\/files\/2023\/03\/WhatsApp-Image-2023-03-11-at-18.48.04-1024x576.jpeg 1024w, https:\/\/blogsaverroes.juntadeandalucia.es\/ceperguamenze\/files\/2023\/03\/WhatsApp-Image-2023-03-11-at-18.48.04-300x169.jpeg 300w, https:\/\/blogsaverroes.juntadeandalucia.es\/ceperguamenze\/files\/2023\/03\/WhatsApp-Image-2023-03-11-at-18.48.04-768x432.jpeg 768w, https:\/\/blogsaverroes.juntadeandalucia.es\/ceperguamenze\/files\/2023\/03\/WhatsApp-Image-2023-03-11-at-18.48.04-1536x864.jpeg 1536w, https:\/\/blogsaverroes.juntadeandalucia.es\/ceperguamenze\/files\/2023\/03\/WhatsApp-Image-2023-03-11-at-18.48.04.jpeg 1600w\" sizes=\"(max-width: 589px) 100vw, 589px\" \/><\/a><a href=\"https:\/\/blogsaverroes.juntadeandalucia.es\/ceperguamenze\/files\/2023\/03\/WhatsApp-Image-2023-03-11-at-18.52.56.jpeg\"><img loading=\"lazy\" decoding=\"async\" class=\"aligncenter size-large wp-image-3863\" src=\"https:\/\/blogsaverroes.juntadeandalucia.es\/ceperguamenze\/files\/2023\/03\/WhatsApp-Image-2023-03-11-at-18.52.56-1024x576.jpeg\" alt=\"\" width=\"589\" height=\"331\" srcset=\"https:\/\/blogsaverroes.juntadeandalucia.es\/ceperguamenze\/files\/2023\/03\/WhatsApp-Image-2023-03-11-at-18.52.56-1024x576.jpeg 1024w, https:\/\/blogsaverroes.juntadeandalucia.es\/ceperguamenze\/files\/2023\/03\/WhatsApp-Image-2023-03-11-at-18.52.56-300x169.jpeg 300w, https:\/\/blogsaverroes.juntadeandalucia.es\/ceperguamenze\/files\/2023\/03\/WhatsApp-Image-2023-03-11-at-18.52.56-768x432.jpeg 768w, https:\/\/blogsaverroes.juntadeandalucia.es\/ceperguamenze\/files\/2023\/03\/WhatsApp-Image-2023-03-11-at-18.52.56-1536x864.jpeg 1536w, https:\/\/blogsaverroes.juntadeandalucia.es\/ceperguamenze\/files\/2023\/03\/WhatsApp-Image-2023-03-11-at-18.52.56.jpeg 1600w\" sizes=\"(max-width: 589px) 100vw, 589px\" \/><\/a><a href=\"https:\/\/blogsaverroes.juntadeandalucia.es\/ceperguamenze\/files\/2023\/03\/WhatsApp-Image-2023-03-11-at-18.53.17.jpeg\"><img loading=\"lazy\" decoding=\"async\" class=\"aligncenter size-large wp-image-3864\" src=\"https:\/\/blogsaverroes.juntadeandalucia.es\/ceperguamenze\/files\/2023\/03\/WhatsApp-Image-2023-03-11-at-18.53.17-1024x576.jpeg\" alt=\"\" width=\"589\" height=\"331\" srcset=\"https:\/\/blogsaverroes.juntadeandalucia.es\/ceperguamenze\/files\/2023\/03\/WhatsApp-Image-2023-03-11-at-18.53.17-1024x576.jpeg 1024w, https:\/\/blogsaverroes.juntadeandalucia.es\/ceperguamenze\/files\/2023\/03\/WhatsApp-Image-2023-03-11-at-18.53.17-300x169.jpeg 300w, https:\/\/blogsaverroes.juntadeandalucia.es\/ceperguamenze\/files\/2023\/03\/WhatsApp-Image-2023-03-11-at-18.53.17-768x432.jpeg 768w, https:\/\/blogsaverroes.juntadeandalucia.es\/ceperguamenze\/files\/2023\/03\/WhatsApp-Image-2023-03-11-at-18.53.17-1536x864.jpeg 1536w, https:\/\/blogsaverroes.juntadeandalucia.es\/ceperguamenze\/files\/2023\/03\/WhatsApp-Image-2023-03-11-at-18.53.17.jpeg 1600w\" sizes=\"(max-width: 589px) 100vw, 589px\" \/><\/a> <a href=\"https:\/\/blogsaverroes.juntadeandalucia.es\/ceperguamenze\/files\/2023\/03\/WhatsApp-Image-2023-03-09-at-20.27.03-1.jpeg\"><img loading=\"lazy\" decoding=\"async\" class=\"aligncenter size-full wp-image-3851\" src=\"https:\/\/blogsaverroes.juntadeandalucia.es\/ceperguamenze\/files\/2023\/03\/WhatsApp-Image-2023-03-09-at-20.27.03-1.jpeg\" alt=\"\" width=\"1024\" height=\"768\" srcset=\"https:\/\/blogsaverroes.juntadeandalucia.es\/ceperguamenze\/files\/2023\/03\/WhatsApp-Image-2023-03-09-at-20.27.03-1.jpeg 1024w, https:\/\/blogsaverroes.juntadeandalucia.es\/ceperguamenze\/files\/2023\/03\/WhatsApp-Image-2023-03-09-at-20.27.03-1-300x225.jpeg 300w, https:\/\/blogsaverroes.juntadeandalucia.es\/ceperguamenze\/files\/2023\/03\/WhatsApp-Image-2023-03-09-at-20.27.03-1-768x576.jpeg 768w\" sizes=\"(max-width: 1024px) 100vw, 1024px\" \/><\/a> <a href=\"https:\/\/blogsaverroes.juntadeandalucia.es\/ceperguamenze\/files\/2023\/03\/WhatsApp-Image-2023-03-09-at-20.25.42.jpeg\"><img loading=\"lazy\" decoding=\"async\" class=\"aligncenter size-large wp-image-3853\" src=\"https:\/\/blogsaverroes.juntadeandalucia.es\/ceperguamenze\/files\/2023\/03\/WhatsApp-Image-2023-03-09-at-20.25.42-1024x598.jpeg\" alt=\"\" width=\"589\" height=\"344\" srcset=\"https:\/\/blogsaverroes.juntadeandalucia.es\/ceperguamenze\/files\/2023\/03\/WhatsApp-Image-2023-03-09-at-20.25.42-1024x598.jpeg 1024w, https:\/\/blogsaverroes.juntadeandalucia.es\/ceperguamenze\/files\/2023\/03\/WhatsApp-Image-2023-03-09-at-20.25.42-300x175.jpeg 300w, https:\/\/blogsaverroes.juntadeandalucia.es\/ceperguamenze\/files\/2023\/03\/WhatsApp-Image-2023-03-09-at-20.25.42-768x448.jpeg 768w, https:\/\/blogsaverroes.juntadeandalucia.es\/ceperguamenze\/files\/2023\/03\/WhatsApp-Image-2023-03-09-at-20.25.42-1536x897.jpeg 1536w, https:\/\/blogsaverroes.juntadeandalucia.es\/ceperguamenze\/files\/2023\/03\/WhatsApp-Image-2023-03-09-at-20.25.42.jpeg 1600w\" sizes=\"(max-width: 589px) 100vw, 589px\" \/><\/a> <a href=\"https:\/\/blogsaverroes.juntadeandalucia.es\/ceperguamenze\/files\/2023\/03\/WhatsApp-Image-2023-03-09-at-20.27.03.jpeg\"><img loading=\"lazy\" decoding=\"async\" class=\"aligncenter size-full wp-image-3852\" src=\"https:\/\/blogsaverroes.juntadeandalucia.es\/ceperguamenze\/files\/2023\/03\/WhatsApp-Image-2023-03-09-at-20.27.03.jpeg\" alt=\"\" width=\"1024\" height=\"768\" srcset=\"https:\/\/blogsaverroes.juntadeandalucia.es\/ceperguamenze\/files\/2023\/03\/WhatsApp-Image-2023-03-09-at-20.27.03.jpeg 1024w, https:\/\/blogsaverroes.juntadeandalucia.es\/ceperguamenze\/files\/2023\/03\/WhatsApp-Image-2023-03-09-at-20.27.03-300x225.jpeg 300w, https:\/\/blogsaverroes.juntadeandalucia.es\/ceperguamenze\/files\/2023\/03\/WhatsApp-Image-2023-03-09-at-20.27.03-768x576.jpeg 768w\" sizes=\"(max-width: 1024px) 100vw, 1024px\" \/><\/a><a href=\"https:\/\/blogsaverroes.juntadeandalucia.es\/ceperguamenze\/files\/2022\/11\/es_v_cofinanciado_por_la_union_europea_pos.png\"><img loading=\"lazy\" decoding=\"async\" class=\"aligncenter size-full wp-image-3541\" src=\"https:\/\/blogsaverroes.juntadeandalucia.es\/ceperguamenze\/files\/2022\/11\/es_v_cofinanciado_por_la_union_europea_pos.png\" alt=\"\" width=\"910\" height=\"922\" srcset=\"https:\/\/blogsaverroes.juntadeandalucia.es\/ceperguamenze\/files\/2022\/11\/es_v_cofinanciado_por_la_union_europea_pos.png 910w, https:\/\/blogsaverroes.juntadeandalucia.es\/ceperguamenze\/files\/2022\/11\/es_v_cofinanciado_por_la_union_europea_pos-296x300.png 296w, https:\/\/blogsaverroes.juntadeandalucia.es\/ceperguamenze\/files\/2022\/11\/es_v_cofinanciado_por_la_union_europea_pos-768x778.png 768w\" sizes=\"(max-width: 910px) 100vw, 910px\" \/><\/a><\/p>\n","protected":false},"excerpt":{"rendered":"<p>Con motivo de la celebraci\u00f3n del D\u00eda Internacional de la mujer el 8 de marzo el CEPER Guamenze ha realizado varios actos conmemorativos. En primer lugar, hemos inaugurado nuestro Rinc\u00f3n Violeta, un espacio de&#46;&#46;&#46;<\/p>\n","protected":false},"author":14999,"featured_media":3863,"comment_status":"open","ping_status":"open","sticky":false,"template":"","format":"standard","meta":{"ngg_post_thumbnail":0,"footnotes":""},"categories":[5991,784,26636,2351650,2351652,421156,2351649,421159,6047,11909,2351651],"tags":[],"aioseo_notices":[],"_links":{"self":[{"href":"https:\/\/blogsaverroes.juntadeandalucia.es\/ceperguamenze\/wp-json\/wp\/v2\/posts\/3848"}],"collection":[{"href":"https:\/\/blogsaverroes.juntadeandalucia.es\/ceperguamenze\/wp-json\/wp\/v2\/posts"}],"about":[{"href":"https:\/\/blogsaverroes.juntadeandalucia.es\/ceperguamenze\/wp-json\/wp\/v2\/types\/post"}],"author":[{"embeddable":true,"href":"https:\/\/blogsaverroes.juntadeandalucia.es\/ceperguamenze\/wp-json\/wp\/v2\/users\/14999"}],"replies":[{"embeddable":true,"href":"https:\/\/blogsaverroes.juntadeandalucia.es\/ceperguamenze\/wp-json\/wp\/v2\/comments?post=3848"}],"version-history":[{"count":5,"href":"https:\/\/blogsaverroes.juntadeandalucia.es\/ceperguamenze\/wp-json\/wp\/v2\/posts\/3848\/revisions"}],"predecessor-version":[{"id":3867,"href":"https:\/\/blogsaverroes.juntadeandalucia.es\/ceperguamenze\/wp-json\/wp\/v2\/posts\/3848\/revisions\/3867"}],"wp:featuredmedia":[{"embeddable":true,"href":"https:\/\/blogsaverroes.juntadeandalucia.es\/ceperguamenze\/wp-json\/wp\/v2\/media\/3863"}],"wp:attachment":[{"href":"https:\/\/blogsaverroes.juntadeandalucia.es\/ceperguamenze\/wp-json\/wp\/v2\/media?parent=3848"}],"wp:term":[{"taxonomy":"category","embeddable":true,"href":"https:\/\/blogsaverroes.juntadeandalucia.es\/ceperguamenze\/wp-json\/wp\/v2\/categories?post=3848"},{"taxonomy":"post_tag","embeddable":true,"href":"https:\/\/blogsaverroes.juntadeandalucia.es\/ceperguamenze\/wp-json\/wp\/v2\/tags?post=3848"}],"curies":[{"name":"wp","href":"https:\/\/api.w.org\/{rel}","templated":true}]}}