{"id":4434,"date":"2023-10-22T07:48:49","date_gmt":"2023-10-22T07:48:49","guid":{"rendered":"https:\/\/blogsaverroes.juntadeandalucia.es\/ceperguamenze\/?p=4434"},"modified":"2023-11-03T19:56:55","modified_gmt":"2023-11-03T19:56:55","slug":"viaje-inicio-del-curso","status":"publish","type":"post","link":"https:\/\/blogsaverroes.juntadeandalucia.es\/ceperguamenze\/viaje-inicio-del-curso\/","title":{"rendered":"Viaje inicio del curso"},"content":{"rendered":"<p>Con motivo del inicio de curso 2023-2024 el centro de adultos CEPER GUAMENZE, ha organizado su primer viaje los d\u00edas 17-18-19 de octubre en el que se ha visitado Utrera- Chipiona-Costa Atl\u00e1ntica (Conil, Cabo Roche, Cabo Trafalgar, Parque Natural de las Bre\u00f1as, Marismas de Barbate) \u2013 Vejer de la Frontera -El Puerto de Santa Mar\u00eda-Estepona.<\/p>\n<p>El d\u00eda 17 de octubre visitamos Utrera donde hicimos un recorrido por sus calles y pudimos observar sus casas se\u00f1oriales y fachadas de sus iglesias. La siguiente visita fue a Chiclana donde fuimos a visitar el museo de Roc\u00edo Jurado.<\/p>\n<p>Seguimos con nuestro recorrido y llegamos el d\u00eda 18 a visitar, Chipiona, salimos con destino Conil y visitamos la Costa Atl\u00e1ntica, Cabo Roche, paramos sobre la costa acantilada donde pudimos observar el Oc\u00e9ano Atl\u00e1ntico con unas vistas impresionantes. Por la tarde visitamos el Puerto de Santa Mar\u00eda donde pudimos observar desde sus playas a sus preciosos paisajes de marismas, campos de dunas, y sus blancas monta\u00f1as de sal y sus pueblos blancos de la sierra.<\/p>\n<p>El d\u00eda 19 salimos hacia Estepona donde pudimos visitar sus calles y observar sus fachadas con unos grafitis preciosos, sus calles adornadas de flores y macetas de colores en las fachadas. Tambi\u00e9n pudimos pasear por la ruta de la poes\u00eda y la ruta de las esculturas. Ya por la tarde salimos con destino a M\u00e1laga donde pudimos dar un paseo por la calle Larios, finalizando as\u00ed nuestro viaje, un viaje que ha sido muy enriquecedor en cultura adem\u00e1s de disfrutar de una muy buena convivencia entre el alumnado.<\/p>\n<p>Video: Nati Cascales<\/p>\n<p><iframe loading=\"lazy\" title=\"VIAJE COSTA ATL\u00c1NTICA OCTUBRE 2023\" width=\"500\" height=\"281\" src=\"https:\/\/www.youtube.com\/embed\/wSpsZJEC434?feature=oembed&#038;wmode=opaque\" frameborder=\"0\" allow=\"accelerometer; autoplay; clipboard-write; encrypted-media; gyroscope; picture-in-picture; web-share\" referrerpolicy=\"strict-origin-when-cross-origin\" allowfullscreen><\/iframe><\/p>\n<p>Texto : Mari Navarro&nbsp; alumna del CEPER Guamenze<\/p>\n<p>Fotos : Piedad Jim\u00e9nez&nbsp; alumna del CEPER Guamenze<a href=\"https:\/\/blogsaverroes.juntadeandalucia.es\/ceperguamenze\/files\/2023\/10\/viaje-8.jpg\"><img loading=\"lazy\" decoding=\"async\" class=\"alignnone size-full wp-image-4435\" src=\"https:\/\/blogsaverroes.juntadeandalucia.es\/ceperguamenze\/files\/2023\/10\/viaje-8.jpg\" alt=\"\" width=\"1542\" height=\"695\" srcset=\"https:\/\/blogsaverroes.juntadeandalucia.es\/ceperguamenze\/files\/2023\/10\/viaje-8.jpg 1542w, https:\/\/blogsaverroes.juntadeandalucia.es\/ceperguamenze\/files\/2023\/10\/viaje-8-300x135.jpg 300w, https:\/\/blogsaverroes.juntadeandalucia.es\/ceperguamenze\/files\/2023\/10\/viaje-8-1024x462.jpg 1024w, https:\/\/blogsaverroes.juntadeandalucia.es\/ceperguamenze\/files\/2023\/10\/viaje-8-768x346.jpg 768w, https:\/\/blogsaverroes.juntadeandalucia.es\/ceperguamenze\/files\/2023\/10\/viaje-8-1536x692.jpg 1536w\" sizes=\"(max-width: 1542px) 100vw, 1542px\" \/><\/a> <a href=\"https:\/\/blogsaverroes.juntadeandalucia.es\/ceperguamenze\/files\/2023\/10\/viaje-7.jpg\"><img loading=\"lazy\" decoding=\"async\" class=\"alignnone size-full wp-image-4436\" src=\"https:\/\/blogsaverroes.juntadeandalucia.es\/ceperguamenze\/files\/2023\/10\/viaje-7.jpg\" alt=\"\" width=\"1542\" height=\"695\" srcset=\"https:\/\/blogsaverroes.juntadeandalucia.es\/ceperguamenze\/files\/2023\/10\/viaje-7.jpg 1542w, https:\/\/blogsaverroes.juntadeandalucia.es\/ceperguamenze\/files\/2023\/10\/viaje-7-300x135.jpg 300w, https:\/\/blogsaverroes.juntadeandalucia.es\/ceperguamenze\/files\/2023\/10\/viaje-7-1024x462.jpg 1024w, https:\/\/blogsaverroes.juntadeandalucia.es\/ceperguamenze\/files\/2023\/10\/viaje-7-768x346.jpg 768w, https:\/\/blogsaverroes.juntadeandalucia.es\/ceperguamenze\/files\/2023\/10\/viaje-7-1536x692.jpg 1536w\" sizes=\"(max-width: 1542px) 100vw, 1542px\" \/><\/a> <a href=\"https:\/\/blogsaverroes.juntadeandalucia.es\/ceperguamenze\/files\/2023\/10\/viaje-6.jpg\"><img loading=\"lazy\" decoding=\"async\" class=\"alignnone size-full wp-image-4437\" src=\"https:\/\/blogsaverroes.juntadeandalucia.es\/ceperguamenze\/files\/2023\/10\/viaje-6.jpg\" alt=\"\" width=\"695\" height=\"1542\" srcset=\"https:\/\/blogsaverroes.juntadeandalucia.es\/ceperguamenze\/files\/2023\/10\/viaje-6.jpg 695w, https:\/\/blogsaverroes.juntadeandalucia.es\/ceperguamenze\/files\/2023\/10\/viaje-6-135x300.jpg 135w, https:\/\/blogsaverroes.juntadeandalucia.es\/ceperguamenze\/files\/2023\/10\/viaje-6-462x1024.jpg 462w, https:\/\/blogsaverroes.juntadeandalucia.es\/ceperguamenze\/files\/2023\/10\/viaje-6-692x1536.jpg 692w\" sizes=\"(max-width: 695px) 100vw, 695px\" \/><\/a> <a href=\"https:\/\/blogsaverroes.juntadeandalucia.es\/ceperguamenze\/files\/2023\/10\/viaje-4.jpg\"><img loading=\"lazy\" decoding=\"async\" class=\"alignnone size-full wp-image-4438\" src=\"https:\/\/blogsaverroes.juntadeandalucia.es\/ceperguamenze\/files\/2023\/10\/viaje-4.jpg\" alt=\"\" width=\"1440\" height=\"1080\" srcset=\"https:\/\/blogsaverroes.juntadeandalucia.es\/ceperguamenze\/files\/2023\/10\/viaje-4.jpg 1440w, https:\/\/blogsaverroes.juntadeandalucia.es\/ceperguamenze\/files\/2023\/10\/viaje-4-300x225.jpg 300w, https:\/\/blogsaverroes.juntadeandalucia.es\/ceperguamenze\/files\/2023\/10\/viaje-4-1024x768.jpg 1024w, https:\/\/blogsaverroes.juntadeandalucia.es\/ceperguamenze\/files\/2023\/10\/viaje-4-768x576.jpg 768w\" sizes=\"(max-width: 1440px) 100vw, 1440px\" \/><\/a> <a href=\"https:\/\/blogsaverroes.juntadeandalucia.es\/ceperguamenze\/files\/2023\/10\/viaje-5.jpg\"><img loading=\"lazy\" decoding=\"async\" class=\"alignnone size-full wp-image-4439\" src=\"https:\/\/blogsaverroes.juntadeandalucia.es\/ceperguamenze\/files\/2023\/10\/viaje-5.jpg\" alt=\"\" width=\"1440\" height=\"1080\" srcset=\"https:\/\/blogsaverroes.juntadeandalucia.es\/ceperguamenze\/files\/2023\/10\/viaje-5.jpg 1440w, https:\/\/blogsaverroes.juntadeandalucia.es\/ceperguamenze\/files\/2023\/10\/viaje-5-300x225.jpg 300w, https:\/\/blogsaverroes.juntadeandalucia.es\/ceperguamenze\/files\/2023\/10\/viaje-5-1024x768.jpg 1024w, https:\/\/blogsaverroes.juntadeandalucia.es\/ceperguamenze\/files\/2023\/10\/viaje-5-768x576.jpg 768w\" sizes=\"(max-width: 1440px) 100vw, 1440px\" \/><\/a> <a href=\"https:\/\/blogsaverroes.juntadeandalucia.es\/ceperguamenze\/files\/2023\/10\/viaje-3.jpg\"><img loading=\"lazy\" decoding=\"async\" class=\"alignnone size-full wp-image-4440\" src=\"https:\/\/blogsaverroes.juntadeandalucia.es\/ceperguamenze\/files\/2023\/10\/viaje-3.jpg\" alt=\"\" width=\"695\" height=\"1542\" srcset=\"https:\/\/blogsaverroes.juntadeandalucia.es\/ceperguamenze\/files\/2023\/10\/viaje-3.jpg 695w, https:\/\/blogsaverroes.juntadeandalucia.es\/ceperguamenze\/files\/2023\/10\/viaje-3-135x300.jpg 135w, https:\/\/blogsaverroes.juntadeandalucia.es\/ceperguamenze\/files\/2023\/10\/viaje-3-462x1024.jpg 462w, https:\/\/blogsaverroes.juntadeandalucia.es\/ceperguamenze\/files\/2023\/10\/viaje-3-692x1536.jpg 692w\" sizes=\"(max-width: 695px) 100vw, 695px\" \/><\/a> <a href=\"https:\/\/blogsaverroes.juntadeandalucia.es\/ceperguamenze\/files\/2023\/10\/viaje-2.jpg\"><img loading=\"lazy\" decoding=\"async\" class=\"alignnone size-full wp-image-4441\" src=\"https:\/\/blogsaverroes.juntadeandalucia.es\/ceperguamenze\/files\/2023\/10\/viaje-2.jpg\" alt=\"\" width=\"695\" height=\"1542\" srcset=\"https:\/\/blogsaverroes.juntadeandalucia.es\/ceperguamenze\/files\/2023\/10\/viaje-2.jpg 695w, https:\/\/blogsaverroes.juntadeandalucia.es\/ceperguamenze\/files\/2023\/10\/viaje-2-135x300.jpg 135w, https:\/\/blogsaverroes.juntadeandalucia.es\/ceperguamenze\/files\/2023\/10\/viaje-2-462x1024.jpg 462w, https:\/\/blogsaverroes.juntadeandalucia.es\/ceperguamenze\/files\/2023\/10\/viaje-2-692x1536.jpg 692w\" sizes=\"(max-width: 695px) 100vw, 695px\" \/><\/a> <a href=\"https:\/\/blogsaverroes.juntadeandalucia.es\/ceperguamenze\/files\/2023\/10\/viaje1.jpg\"><img loading=\"lazy\" decoding=\"async\" class=\"alignnone size-full wp-image-4442\" src=\"https:\/\/blogsaverroes.juntadeandalucia.es\/ceperguamenze\/files\/2023\/10\/viaje1.jpg\" alt=\"\" width=\"695\" height=\"1542\" srcset=\"https:\/\/blogsaverroes.juntadeandalucia.es\/ceperguamenze\/files\/2023\/10\/viaje1.jpg 695w, https:\/\/blogsaverroes.juntadeandalucia.es\/ceperguamenze\/files\/2023\/10\/viaje1-135x300.jpg 135w, https:\/\/blogsaverroes.juntadeandalucia.es\/ceperguamenze\/files\/2023\/10\/viaje1-462x1024.jpg 462w, https:\/\/blogsaverroes.juntadeandalucia.es\/ceperguamenze\/files\/2023\/10\/viaje1-692x1536.jpg 692w\" sizes=\"(max-width: 695px) 100vw, 695px\" \/><\/a><\/p>\n","protected":false},"excerpt":{"rendered":"<p>Con motivo del inicio de curso 2023-2024 el centro de adultos CEPER GUAMENZE, ha organizado su primer viaje los d\u00edas 17-18-19 de octubre en el que se ha visitado Utrera- Chipiona-Costa Atl\u00e1ntica (Conil, Cabo&#46;&#46;&#46;<\/p>\n","protected":false},"author":11510,"featured_media":4438,"comment_status":"open","ping_status":"open","sticky":false,"template":"","format":"standard","meta":{"ngg_post_thumbnail":0,"footnotes":""},"categories":[11909],"tags":[],"aioseo_notices":[],"_links":{"self":[{"href":"https:\/\/blogsaverroes.juntadeandalucia.es\/ceperguamenze\/wp-json\/wp\/v2\/posts\/4434"}],"collection":[{"href":"https:\/\/blogsaverroes.juntadeandalucia.es\/ceperguamenze\/wp-json\/wp\/v2\/posts"}],"about":[{"href":"https:\/\/blogsaverroes.juntadeandalucia.es\/ceperguamenze\/wp-json\/wp\/v2\/types\/post"}],"author":[{"embeddable":true,"href":"https:\/\/blogsaverroes.juntadeandalucia.es\/ceperguamenze\/wp-json\/wp\/v2\/users\/11510"}],"replies":[{"embeddable":true,"href":"https:\/\/blogsaverroes.juntadeandalucia.es\/ceperguamenze\/wp-json\/wp\/v2\/comments?post=4434"}],"version-history":[{"count":4,"href":"https:\/\/blogsaverroes.juntadeandalucia.es\/ceperguamenze\/wp-json\/wp\/v2\/posts\/4434\/revisions"}],"predecessor-version":[{"id":4470,"href":"https:\/\/blogsaverroes.juntadeandalucia.es\/ceperguamenze\/wp-json\/wp\/v2\/posts\/4434\/revisions\/4470"}],"wp:featuredmedia":[{"embeddable":true,"href":"https:\/\/blogsaverroes.juntadeandalucia.es\/ceperguamenze\/wp-json\/wp\/v2\/media\/4438"}],"wp:attachment":[{"href":"https:\/\/blogsaverroes.juntadeandalucia.es\/ceperguamenze\/wp-json\/wp\/v2\/media?parent=4434"}],"wp:term":[{"taxonomy":"category","embeddable":true,"href":"https:\/\/blogsaverroes.juntadeandalucia.es\/ceperguamenze\/wp-json\/wp\/v2\/categories?post=4434"},{"taxonomy":"post_tag","embeddable":true,"href":"https:\/\/blogsaverroes.juntadeandalucia.es\/ceperguamenze\/wp-json\/wp\/v2\/tags?post=4434"}],"curies":[{"name":"wp","href":"https:\/\/api.w.org\/{rel}","templated":true}]}}