{"id":5573,"date":"2024-06-05T08:36:21","date_gmt":"2024-06-05T08:36:21","guid":{"rendered":"https:\/\/blogsaverroes.juntadeandalucia.es\/ceperguamenze\/?p=5573"},"modified":"2024-06-05T08:36:21","modified_gmt":"2024-06-05T08:36:21","slug":"visita-grupo-de-patrimonio-a-la-catedral-de-la-encarnacion-de-guadix-el-4-de-marzo","status":"publish","type":"post","link":"https:\/\/blogsaverroes.juntadeandalucia.es\/ceperguamenze\/visita-grupo-de-patrimonio-a-la-catedral-de-la-encarnacion-de-guadix-el-4-de-marzo\/","title":{"rendered":"Visita grupo de Patrimonio a la Catedral de la Encarnaci\u00f3n de Guadix, el 4 de marzo."},"content":{"rendered":"<p>\u00a1Maravillosa visita, la de esta tarde, en la clase de Patrimonio!<br \/>\nA las 5 de la tarde hemos tenido la gran suerte de contemplar nuestra querida Catedral, de la mano de Don Manuel Amezcua que nos ha ense\u00f1ado, deleitado e ilustrado muy bien con todo su saber y bien comunicar.<br \/>\nNos ha llevado al siglo XVI, XVII, XVIII, hemos descubierto la catedral desde el punto de vista teol\u00f3gico, arquitect\u00f3nico, escult\u00f3rico, pict\u00f3rico&#8230;hemos descubierto la sacrist\u00eda y sobre todo, quiero resaltar las explicaciones de dos esculturas importantes, La Piedad, r\u00e9plica de la original de Miguel \u00c1ngel y reconstru\u00edda por la escultora Mar\u00eda de los \u00c1ngeles L\u00e1zaro y la talla de la Virgen de la Humildad de Torcuato Ruiz del Peral.<\/p>\n<p>Redacci\u00f3n: Salud Delgado (alumna del CEPER Guamenze)<br \/>\nFotos: Sim\u00f3n Troyano (alumno del CEPER Guamenze)<\/p>\n<p>Edici\u00f3n: \u00c1ngeles Rodr\u00edguez (alumna del CEPER Guamenze)<\/p>\n<p>&nbsp;<\/p>\n<p><a href=\"https:\/\/blogsaverroes.juntadeandalucia.es\/ceperguamenze\/files\/2024\/06\/1-3.jpg\"><img loading=\"lazy\" decoding=\"async\" class=\"alignnone size-full wp-image-5593\" src=\"https:\/\/blogsaverroes.juntadeandalucia.es\/ceperguamenze\/files\/2024\/06\/1-3.jpg\" alt=\"\" width=\"1600\" height=\"720\" srcset=\"https:\/\/blogsaverroes.juntadeandalucia.es\/ceperguamenze\/files\/2024\/06\/1-3.jpg 1600w, https:\/\/blogsaverroes.juntadeandalucia.es\/ceperguamenze\/files\/2024\/06\/1-3-300x135.jpg 300w, https:\/\/blogsaverroes.juntadeandalucia.es\/ceperguamenze\/files\/2024\/06\/1-3-1024x461.jpg 1024w, https:\/\/blogsaverroes.juntadeandalucia.es\/ceperguamenze\/files\/2024\/06\/1-3-768x346.jpg 768w, https:\/\/blogsaverroes.juntadeandalucia.es\/ceperguamenze\/files\/2024\/06\/1-3-1536x691.jpg 1536w\" sizes=\"(max-width: 1600px) 100vw, 1600px\" \/><\/a> <a href=\"https:\/\/blogsaverroes.juntadeandalucia.es\/ceperguamenze\/files\/2024\/06\/4-4.jpg\"><img loading=\"lazy\" decoding=\"async\" class=\"alignnone size-full wp-image-5596\" src=\"https:\/\/blogsaverroes.juntadeandalucia.es\/ceperguamenze\/files\/2024\/06\/4-4.jpg\" alt=\"\" width=\"1200\" height=\"1600\" srcset=\"https:\/\/blogsaverroes.juntadeandalucia.es\/ceperguamenze\/files\/2024\/06\/4-4.jpg 1200w, https:\/\/blogsaverroes.juntadeandalucia.es\/ceperguamenze\/files\/2024\/06\/4-4-225x300.jpg 225w, https:\/\/blogsaverroes.juntadeandalucia.es\/ceperguamenze\/files\/2024\/06\/4-4-768x1024.jpg 768w, https:\/\/blogsaverroes.juntadeandalucia.es\/ceperguamenze\/files\/2024\/06\/4-4-1152x1536.jpg 1152w\" sizes=\"(max-width: 1200px) 100vw, 1200px\" \/><\/a> <a href=\"https:\/\/blogsaverroes.juntadeandalucia.es\/ceperguamenze\/files\/2024\/06\/5-3.jpg\"><img loading=\"lazy\" decoding=\"async\" class=\"alignnone size-full wp-image-5597\" src=\"https:\/\/blogsaverroes.juntadeandalucia.es\/ceperguamenze\/files\/2024\/06\/5-3.jpg\" alt=\"\" width=\"1200\" height=\"1600\" srcset=\"https:\/\/blogsaverroes.juntadeandalucia.es\/ceperguamenze\/files\/2024\/06\/5-3.jpg 1200w, https:\/\/blogsaverroes.juntadeandalucia.es\/ceperguamenze\/files\/2024\/06\/5-3-225x300.jpg 225w, https:\/\/blogsaverroes.juntadeandalucia.es\/ceperguamenze\/files\/2024\/06\/5-3-768x1024.jpg 768w, https:\/\/blogsaverroes.juntadeandalucia.es\/ceperguamenze\/files\/2024\/06\/5-3-1152x1536.jpg 1152w\" sizes=\"(max-width: 1200px) 100vw, 1200px\" \/><\/a> <a href=\"https:\/\/blogsaverroes.juntadeandalucia.es\/ceperguamenze\/files\/2024\/06\/6-3.jpg\"><img loading=\"lazy\" decoding=\"async\" class=\"alignnone size-full wp-image-5598\" src=\"https:\/\/blogsaverroes.juntadeandalucia.es\/ceperguamenze\/files\/2024\/06\/6-3.jpg\" alt=\"\" width=\"1200\" height=\"1600\" srcset=\"https:\/\/blogsaverroes.juntadeandalucia.es\/ceperguamenze\/files\/2024\/06\/6-3.jpg 1200w, https:\/\/blogsaverroes.juntadeandalucia.es\/ceperguamenze\/files\/2024\/06\/6-3-225x300.jpg 225w, https:\/\/blogsaverroes.juntadeandalucia.es\/ceperguamenze\/files\/2024\/06\/6-3-768x1024.jpg 768w, https:\/\/blogsaverroes.juntadeandalucia.es\/ceperguamenze\/files\/2024\/06\/6-3-1152x1536.jpg 1152w\" sizes=\"(max-width: 1200px) 100vw, 1200px\" \/><\/a> <a href=\"https:\/\/blogsaverroes.juntadeandalucia.es\/ceperguamenze\/files\/2024\/06\/3-4.jpg\"><img loading=\"lazy\" decoding=\"async\" class=\"alignnone size-full wp-image-5599\" src=\"https:\/\/blogsaverroes.juntadeandalucia.es\/ceperguamenze\/files\/2024\/06\/3-4.jpg\" alt=\"\" width=\"1200\" height=\"1600\" srcset=\"https:\/\/blogsaverroes.juntadeandalucia.es\/ceperguamenze\/files\/2024\/06\/3-4.jpg 1200w, https:\/\/blogsaverroes.juntadeandalucia.es\/ceperguamenze\/files\/2024\/06\/3-4-225x300.jpg 225w, https:\/\/blogsaverroes.juntadeandalucia.es\/ceperguamenze\/files\/2024\/06\/3-4-768x1024.jpg 768w, https:\/\/blogsaverroes.juntadeandalucia.es\/ceperguamenze\/files\/2024\/06\/3-4-1152x1536.jpg 1152w\" sizes=\"(max-width: 1200px) 100vw, 1200px\" \/><\/a> <a href=\"https:\/\/blogsaverroes.juntadeandalucia.es\/ceperguamenze\/files\/2024\/06\/2-4.jpg\"><img loading=\"lazy\" decoding=\"async\" class=\"alignnone size-full wp-image-5600\" src=\"https:\/\/blogsaverroes.juntadeandalucia.es\/ceperguamenze\/files\/2024\/06\/2-4.jpg\" alt=\"\" width=\"1600\" height=\"720\" srcset=\"https:\/\/blogsaverroes.juntadeandalucia.es\/ceperguamenze\/files\/2024\/06\/2-4.jpg 1600w, https:\/\/blogsaverroes.juntadeandalucia.es\/ceperguamenze\/files\/2024\/06\/2-4-300x135.jpg 300w, https:\/\/blogsaverroes.juntadeandalucia.es\/ceperguamenze\/files\/2024\/06\/2-4-1024x461.jpg 1024w, https:\/\/blogsaverroes.juntadeandalucia.es\/ceperguamenze\/files\/2024\/06\/2-4-768x346.jpg 768w, https:\/\/blogsaverroes.juntadeandalucia.es\/ceperguamenze\/files\/2024\/06\/2-4-1536x691.jpg 1536w\" sizes=\"(max-width: 1600px) 100vw, 1600px\" \/><\/a><\/p>\n<p>&nbsp;<\/p>\n","protected":false},"excerpt":{"rendered":"<p>\u00a1Maravillosa visita, la de esta tarde, en la clase de Patrimonio! A las 5 de la tarde hemos tenido la gran suerte de contemplar nuestra querida Catedral, de la mano de Don Manuel Amezcua&#46;&#46;&#46;<\/p>\n","protected":false},"author":11510,"featured_media":5593,"comment_status":"open","ping_status":"open","sticky":false,"template":"","format":"standard","meta":{"ngg_post_thumbnail":0,"footnotes":""},"categories":[11909],"tags":[],"aioseo_notices":[],"_links":{"self":[{"href":"https:\/\/blogsaverroes.juntadeandalucia.es\/ceperguamenze\/wp-json\/wp\/v2\/posts\/5573"}],"collection":[{"href":"https:\/\/blogsaverroes.juntadeandalucia.es\/ceperguamenze\/wp-json\/wp\/v2\/posts"}],"about":[{"href":"https:\/\/blogsaverroes.juntadeandalucia.es\/ceperguamenze\/wp-json\/wp\/v2\/types\/post"}],"author":[{"embeddable":true,"href":"https:\/\/blogsaverroes.juntadeandalucia.es\/ceperguamenze\/wp-json\/wp\/v2\/users\/11510"}],"replies":[{"embeddable":true,"href":"https:\/\/blogsaverroes.juntadeandalucia.es\/ceperguamenze\/wp-json\/wp\/v2\/comments?post=5573"}],"version-history":[{"count":1,"href":"https:\/\/blogsaverroes.juntadeandalucia.es\/ceperguamenze\/wp-json\/wp\/v2\/posts\/5573\/revisions"}],"predecessor-version":[{"id":5603,"href":"https:\/\/blogsaverroes.juntadeandalucia.es\/ceperguamenze\/wp-json\/wp\/v2\/posts\/5573\/revisions\/5603"}],"wp:featuredmedia":[{"embeddable":true,"href":"https:\/\/blogsaverroes.juntadeandalucia.es\/ceperguamenze\/wp-json\/wp\/v2\/media\/5593"}],"wp:attachment":[{"href":"https:\/\/blogsaverroes.juntadeandalucia.es\/ceperguamenze\/wp-json\/wp\/v2\/media?parent=5573"}],"wp:term":[{"taxonomy":"category","embeddable":true,"href":"https:\/\/blogsaverroes.juntadeandalucia.es\/ceperguamenze\/wp-json\/wp\/v2\/categories?post=5573"},{"taxonomy":"post_tag","embeddable":true,"href":"https:\/\/blogsaverroes.juntadeandalucia.es\/ceperguamenze\/wp-json\/wp\/v2\/tags?post=5573"}],"curies":[{"name":"wp","href":"https:\/\/api.w.org\/{rel}","templated":true}]}}