{"id":6308,"date":"2024-12-19T10:51:10","date_gmt":"2024-12-19T10:51:10","guid":{"rendered":"https:\/\/blogsaverroes.juntadeandalucia.es\/ceperguamenze\/?p=6308"},"modified":"2024-12-19T10:51:10","modified_gmt":"2024-12-19T10:51:10","slug":"viaje-a-granada","status":"publish","type":"post","link":"https:\/\/blogsaverroes.juntadeandalucia.es\/ceperguamenze\/viaje-a-granada\/","title":{"rendered":"VIAJE A GRANADA"},"content":{"rendered":"<p>Martes 17 hemos cogido el autob\u00fas a las 8.30 para Granada.<\/p>\n<p>Cuando llegamos nos estaban esperando dos gu\u00edas para ir explic\u00e1ndonos las visitas a los monumentos y lo han hecho muy bien.<\/p>\n<p>Hemos visitado el Realejo que era donde resid\u00edan los jud\u00edos. Tiene calles muy estrechas, los jud\u00edos vivieron all\u00ed hasta que los Reyes Cat\u00f3licos los expulsaron. Nos llevaron a ver la Casa de los Tiros tiene ese nombre porque era una peque\u00f1a fortaleza y las almenas tienen piezas de artiller\u00eda.<\/p>\n<p>Tambi\u00e9n vimos la Capilla Real, la mandaron construir los Reyes Cat\u00f3licos en el siglo XV para establecerse permanentemente en Granada y es donde est\u00e1n enterrados, el monumento funerario est\u00e1 hecho en m\u00e1rmol blanco y lo hizo el escultor Bartolom\u00e9 Ord\u00f3\u00f1ez.<\/p>\n<p>Hemos visto otros monumentos como el Corral del Carb\u00f3n, el Cuarto real de Santo Domingo, etc.<\/p>\n<p>Y toc\u00f3 la comida.\u00a0 Vamos a la Hospeder\u00eda de las comendadoras de Santiago, la comida buen\u00edsima y las hermanas nos han atendido muy bien y son muy cari\u00f1osas.<\/p>\n<p>Nos dieron la tarde libre despu\u00e9s de comer. Estuvimos viendo cosas de Navidad y despu\u00e9s vuelta a Guadix.<\/p>\n<p>\u00a1Los profesores, un diez por ellos, son de lo mejor!!!<\/p>\n<p>&nbsp;<\/p>\n<p><strong>Pilar Rodr\u00edguez<\/strong> (alumna)<\/p>\n<p>En el siguiente enlace puedes disfrutar nuestro viaje.<\/p>\n<p><a href=\"https:\/\/youtu.be\/KKjcqFC3cls\">https:\/\/youtu.be\/KKjcqFC3cls<\/a><\/p>\n","protected":false},"excerpt":{"rendered":"<p>Martes 17 hemos cogido el autob\u00fas a las 8.30 para Granada. Cuando llegamos nos estaban esperando dos gu\u00edas para ir explic\u00e1ndonos las visitas a los monumentos y lo han hecho muy bien. Hemos visitado&#46;&#46;&#46;<\/p>\n","protected":false},"author":17250,"featured_media":6309,"comment_status":"open","ping_status":"open","sticky":false,"template":"","format":"standard","meta":{"ngg_post_thumbnail":0,"footnotes":""},"categories":[11909],"tags":[],"aioseo_notices":[],"_links":{"self":[{"href":"https:\/\/blogsaverroes.juntadeandalucia.es\/ceperguamenze\/wp-json\/wp\/v2\/posts\/6308"}],"collection":[{"href":"https:\/\/blogsaverroes.juntadeandalucia.es\/ceperguamenze\/wp-json\/wp\/v2\/posts"}],"about":[{"href":"https:\/\/blogsaverroes.juntadeandalucia.es\/ceperguamenze\/wp-json\/wp\/v2\/types\/post"}],"author":[{"embeddable":true,"href":"https:\/\/blogsaverroes.juntadeandalucia.es\/ceperguamenze\/wp-json\/wp\/v2\/users\/17250"}],"replies":[{"embeddable":true,"href":"https:\/\/blogsaverroes.juntadeandalucia.es\/ceperguamenze\/wp-json\/wp\/v2\/comments?post=6308"}],"version-history":[{"count":2,"href":"https:\/\/blogsaverroes.juntadeandalucia.es\/ceperguamenze\/wp-json\/wp\/v2\/posts\/6308\/revisions"}],"predecessor-version":[{"id":6311,"href":"https:\/\/blogsaverroes.juntadeandalucia.es\/ceperguamenze\/wp-json\/wp\/v2\/posts\/6308\/revisions\/6311"}],"wp:featuredmedia":[{"embeddable":true,"href":"https:\/\/blogsaverroes.juntadeandalucia.es\/ceperguamenze\/wp-json\/wp\/v2\/media\/6309"}],"wp:attachment":[{"href":"https:\/\/blogsaverroes.juntadeandalucia.es\/ceperguamenze\/wp-json\/wp\/v2\/media?parent=6308"}],"wp:term":[{"taxonomy":"category","embeddable":true,"href":"https:\/\/blogsaverroes.juntadeandalucia.es\/ceperguamenze\/wp-json\/wp\/v2\/categories?post=6308"},{"taxonomy":"post_tag","embeddable":true,"href":"https:\/\/blogsaverroes.juntadeandalucia.es\/ceperguamenze\/wp-json\/wp\/v2\/tags?post=6308"}],"curies":[{"name":"wp","href":"https:\/\/api.w.org\/{rel}","templated":true}]}}