{"id":6359,"date":"2025-02-01T18:57:38","date_gmt":"2025-02-01T18:57:38","guid":{"rendered":"https:\/\/blogsaverroes.juntadeandalucia.es\/ceperguamenze\/?p=6359"},"modified":"2025-03-13T07:31:53","modified_gmt":"2025-03-13T07:31:53","slug":"la-importancia-del-bienestar","status":"publish","type":"post","link":"https:\/\/blogsaverroes.juntadeandalucia.es\/ceperguamenze\/la-importancia-del-bienestar\/","title":{"rendered":"La importancia del bienestar"},"content":{"rendered":"<p>Aprender a cuidarse, a escucharse, a entenderse. Cuidar el entorno de trabajo, las relaciones con profesorado y alumnado. Trabajar las emociones y los autocuidados en nuestras clases de adultos.<\/p>\n<p>Para el CEPER Guamenze el bienestar es una prioridad, y es por ello que ha enviado a una docente a un curso Erasmus+, tratando de formar al equipo educativo en esta materia, ampliando nuestro conocimiento y nuestro impacto en el bienestar de las personas con las que compartimos aulas.<\/p>\n<p>Este objetivo se alinea tambi\u00e9n con las prioridades de la Junta de Andaluc\u00eda a trav\u00e9s de la reciente creaci\u00f3n de la figura de la Coordinaci\u00f3n de Bienestar para los Centros Educativos de Andaluc\u00eda.<\/p>\n<p><a href=\"https:\/\/blogsaverroes.juntadeandalucia.es\/ceperguamenze\/files\/2025\/02\/WhatsApp-Image-2025-02-01-at-19.54.43.jpeg\"><img loading=\"lazy\" decoding=\"async\" class=\"alignnone size-full wp-image-6360\" src=\"https:\/\/blogsaverroes.juntadeandalucia.es\/ceperguamenze\/files\/2025\/02\/WhatsApp-Image-2025-02-01-at-19.54.43.jpeg\" alt=\"\" width=\"4000\" height=\"3000\" srcset=\"https:\/\/blogsaverroes.juntadeandalucia.es\/ceperguamenze\/files\/2025\/02\/WhatsApp-Image-2025-02-01-at-19.54.43.jpeg 1600w, https:\/\/blogsaverroes.juntadeandalucia.es\/ceperguamenze\/files\/2025\/02\/WhatsApp-Image-2025-02-01-at-19.54.43-300x225.jpeg 300w, https:\/\/blogsaverroes.juntadeandalucia.es\/ceperguamenze\/files\/2025\/02\/WhatsApp-Image-2025-02-01-at-19.54.43-1024x768.jpeg 1024w, https:\/\/blogsaverroes.juntadeandalucia.es\/ceperguamenze\/files\/2025\/02\/WhatsApp-Image-2025-02-01-at-19.54.43-768x576.jpeg 768w, https:\/\/blogsaverroes.juntadeandalucia.es\/ceperguamenze\/files\/2025\/02\/WhatsApp-Image-2025-02-01-at-19.54.43-1536x1152.jpeg 1536w, https:\/\/blogsaverroes.juntadeandalucia.es\/ceperguamenze\/files\/2025\/02\/WhatsApp-Image-2025-02-01-at-19.54.43-2048x1536.jpeg 2048w\" sizes=\"(max-width: 4000px) 100vw, 4000px\" \/><\/a> <a href=\"https:\/\/blogsaverroes.juntadeandalucia.es\/ceperguamenze\/files\/2025\/02\/WhatsApp-Image-2025-01-29-at-13.52.08.jpeg\"><img loading=\"lazy\" decoding=\"async\" class=\"alignnone size-full wp-image-6361\" src=\"https:\/\/blogsaverroes.juntadeandalucia.es\/ceperguamenze\/files\/2025\/02\/WhatsApp-Image-2025-01-29-at-13.52.08.jpeg\" alt=\"\" width=\"4000\" height=\"3000\" srcset=\"https:\/\/blogsaverroes.juntadeandalucia.es\/ceperguamenze\/files\/2025\/02\/WhatsApp-Image-2025-01-29-at-13.52.08.jpeg 1600w, https:\/\/blogsaverroes.juntadeandalucia.es\/ceperguamenze\/files\/2025\/02\/WhatsApp-Image-2025-01-29-at-13.52.08-300x225.jpeg 300w, https:\/\/blogsaverroes.juntadeandalucia.es\/ceperguamenze\/files\/2025\/02\/WhatsApp-Image-2025-01-29-at-13.52.08-1024x768.jpeg 1024w, https:\/\/blogsaverroes.juntadeandalucia.es\/ceperguamenze\/files\/2025\/02\/WhatsApp-Image-2025-01-29-at-13.52.08-768x576.jpeg 768w, https:\/\/blogsaverroes.juntadeandalucia.es\/ceperguamenze\/files\/2025\/02\/WhatsApp-Image-2025-01-29-at-13.52.08-1536x1152.jpeg 1536w, https:\/\/blogsaverroes.juntadeandalucia.es\/ceperguamenze\/files\/2025\/02\/WhatsApp-Image-2025-01-29-at-13.52.08-2048x1536.jpeg 2048w\" sizes=\"(max-width: 4000px) 100vw, 4000px\" \/><\/a><\/p>\n","protected":false},"excerpt":{"rendered":"<p>Aprender a cuidarse, a escucharse, a entenderse. Cuidar el entorno de trabajo, las relaciones con profesorado y alumnado. Trabajar las emociones y los autocuidados en nuestras clases de adultos. Para el CEPER Guamenze el&#46;&#46;&#46;<\/p>\n","protected":false},"author":11510,"featured_media":6361,"comment_status":"open","ping_status":"open","sticky":false,"template":"","format":"standard","meta":{"ngg_post_thumbnail":0,"footnotes":""},"categories":[11909],"tags":[],"aioseo_notices":[],"_links":{"self":[{"href":"https:\/\/blogsaverroes.juntadeandalucia.es\/ceperguamenze\/wp-json\/wp\/v2\/posts\/6359"}],"collection":[{"href":"https:\/\/blogsaverroes.juntadeandalucia.es\/ceperguamenze\/wp-json\/wp\/v2\/posts"}],"about":[{"href":"https:\/\/blogsaverroes.juntadeandalucia.es\/ceperguamenze\/wp-json\/wp\/v2\/types\/post"}],"author":[{"embeddable":true,"href":"https:\/\/blogsaverroes.juntadeandalucia.es\/ceperguamenze\/wp-json\/wp\/v2\/users\/11510"}],"replies":[{"embeddable":true,"href":"https:\/\/blogsaverroes.juntadeandalucia.es\/ceperguamenze\/wp-json\/wp\/v2\/comments?post=6359"}],"version-history":[{"count":1,"href":"https:\/\/blogsaverroes.juntadeandalucia.es\/ceperguamenze\/wp-json\/wp\/v2\/posts\/6359\/revisions"}],"predecessor-version":[{"id":6362,"href":"https:\/\/blogsaverroes.juntadeandalucia.es\/ceperguamenze\/wp-json\/wp\/v2\/posts\/6359\/revisions\/6362"}],"wp:featuredmedia":[{"embeddable":true,"href":"https:\/\/blogsaverroes.juntadeandalucia.es\/ceperguamenze\/wp-json\/wp\/v2\/media\/6361"}],"wp:attachment":[{"href":"https:\/\/blogsaverroes.juntadeandalucia.es\/ceperguamenze\/wp-json\/wp\/v2\/media?parent=6359"}],"wp:term":[{"taxonomy":"category","embeddable":true,"href":"https:\/\/blogsaverroes.juntadeandalucia.es\/ceperguamenze\/wp-json\/wp\/v2\/categories?post=6359"},{"taxonomy":"post_tag","embeddable":true,"href":"https:\/\/blogsaverroes.juntadeandalucia.es\/ceperguamenze\/wp-json\/wp\/v2\/tags?post=6359"}],"curies":[{"name":"wp","href":"https:\/\/api.w.org\/{rel}","templated":true}]}}