{"id":6481,"date":"2025-03-09T06:56:33","date_gmt":"2025-03-09T06:56:33","guid":{"rendered":"https:\/\/blogsaverroes.juntadeandalucia.es\/ceperguamenze\/?p=6481"},"modified":"2025-03-09T06:56:56","modified_gmt":"2025-03-09T06:56:56","slug":"8-de-marzo-dia-internacional-de-la-mujer","status":"publish","type":"post","link":"https:\/\/blogsaverroes.juntadeandalucia.es\/ceperguamenze\/8-de-marzo-dia-internacional-de-la-mujer\/","title":{"rendered":"8 de Marzo. D\u00eda Internacional de la Mujer"},"content":{"rendered":"<p><a href=\"https:\/\/blogsaverroes.juntadeandalucia.es\/ceperguamenze\/files\/2025\/03\/IMG-20250307-WA0009.jpg\"><img loading=\"lazy\" decoding=\"async\" class=\"alignnone size-medium wp-image-6483\" src=\"https:\/\/blogsaverroes.juntadeandalucia.es\/ceperguamenze\/files\/2025\/03\/IMG-20250307-WA0009-300x225.jpg\" alt=\"\" width=\"300\" height=\"225\" srcset=\"https:\/\/blogsaverroes.juntadeandalucia.es\/ceperguamenze\/files\/2025\/03\/IMG-20250307-WA0009-300x225.jpg 300w, https:\/\/blogsaverroes.juntadeandalucia.es\/ceperguamenze\/files\/2025\/03\/IMG-20250307-WA0009-1024x768.jpg 1024w, https:\/\/blogsaverroes.juntadeandalucia.es\/ceperguamenze\/files\/2025\/03\/IMG-20250307-WA0009-768x576.jpg 768w, https:\/\/blogsaverroes.juntadeandalucia.es\/ceperguamenze\/files\/2025\/03\/IMG-20250307-WA0009-1536x1152.jpg 1536w, https:\/\/blogsaverroes.juntadeandalucia.es\/ceperguamenze\/files\/2025\/03\/IMG-20250307-WA0009-2048x1536.jpg 2048w, https:\/\/blogsaverroes.juntadeandalucia.es\/ceperguamenze\/files\/2025\/03\/IMG-20250307-WA0009.jpg 1600w\" sizes=\"(max-width: 300px) 100vw, 300px\" \/><\/a><\/p>\n<p>Hoy se ha celebrado el d\u00eda de la mujer.<br \/>\nPrimero hemos visto un v\u00eddeo, el nuestro, que como el a\u00f1o anterior hemos hecho con mucha ilusi\u00f3n y ganas. Me ha gustado mucho y me siento orgullosa de poner mi granito de arena para que podamos conseguir poco a poco la igualdad que tanto nos merecemos y que por muchos a\u00f1os nos han negado, as\u00ed que me siento feliz.<br \/>\nDespu\u00e9s hemos visto otro v\u00eddeo, la entrevista a Pilar Iglesias Aparicio sobre el Patronato de Protecci\u00f3n a la Mujer, pero me ha puesto triste, he sentido mucha impotencia\u00a0 al ver que antiguamente lo poco o nada que se valoraba a la mujer, el machismo tan grande que exist\u00eda&#8230; Pienso en las mujeres de antes y me duele el alma.<br \/>\nGracias a Dios y a nosotras, poco a poco vamos a conseguir que exista la misma igualdad para todos.<\/p>\n<p>Hemos terminado uni\u00e9ndonos a la Segunda Marcha por la Igualdad que ha convocado la concejal\u00eda de nuestro pueblo.<\/p>\n<p><strong>Sole Serrano<\/strong> (alumna)<\/p>\n<div class=\"wp-block-site-logo\"><a class=\"custom-logo-link\" href=\"https:\/\/en-clase.ideal.es\/\" rel=\"home\"><img loading=\"lazy\" decoding=\"async\" class=\"custom-logo\" src=\"https:\/\/en-clase.ideal.es\/wp-content\/uploads\/2024\/09\/en-clase-logo.png\" alt=\"IDEAL En Clase\" width=\"140\" height=\"67\" \/><\/a><\/div>\n<div class=\"wp-block-group titulo_web is-vertical is-layout-flex wp-container-core-group-is-layout-1 wp-block-group-is-layout-flex\">\n<p class=\"wp-block-site-tagline has-small-font-size\">Informaci\u00f3n de la comunidad educativa<\/p>\n<div class=\"wp-block-group is-vertical is-content-justification-stretch is-layout-flex wp-container-core-group-is-layout-11 wp-block-group-is-layout-flex\">\n<h1 class=\"wp-block-post-title has-x-large-font-size\">El mensaje que el CEPER Guamenze transmite en el D\u00eda Internacional de la Mujer<\/h1>\n<div class=\"wp-block-template-part\">\n<div class=\"wp-block-group has-global-padding is-layout-constrained wp-block-group-is-layout-constrained\">\n<div class=\"wp-block-group is-content-justification-left is-layout-flex wp-container-core-group-is-layout-9 wp-block-group-is-layout-flex\">\n<div class=\"wp-block-post-date\"><a href=\"https:\/\/en-clase.ideal.es\/2025\/03\/08\/el-mensaje-que-el-ceper-guamenze-transmite-en-el-dia-internacional-de-la-mujer\/\">Mar 8, 2025<\/a><\/div>\n<p class=\"has-small-font-size has-contrast-2-color has-text-color\">por <a class=\"wp-block-post-author-name__link\" href=\"https:\/\/en-clase.ideal.es\/author\/redactor\/\" target=\"_self\" rel=\"noopener\">Redacci\u00f3n <\/a><span class=\"wp-block-post-terms__prefix\">en\u00a0<\/span><a href=\"https:\/\/en-clase.ideal.es\/category\/noticias-2\/\" rel=\"tag\">Noticias<\/a><\/p>\n<\/div>\n<\/div>\n<\/div>\n<\/div>\n<div class=\"entry-content wp-block-post-content is-layout-flow wp-block-post-content-is-layout-flow\">\n<p><em>Nuestras alumnas son as\u00ed, han sorteado muchas dificultades en sus vidas, pero no reconocen su valor, todo lo que han hecho lo han normalizado de manera natural.<\/em><\/p>\n<p>La idea y desarrollo del v\u00eddeo es de la maestra\u00a0<strong>Mar\u00eda Luna Mart\u00ednez Garc\u00eda<\/strong>. Todas las personas participantes en la creaci\u00f3n son alumnado del CEPER Guamenze, de Guadix. El mensaje que transmite en esta edici\u00f3n es: &lt;&lt;Somos<em>\u00a0valientes, pero tenemos que reconocer nuestra val\u00eda&gt;&gt;<\/em><\/p>\n<p>La canci\u00f3n realza el papel de las mujeres que han sido modelo en diferentes campos.La coreograf\u00eda es sencilla, al alcance de tod@s, destaca las figuras femeninas de\u00a0<strong>Marie Curie, Coco Chanel, Chavela Vargas y Frida Kahlo.<\/strong><\/p>\n<p>Termina con esa gran fiesta, que no es fingida, porque se sienten felices por haber sido capaces de romper sus barreras, timidez, reconocerse, disfrutar de sus momentos.<\/p>\n<p>A continuaci\u00f3n, recitan un poema de\u00a0<strong>Magdalena Blesa<\/strong>: \u00abTe necesitas\u00bb, porque quiere que nos demos cuenta que cada una de nosotras somos especiales y \u00fanicas y no tenemos que dejarnos para el final y despu\u00e9s de todo y todos.<\/p>\n<p>Finaliza con el agradecimiento al alumnado adulto, que no solo aprende, sino que tambi\u00e9n ense\u00f1a y hace que la escuela est\u00e9 cada vez m\u00e1s viva.<\/p>\n<p><iframe loading=\"lazy\" title=\"CEPER GUADIX | &quot;Somos valientes, pero necesitamos reconocer nuestra val\u00eda&quot; | 8M D\u00eda de la Mujer\" width=\"500\" height=\"281\" src=\"https:\/\/www.youtube.com\/embed\/rTJE5DRrkzU?start=3&#038;feature=oembed&#038;wmode=opaque\" frameborder=\"0\" allow=\"accelerometer; autoplay; clipboard-write; encrypted-media; gyroscope; picture-in-picture; web-share\" referrerpolicy=\"strict-origin-when-cross-origin\" allowfullscreen><\/iframe><\/p>\n<p>&nbsp;<\/p>\n<\/div>\n<\/div>\n","protected":false},"excerpt":{"rendered":"<p>Hoy se ha celebrado el d\u00eda de la mujer. Primero hemos visto un v\u00eddeo, el nuestro, que como el a\u00f1o anterior hemos hecho con mucha ilusi\u00f3n y ganas. Me ha gustado mucho y me&#46;&#46;&#46;<\/p>\n","protected":false},"author":17250,"featured_media":6482,"comment_status":"open","ping_status":"closed","sticky":false,"template":"","format":"standard","meta":{"ngg_post_thumbnail":0,"footnotes":""},"categories":[11909],"tags":[],"aioseo_notices":[],"_links":{"self":[{"href":"https:\/\/blogsaverroes.juntadeandalucia.es\/ceperguamenze\/wp-json\/wp\/v2\/posts\/6481"}],"collection":[{"href":"https:\/\/blogsaverroes.juntadeandalucia.es\/ceperguamenze\/wp-json\/wp\/v2\/posts"}],"about":[{"href":"https:\/\/blogsaverroes.juntadeandalucia.es\/ceperguamenze\/wp-json\/wp\/v2\/types\/post"}],"author":[{"embeddable":true,"href":"https:\/\/blogsaverroes.juntadeandalucia.es\/ceperguamenze\/wp-json\/wp\/v2\/users\/17250"}],"replies":[{"embeddable":true,"href":"https:\/\/blogsaverroes.juntadeandalucia.es\/ceperguamenze\/wp-json\/wp\/v2\/comments?post=6481"}],"version-history":[{"count":1,"href":"https:\/\/blogsaverroes.juntadeandalucia.es\/ceperguamenze\/wp-json\/wp\/v2\/posts\/6481\/revisions"}],"predecessor-version":[{"id":6484,"href":"https:\/\/blogsaverroes.juntadeandalucia.es\/ceperguamenze\/wp-json\/wp\/v2\/posts\/6481\/revisions\/6484"}],"wp:featuredmedia":[{"embeddable":true,"href":"https:\/\/blogsaverroes.juntadeandalucia.es\/ceperguamenze\/wp-json\/wp\/v2\/media\/6482"}],"wp:attachment":[{"href":"https:\/\/blogsaverroes.juntadeandalucia.es\/ceperguamenze\/wp-json\/wp\/v2\/media?parent=6481"}],"wp:term":[{"taxonomy":"category","embeddable":true,"href":"https:\/\/blogsaverroes.juntadeandalucia.es\/ceperguamenze\/wp-json\/wp\/v2\/categories?post=6481"},{"taxonomy":"post_tag","embeddable":true,"href":"https:\/\/blogsaverroes.juntadeandalucia.es\/ceperguamenze\/wp-json\/wp\/v2\/tags?post=6481"}],"curies":[{"name":"wp","href":"https:\/\/api.w.org\/{rel}","templated":true}]}}