{"id":6642,"date":"2025-04-06T09:03:59","date_gmt":"2025-04-06T09:03:59","guid":{"rendered":"https:\/\/blogsaverroes.juntadeandalucia.es\/ceperguamenze\/?p=6642"},"modified":"2025-04-06T09:04:25","modified_gmt":"2025-04-06T09:04:25","slug":"formacion-blogs-averroes","status":"publish","type":"post","link":"https:\/\/blogsaverroes.juntadeandalucia.es\/ceperguamenze\/formacion-blogs-averroes\/","title":{"rendered":"Formaci\u00f3n Blogs Averroes"},"content":{"rendered":"<p>Formaci\u00f3n Blogs Averroes<br \/>\nEl 19 de marzo, dentro de las actividades de formaci\u00f3n del profesorado del grupo de trabajo &#8220;Competencia Digital en los proyectos Erasmus&#8221;, se llev\u00f3 a cabo una formaci\u00f3n sobre blog Averroes. La sesi\u00f3n, facilitada por el Centro de Profesorado de Guadix, permiti\u00f3 al profesorado conocer en profundidad esta plataforma. Durante la formaci\u00f3n, se establecieron normas comunes de publicaci\u00f3n, con el objetivo de asegurar su sostenibilidad a largo plazo. Adem\u00e1s, se acord\u00f3 crear un blog para cada secci\u00f3n de Educaci\u00f3n Permanente del centro, lo que permitir\u00e1 mejorar la comunicaci\u00f3n y visibilidad de las actividades del CEPER Guamenze.<\/p>\n<p><a href=\"https:\/\/blogsaverroes.juntadeandalucia.es\/ceperguamenze\/files\/2025\/04\/block-3.jpg\"><img loading=\"lazy\" decoding=\"async\" class=\"alignnone size-full wp-image-6649\" src=\"https:\/\/blogsaverroes.juntadeandalucia.es\/ceperguamenze\/files\/2025\/04\/block-3.jpg\" alt=\"\" width=\"1280\" height=\"960\" srcset=\"https:\/\/blogsaverroes.juntadeandalucia.es\/ceperguamenze\/files\/2025\/04\/block-3.jpg 1280w, https:\/\/blogsaverroes.juntadeandalucia.es\/ceperguamenze\/files\/2025\/04\/block-3-300x225.jpg 300w, https:\/\/blogsaverroes.juntadeandalucia.es\/ceperguamenze\/files\/2025\/04\/block-3-1024x768.jpg 1024w, https:\/\/blogsaverroes.juntadeandalucia.es\/ceperguamenze\/files\/2025\/04\/block-3-768x576.jpg 768w\" sizes=\"(max-width: 1280px) 100vw, 1280px\" \/><\/a><\/p>\n<p><a href=\"https:\/\/blogsaverroes.juntadeandalucia.es\/ceperguamenze\/files\/2025\/04\/block2.jpg\"><img loading=\"lazy\" decoding=\"async\" class=\"alignnone size-full wp-image-6644\" src=\"https:\/\/blogsaverroes.juntadeandalucia.es\/ceperguamenze\/files\/2025\/04\/block2.jpg\" alt=\"\" width=\"1280\" height=\"960\" srcset=\"https:\/\/blogsaverroes.juntadeandalucia.es\/ceperguamenze\/files\/2025\/04\/block2.jpg 1280w, https:\/\/blogsaverroes.juntadeandalucia.es\/ceperguamenze\/files\/2025\/04\/block2-300x225.jpg 300w, https:\/\/blogsaverroes.juntadeandalucia.es\/ceperguamenze\/files\/2025\/04\/block2-1024x768.jpg 1024w, https:\/\/blogsaverroes.juntadeandalucia.es\/ceperguamenze\/files\/2025\/04\/block2-768x576.jpg 768w\" sizes=\"(max-width: 1280px) 100vw, 1280px\" \/><\/a><\/p>\n<p>&nbsp;<\/p>\n<p><a href=\"https:\/\/blogsaverroes.juntadeandalucia.es\/ceperguamenze\/files\/2025\/04\/block3.jpg\"><img loading=\"lazy\" decoding=\"async\" class=\"alignnone size-full wp-image-6645\" src=\"https:\/\/blogsaverroes.juntadeandalucia.es\/ceperguamenze\/files\/2025\/04\/block3.jpg\" alt=\"\" width=\"1280\" height=\"960\" srcset=\"https:\/\/blogsaverroes.juntadeandalucia.es\/ceperguamenze\/files\/2025\/04\/block3.jpg 1280w, https:\/\/blogsaverroes.juntadeandalucia.es\/ceperguamenze\/files\/2025\/04\/block3-300x225.jpg 300w, https:\/\/blogsaverroes.juntadeandalucia.es\/ceperguamenze\/files\/2025\/04\/block3-1024x768.jpg 1024w, https:\/\/blogsaverroes.juntadeandalucia.es\/ceperguamenze\/files\/2025\/04\/block3-768x576.jpg 768w\" sizes=\"(max-width: 1280px) 100vw, 1280px\" \/><\/a><\/p>\n","protected":false},"excerpt":{"rendered":"<p>Formaci\u00f3n Blogs Averroes El 19 de marzo, dentro de las actividades de formaci\u00f3n del profesorado del grupo de trabajo &#8220;Competencia Digital en los proyectos Erasmus&#8221;, se llev\u00f3 a cabo una formaci\u00f3n sobre blog Averroes.&#46;&#46;&#46;<\/p>\n","protected":false},"author":11510,"featured_media":6649,"comment_status":"open","ping_status":"closed","sticky":false,"template":"","format":"standard","meta":{"ngg_post_thumbnail":0,"footnotes":""},"categories":[11909],"tags":[],"aioseo_notices":[],"_links":{"self":[{"href":"https:\/\/blogsaverroes.juntadeandalucia.es\/ceperguamenze\/wp-json\/wp\/v2\/posts\/6642"}],"collection":[{"href":"https:\/\/blogsaverroes.juntadeandalucia.es\/ceperguamenze\/wp-json\/wp\/v2\/posts"}],"about":[{"href":"https:\/\/blogsaverroes.juntadeandalucia.es\/ceperguamenze\/wp-json\/wp\/v2\/types\/post"}],"author":[{"embeddable":true,"href":"https:\/\/blogsaverroes.juntadeandalucia.es\/ceperguamenze\/wp-json\/wp\/v2\/users\/11510"}],"replies":[{"embeddable":true,"href":"https:\/\/blogsaverroes.juntadeandalucia.es\/ceperguamenze\/wp-json\/wp\/v2\/comments?post=6642"}],"version-history":[{"count":1,"href":"https:\/\/blogsaverroes.juntadeandalucia.es\/ceperguamenze\/wp-json\/wp\/v2\/posts\/6642\/revisions"}],"predecessor-version":[{"id":6650,"href":"https:\/\/blogsaverroes.juntadeandalucia.es\/ceperguamenze\/wp-json\/wp\/v2\/posts\/6642\/revisions\/6650"}],"wp:featuredmedia":[{"embeddable":true,"href":"https:\/\/blogsaverroes.juntadeandalucia.es\/ceperguamenze\/wp-json\/wp\/v2\/media\/6649"}],"wp:attachment":[{"href":"https:\/\/blogsaverroes.juntadeandalucia.es\/ceperguamenze\/wp-json\/wp\/v2\/media?parent=6642"}],"wp:term":[{"taxonomy":"category","embeddable":true,"href":"https:\/\/blogsaverroes.juntadeandalucia.es\/ceperguamenze\/wp-json\/wp\/v2\/categories?post=6642"},{"taxonomy":"post_tag","embeddable":true,"href":"https:\/\/blogsaverroes.juntadeandalucia.es\/ceperguamenze\/wp-json\/wp\/v2\/tags?post=6642"}],"curies":[{"name":"wp","href":"https:\/\/api.w.org\/{rel}","templated":true}]}}