{"id":6988,"date":"2025-05-29T16:46:34","date_gmt":"2025-05-29T16:46:34","guid":{"rendered":"https:\/\/blogsaverroes.juntadeandalucia.es\/ceperguamenze\/?p=6988"},"modified":"2025-05-29T17:45:12","modified_gmt":"2025-05-29T17:45:12","slug":"job-shadowingaprendizaje-por-observacion-erasmus-en-busto-arsiziomilan","status":"publish","type":"post","link":"https:\/\/blogsaverroes.juntadeandalucia.es\/ceperguamenze\/job-shadowingaprendizaje-por-observacion-erasmus-en-busto-arsiziomilan\/","title":{"rendered":"JOB SHADOWING(aprendizaje por observaci\u00f3n) Erasmus+ en Busto Arsizio,Mil\u00e1n."},"content":{"rendered":"<p>&nbsp;<\/p>\n<div style=\"width: 586px;\" class=\"wp-video\"><!--[if lt IE 9]><script>document.createElement('video');<\/script><![endif]-->\n<video class=\"wp-video-shortcode\" id=\"video-6988-1\" width=\"586\" height=\"848\" poster=\"https:\/\/blogsaverroes.juntadeandalucia.es\/ceperguamenze\/files\/2025\/05\/IMG_20250529_185934.jpg\" autoplay=\"1\" preload=\"auto\" controls=\"controls\"><source type=\"video\/mp4\" src=\"https:\/\/blogsaverroes.juntadeandalucia.es\/ceperguamenze\/files\/2025\/05\/JOB-SHADOWING-Milan-.mp4?_=1\" \/><a href=\"https:\/\/blogsaverroes.juntadeandalucia.es\/ceperguamenze\/files\/2025\/05\/JOB-SHADOWING-Milan-.mp4\">https:\/\/blogsaverroes.juntadeandalucia.es\/ceperguamenze\/files\/2025\/05\/JOB-SHADOWING-Milan-.mp4<\/a><\/video><\/div>\n<p><span style=\"font-weight: 400\">El pasado domingo,11 de mayo de 2025, emprend\u00ed un vuelo en lo que ser\u00eda la experiencia vivencial de mi primer erasmus como docente del CEPER Guamenze, participando en un job shadowing en Busto Arsizio,Mil\u00e1n.Las emociones que me invad\u00edan eran muy intensas y dispares, expectante frente a lo desconocido.<\/span><\/p>\n<p><span style=\"font-weight: 400\">El resultado, cinco d\u00edas de aprendizajes profundos y enriquecedores tanto a nivel profesional, con el intercambio de buenas pr\u00e1cticas en educaci\u00f3n de adultos, tanto del sistema educativo italiano como del grupo tinerfe\u00f1o con el que compart\u00eda mi programa;como a nivel personal,enfrent\u00e1ndome a nuevos retos y desaf\u00edos que me permitieron desarrollar muchas de mis habilidades mentales y sociales.<\/span><\/p>\n<p><span style=\"font-weight: 400\">Por supuesto, tuve oportunidad de potenciar mi vivencia, con la inmersi\u00f3n en la cultura y el incre\u00edble patrimonio art\u00edstico de Mil\u00e1n.<\/span><\/p>\n<p><span style=\"font-weight: 400\">Como conclusi\u00f3n, elevo mi agradecimiento a Erasmus+ porque a trav\u00e9s de sus proyectos, permiten esta gran evoluci\u00f3n y avance en educaci\u00f3n en el \u00e1mbito profesional y personal, favoreciendo, la apertura de mentes y conexiones entre numerosos lugares del mundo,transformando vidas.<\/span><\/p>\n<p>&nbsp;<\/p>\n","protected":false},"excerpt":{"rendered":"<p>&nbsp; El pasado domingo,11 de mayo de 2025, emprend\u00ed un vuelo en lo que ser\u00eda la experiencia vivencial de mi primer erasmus como docente del CEPER Guamenze, participando en un job shadowing en Busto&#46;&#46;&#46;<\/p>\n","protected":false},"author":20857,"featured_media":6994,"comment_status":"open","ping_status":"closed","sticky":false,"template":"","format":"standard","meta":{"ngg_post_thumbnail":0,"footnotes":""},"categories":[2351650],"tags":[],"aioseo_notices":[],"_links":{"self":[{"href":"https:\/\/blogsaverroes.juntadeandalucia.es\/ceperguamenze\/wp-json\/wp\/v2\/posts\/6988"}],"collection":[{"href":"https:\/\/blogsaverroes.juntadeandalucia.es\/ceperguamenze\/wp-json\/wp\/v2\/posts"}],"about":[{"href":"https:\/\/blogsaverroes.juntadeandalucia.es\/ceperguamenze\/wp-json\/wp\/v2\/types\/post"}],"author":[{"embeddable":true,"href":"https:\/\/blogsaverroes.juntadeandalucia.es\/ceperguamenze\/wp-json\/wp\/v2\/users\/20857"}],"replies":[{"embeddable":true,"href":"https:\/\/blogsaverroes.juntadeandalucia.es\/ceperguamenze\/wp-json\/wp\/v2\/comments?post=6988"}],"version-history":[{"count":9,"href":"https:\/\/blogsaverroes.juntadeandalucia.es\/ceperguamenze\/wp-json\/wp\/v2\/posts\/6988\/revisions"}],"predecessor-version":[{"id":6993,"href":"https:\/\/blogsaverroes.juntadeandalucia.es\/ceperguamenze\/wp-json\/wp\/v2\/posts\/6988\/revisions\/6993"}],"wp:featuredmedia":[{"embeddable":true,"href":"https:\/\/blogsaverroes.juntadeandalucia.es\/ceperguamenze\/wp-json\/wp\/v2\/media\/6994"}],"wp:attachment":[{"href":"https:\/\/blogsaverroes.juntadeandalucia.es\/ceperguamenze\/wp-json\/wp\/v2\/media?parent=6988"}],"wp:term":[{"taxonomy":"category","embeddable":true,"href":"https:\/\/blogsaverroes.juntadeandalucia.es\/ceperguamenze\/wp-json\/wp\/v2\/categories?post=6988"},{"taxonomy":"post_tag","embeddable":true,"href":"https:\/\/blogsaverroes.juntadeandalucia.es\/ceperguamenze\/wp-json\/wp\/v2\/tags?post=6988"}],"curies":[{"name":"wp","href":"https:\/\/api.w.org\/{rel}","templated":true}]}}