{"id":7232,"date":"2025-06-28T20:20:27","date_gmt":"2025-06-28T20:20:27","guid":{"rendered":"https:\/\/blogsaverroes.juntadeandalucia.es\/ceperguamenze\/?p=7232"},"modified":"2025-06-28T21:38:06","modified_gmt":"2025-06-28T21:38:06","slug":"hasta-siempre","status":"publish","type":"post","link":"https:\/\/blogsaverroes.juntadeandalucia.es\/ceperguamenze\/hasta-siempre\/","title":{"rendered":"\u00a1Hasta siempre!"},"content":{"rendered":"<p><strong>Querido alumnado<\/strong> de siempre y de ahora, de hace muchos a\u00f1os y de momentos puntuales, de viajes, de aventuras, de saludos por los pasillos, de situaciones especiales<strong>, de Guamenze<\/strong>:<\/p>\n<p>Hoy toca despedirse. Y aunque las despedidas siempre dejan un pellizquito en el alma, no quiero que esta se vista de tristeza, sino de gratitud. <strong>Gratitud<\/strong> por todo lo compartido: cada instante vivido, cada sonrisa, cada palabra, cada mirada c\u00f3mplice. Lo nuestro ha sido mucho m\u00e1s que ense\u00f1anza: ha sido vida entrelazada.<\/p>\n<p>Llegu\u00e9 a este entra\u00f1able centro con miedo\u2026 y me voy llena de alegr\u00eda. Feliz, plena, con el coraz\u00f3n rebosando por el camino recorrido. Porque cada clase, cada actividad, cada d\u00eda fue construido con ilusi\u00f3n, con entrega, con cari\u00f1o. Porque iba destinado a un alumnado especial, muy especial, que quer\u00eda recordar, aprender, aprovechar el tiempo, que vuela\u2026 y sobre todo, disfrutar. Y creo que lo conseguimos.<\/p>\n<p>Y ahora me vienen a la cabeza tantos recuerdos de mis alumnas de siempre\u2026 aquellas clases en las que hac\u00edamos de todo: lengua, literatura, matem\u00e1ticas, geograf\u00eda, historia, ejercicios de memoria, un poquito de ingl\u00e9s, inform\u00e1tica\u2026 Un batiburrillo delicioso que llenaba las tardes de vida. Y en los \u00faltimos cursos, fuisteis llegando algunas nuevas y nuevos, un poquito m\u00e1s j\u00f3venes, curiosos, t\u00edmidos al principio\u2026 pero os asomasteis al aula, os enganchasteis como quien no quiere la cosa\u2026 \u00a1y os quedasteis! Como aut\u00e9nticos soldados de esta aventura educativa tan bonita que hemos vivido juntos.<\/p>\n<p>A\u00fan puedo vernos en el aula grande, la clase de Luna, sacando los cuadernos para un dictado, atentos para no comernos letras, acentuando con mimo, escuchando con ganas (aunque a veces alguna se me despistara\u2026 \u00a1o m\u00e1s bien, se le despistara el o\u00eddo!). Pero, eso s\u00ed: \u00a1qu\u00e9 arte le pon\u00edais a todo!<\/p>\n<p>Ese primer libro que le\u00edmos juntas: &#8220;El Principito&#8221;. Lo abrimos con el alma en la mano. Re\u00edmos, lloramos, reflexionamos\u2026 y nos descubrimos. Como tambi\u00e9n lo hicimos al escribir vuestras peque\u00f1as grandes historias:\u00a0&#8220;<strong>Sencillas historias escritas con el<\/strong> <strong>coraz\u00f3n<\/strong>&#8220;, que presentamos en el teatro y emocionaron a todo Guadix. Porque vuestras vivencias eran las suyas.<\/p>\n<p>O cuando le\u00edmos aquellas cartas tan especiales de vuestros hijos e hijas\u2026 con ese \u201cte quiero, mam\u00e1\u201d que nunca hab\u00edan dicho en voz alta. \u00bfRecord\u00e1is el t\u00edtulo?<br \/>\n<strong>\u201cLo que siempre quise decirte\u201d<\/strong>. Pues yo tambi\u00e9n os lo digo hoy: \u00a1Os quiero!<\/p>\n<p>Viajamos por Espa\u00f1a sin movernos del aula, repasando autonom\u00edas, capitales, r\u00edos y monta\u00f1as\u2026 entre risas por nuestros despistes.<\/p>\n<p>Recorrimos la historia desde la mitolog\u00eda griega pasando por los estudiados enlaces de los hijos de los Reyes Cat\u00f3licos con esas bodas dignas de telenovela. \u201c\u00a1Qu\u00e9 cabeza tienes para recordar tanto l\u00edo!\u201d, me dec\u00edais\u2026 pero lo viv\u00edamos con humor y pasi\u00f3n.<\/p>\n<p>Y nuestras matem\u00e1ticas\u2026 \u00a1ay, las operaciones combinadas! Yo las pon\u00eda con picard\u00eda, como ni\u00f1a traviesa, y vosotros, r\u00e1pidos como el rayo, respond\u00edais y comparabais. \u201c\u00a1Primero se multiplica!\u201d, os dec\u00eda yo, y ya ven\u00edan las risas, las quejas&#8230; y alg\u00fan que otro \u201c\u00a1Ay, me pillaste otra vez, ya no me acordaba!\u201d. Pero, \u00a1c\u00f3mo lo disfrut\u00e1bamos!<\/p>\n<p>Nos adentramos en el mundo de la poes\u00eda, contando s\u00edlabas, cazando rimas, midiendo versos\u2026 y aunque alguna sinalefa se nos escapara, lo importante es que todo eso se qued\u00f3 no solo en los cuadernos, sino en vuestro coraz\u00f3n.<\/p>\n<p>Y qu\u00e9 decir de los n\u00fameros romanos, que ya le\u00edais con soltura\u2026 quiz\u00e1s ahora anden medio olvidados por ah\u00ed.<\/p>\n<p>O aquellas palabras y frases en ingl\u00e9s, esas cancioncillas y villancicos que enton\u00e1bamos con todo el arte.<\/p>\n<p>Montamos teatrillos que ya quisieran en televisi\u00f3n contar con un elenco de esta categor\u00eda. El juez de los divorcios, Un patio andaluz, nuestros Poemas del alma, los sainetes de los Quintero&#8230; y esa reciente inolvidable\u00a0<strong>Tarde de Teatro y Risas<\/strong>.<\/p>\n<p>Bailamos como si no hubiera ma\u00f1ana, sin verg\u00fcenza, con arte, con alegr\u00eda\u2026 \u00a1y nos supo a poco!<\/p>\n<p>Siempre con abrazos, sonrisas, cari\u00f1o y ese ambiente que gritaba: \u201c<strong>T\u00fa puedes<\/strong>\u201d. Porque pod\u00edais. Y lo hicisteis. Brillasteis.<\/p>\n<p>Y nuestras meriendas, las chocolatadas, las cervecillas, los cumplea\u00f1os con tarta y sorpresa, las habas y sala\u00edllas en mayo\u2026 Porque aprender con alegr\u00eda y buena compa\u00f1\u00eda es el mejor aprendizaje de todos.<\/p>\n<p>Tampoco olvido nuestras actividades de memoria, los juegos de atenci\u00f3n, la inform\u00e1tica, \u00a1ay, la inform\u00e1tica!, donde parec\u00eda que los ordenadores ten\u00edan vida propia. Todo desaparec\u00eda sin tocar nada\u2026 hasta que llegaba yo con mi \u201cmagia\u201d y \u00a1zas! Todo volv\u00eda.<\/p>\n<p>Cu\u00e1nto aprendimos\u2026 pero lo m\u00e1s valioso no lo ense\u00f1an ni los libros ni las pantallas. Me lo ense\u00f1asteis vosotros: <strong>vivir el momento<\/strong>.<\/p>\n<p>Nuestro lema era claro:\u00a0<strong>disfrutar<\/strong>. Dejar fuera los problemas, las dolencias, las penas\u2026 y ser felices. A veces las clases se alargaban horas, pero sab\u00edan a poco. Y cuando terminaban, os quejabais. Y yo\u2026 yo me iba con el alma llena.<\/p>\n<p>Y esos viajes\u2026 \u00a1qu\u00e9 maravilla! Siempre con alguna sorpresa: un sp\u00e1, una fiestecilla, un dulce inesperado, conocer a un actor, hacer de reporteras del coraz\u00f3n en una boda\u2026 \u00a1Madre m\u00eda, cu\u00e1ntas an\u00e9cdotas!<\/p>\n<p>Y nuestras alfombras tejidas, los murales, carpetas, cuadros de arena, mariposas de papel y de ganchillo, chirigotas, coros, body percussion, marionetas\u2026 Tantas cosas, que muchas ya se me escapan. Pero todas nos hicieron sentir orgullosos.<\/p>\n<p>Han sido muchos, muchos a\u00f1os aguant\u00e1ndome. Y vosotros, empe\u00f1ados en no abandonarme. Yo os dec\u00eda que os ten\u00eda que suspender para poder continuar conmigo, pero os daba igual. Aunque advert\u00eda: \u201cVan a pensar que la maestra es mala ense\u00f1ando\u2026 o que las alumnas y alumnos son muy torpes\u201d. \u00a1Y vosotros, a carcajada limpia, segu\u00edais viniendo!<\/p>\n<p>Nos hicimos amigos. Confidentes. Una familia. Compartimos alegr\u00edas y tambi\u00e9n momentos dif\u00edciles. Y siempre intent\u00e9 estar cerca, en lo que pude. Pero lo que yo recib\u00ed de vosotros es infinitamente m\u00e1s de lo que jam\u00e1s podr\u00e9 devolver.<\/p>\n<p><strong>Gracias<\/strong> por confiar en m\u00ed, por acompa\u00f1arme, por hacer posible cada aventura, cada iniciativa.<\/p>\n<p><strong>Gracias<\/strong> por creer en vosotras y vosotros. Nunca olvid\u00e9is lo que hab\u00e9is logrado. Sois \u00fanicos, maravillosos. Y lo sab\u00e9is. Porque hicisteis posible lo que parec\u00eda imposible.<\/p>\n<p>Solo hay algo que no puedo, ni quiero, aceptar: la ausencia de quienes ya no est\u00e1n f\u00edsicamente. No me acostumbro. Pero s\u00e9 que siguen con nosotros. Que nos miran desde donde est\u00e9n, sonriendo con cada baile, cada risa, cada paso.<\/p>\n<p>Hoy me despido\u2026 pero no del todo. Porque os llevo dentro. Porque cada una, cada uno ha dejado una huella dulce y profunda en m\u00ed. <strong>Gracias<\/strong> por dejarme ense\u00f1aros, pero, sobre todo, por ense\u00f1arme tanto. Por vuestro cari\u00f1o, vuestra entrega, vuestras ganas de aprender\u2026 y de vivir.<\/p>\n<p>Termina esta etapa. Pero qui\u00e9n sabe si la vida a\u00fan nos guarda nuevas p\u00e1ginas por escribir\u2026 junt@s.<\/p>\n<p>Con todo mi cari\u00f1o,<br \/>\nVuestra maestra. Vuestra amiga.<\/p>\n<p>Luna<\/p>\n<p><a href=\"https:\/\/blogsaverroes.juntadeandalucia.es\/ceperguamenze\/files\/2025\/06\/IMG_20250627_235728-1.jpg\"><img loading=\"lazy\" decoding=\"async\" class=\"alignnone size-medium wp-image-7234\" src=\"https:\/\/blogsaverroes.juntadeandalucia.es\/ceperguamenze\/files\/2025\/06\/IMG_20250627_235728-1-255x300.jpg\" alt=\"\" width=\"255\" height=\"300\" srcset=\"https:\/\/blogsaverroes.juntadeandalucia.es\/ceperguamenze\/files\/2025\/06\/IMG_20250627_235728-1-255x300.jpg 255w, https:\/\/blogsaverroes.juntadeandalucia.es\/ceperguamenze\/files\/2025\/06\/IMG_20250627_235728-1.jpg 703w\" sizes=\"(max-width: 255px) 100vw, 255px\" \/><\/a><\/p>\n<p>&nbsp;<\/p>\n<p>&nbsp;<\/p>\n","protected":false},"excerpt":{"rendered":"<p>Querido alumnado de siempre y de ahora, de hace muchos a\u00f1os y de momentos puntuales, de viajes, de aventuras, de saludos por los pasillos, de situaciones especiales, de Guamenze: Hoy toca despedirse. Y aunque&#46;&#46;&#46;<\/p>\n","protected":false},"author":17250,"featured_media":7233,"comment_status":"open","ping_status":"closed","sticky":false,"template":"","format":"standard","meta":{"ngg_post_thumbnail":0,"footnotes":""},"categories":[11909],"tags":[],"aioseo_notices":[],"_links":{"self":[{"href":"https:\/\/blogsaverroes.juntadeandalucia.es\/ceperguamenze\/wp-json\/wp\/v2\/posts\/7232"}],"collection":[{"href":"https:\/\/blogsaverroes.juntadeandalucia.es\/ceperguamenze\/wp-json\/wp\/v2\/posts"}],"about":[{"href":"https:\/\/blogsaverroes.juntadeandalucia.es\/ceperguamenze\/wp-json\/wp\/v2\/types\/post"}],"author":[{"embeddable":true,"href":"https:\/\/blogsaverroes.juntadeandalucia.es\/ceperguamenze\/wp-json\/wp\/v2\/users\/17250"}],"replies":[{"embeddable":true,"href":"https:\/\/blogsaverroes.juntadeandalucia.es\/ceperguamenze\/wp-json\/wp\/v2\/comments?post=7232"}],"version-history":[{"count":3,"href":"https:\/\/blogsaverroes.juntadeandalucia.es\/ceperguamenze\/wp-json\/wp\/v2\/posts\/7232\/revisions"}],"predecessor-version":[{"id":7242,"href":"https:\/\/blogsaverroes.juntadeandalucia.es\/ceperguamenze\/wp-json\/wp\/v2\/posts\/7232\/revisions\/7242"}],"wp:featuredmedia":[{"embeddable":true,"href":"https:\/\/blogsaverroes.juntadeandalucia.es\/ceperguamenze\/wp-json\/wp\/v2\/media\/7233"}],"wp:attachment":[{"href":"https:\/\/blogsaverroes.juntadeandalucia.es\/ceperguamenze\/wp-json\/wp\/v2\/media?parent=7232"}],"wp:term":[{"taxonomy":"category","embeddable":true,"href":"https:\/\/blogsaverroes.juntadeandalucia.es\/ceperguamenze\/wp-json\/wp\/v2\/categories?post=7232"},{"taxonomy":"post_tag","embeddable":true,"href":"https:\/\/blogsaverroes.juntadeandalucia.es\/ceperguamenze\/wp-json\/wp\/v2\/tags?post=7232"}],"curies":[{"name":"wp","href":"https:\/\/api.w.org\/{rel}","templated":true}]}}