{"id":3996,"date":"2023-09-12T19:59:14","date_gmt":"2023-09-12T19:59:14","guid":{"rendered":"https:\/\/blogsaverroes.juntadeandalucia.es\/ceperjosefinamolina\/?p=3996"},"modified":"2023-09-12T22:59:08","modified_gmt":"2023-09-12T22:59:08","slug":"directorio-del-centro-2","status":"publish","type":"post","link":"https:\/\/blogsaverroes.juntadeandalucia.es\/ceperjosefinamolina\/directorio-del-centro-2\/","title":{"rendered":"DIRECTORIO DEL CENTRO"},"content":{"rendered":"<p>Para poder acceder a toda la informaci\u00f3n relacionada con el centro, tu plan educativo y tu grupo, adem\u00e1s de conocer el correo electr\u00f3nico de tu tutor o tutora, te dejamos el Directorio del CEPER y sus Secciones, esperando que te sea de gran utilidad tanto en la docencia presencial como telem\u00e1tica.<\/p>\n<p><a href=\"https:\/\/blogsaverroes.juntadeandalucia.es\/ceperjosefinamolina\/files\/2023\/09\/Comunicado-oficial-directorio-centros-2023-24_page-0001.jpg\"><img loading=\"lazy\" decoding=\"async\" class=\"aligncenter wp-image-3997 size-full\" src=\"https:\/\/blogsaverroes.juntadeandalucia.es\/ceperjosefinamolina\/files\/2023\/09\/Comunicado-oficial-directorio-centros-2023-24_page-0001.jpg\" alt=\"\" width=\"1130\" height=\"1600\" srcset=\"https:\/\/blogsaverroes.juntadeandalucia.es\/ceperjosefinamolina\/files\/2023\/09\/Comunicado-oficial-directorio-centros-2023-24_page-0001.jpg 1130w, https:\/\/blogsaverroes.juntadeandalucia.es\/ceperjosefinamolina\/files\/2023\/09\/Comunicado-oficial-directorio-centros-2023-24_page-0001-212x300.jpg 212w, https:\/\/blogsaverroes.juntadeandalucia.es\/ceperjosefinamolina\/files\/2023\/09\/Comunicado-oficial-directorio-centros-2023-24_page-0001-724x1024.jpg 724w, https:\/\/blogsaverroes.juntadeandalucia.es\/ceperjosefinamolina\/files\/2023\/09\/Comunicado-oficial-directorio-centros-2023-24_page-0001-768x1087.jpg 768w, https:\/\/blogsaverroes.juntadeandalucia.es\/ceperjosefinamolina\/files\/2023\/09\/Comunicado-oficial-directorio-centros-2023-24_page-0001-1085x1536.jpg 1085w\" sizes=\"(max-width: 1130px) 100vw, 1130px\" \/><\/a><\/p>\n","protected":false},"excerpt":{"rendered":"<p>Para poder acceder a toda la informaci\u00f3n relacionada con el centro, tu plan educativo y tu grupo, adem\u00e1s de conocer el correo electr\u00f3nico de tu tutor o tutora, te dejamos el Directorio del CEPER&#46;&#46;&#46;<\/p>\n","protected":false},"author":5566,"featured_media":4003,"comment_status":"open","ping_status":"open","sticky":false,"template":"","format":"standard","meta":{"ngg_post_thumbnail":0,"footnotes":""},"categories":[11909],"tags":[],"aioseo_notices":[],"_links":{"self":[{"href":"https:\/\/blogsaverroes.juntadeandalucia.es\/ceperjosefinamolina\/wp-json\/wp\/v2\/posts\/3996"}],"collection":[{"href":"https:\/\/blogsaverroes.juntadeandalucia.es\/ceperjosefinamolina\/wp-json\/wp\/v2\/posts"}],"about":[{"href":"https:\/\/blogsaverroes.juntadeandalucia.es\/ceperjosefinamolina\/wp-json\/wp\/v2\/types\/post"}],"author":[{"embeddable":true,"href":"https:\/\/blogsaverroes.juntadeandalucia.es\/ceperjosefinamolina\/wp-json\/wp\/v2\/users\/5566"}],"replies":[{"embeddable":true,"href":"https:\/\/blogsaverroes.juntadeandalucia.es\/ceperjosefinamolina\/wp-json\/wp\/v2\/comments?post=3996"}],"version-history":[{"count":1,"href":"https:\/\/blogsaverroes.juntadeandalucia.es\/ceperjosefinamolina\/wp-json\/wp\/v2\/posts\/3996\/revisions"}],"predecessor-version":[{"id":3998,"href":"https:\/\/blogsaverroes.juntadeandalucia.es\/ceperjosefinamolina\/wp-json\/wp\/v2\/posts\/3996\/revisions\/3998"}],"wp:featuredmedia":[{"embeddable":true,"href":"https:\/\/blogsaverroes.juntadeandalucia.es\/ceperjosefinamolina\/wp-json\/wp\/v2\/media\/4003"}],"wp:attachment":[{"href":"https:\/\/blogsaverroes.juntadeandalucia.es\/ceperjosefinamolina\/wp-json\/wp\/v2\/media?parent=3996"}],"wp:term":[{"taxonomy":"category","embeddable":true,"href":"https:\/\/blogsaverroes.juntadeandalucia.es\/ceperjosefinamolina\/wp-json\/wp\/v2\/categories?post=3996"},{"taxonomy":"post_tag","embeddable":true,"href":"https:\/\/blogsaverroes.juntadeandalucia.es\/ceperjosefinamolina\/wp-json\/wp\/v2\/tags?post=3996"}],"curies":[{"name":"wp","href":"https:\/\/api.w.org\/{rel}","templated":true}]}}