{"id":4032,"date":"2024-04-23T18:20:47","date_gmt":"2024-04-23T18:20:47","guid":{"rendered":"https:\/\/blogsaverroes.juntadeandalucia.es\/ceperjosefinamolina\/?p=4032"},"modified":"2024-06-03T08:32:05","modified_gmt":"2024-06-03T08:32:05","slug":"dlia-internacional-del-libro","status":"publish","type":"post","link":"https:\/\/blogsaverroes.juntadeandalucia.es\/ceperjosefinamolina\/dlia-internacional-del-libro\/","title":{"rendered":"D\u00eda Internacional del Libro"},"content":{"rendered":"<p>Para conmemorar el D\u00eda Internacional del Libro el&nbsp; 23 de abril, en la SEP Parque Figueroa dentro de los panes educativos de Patrimonio y Storytelling trabajaremos con el libro escrito por nuestro compa\u00f1ero <em><strong>Jos\u00e9 Luis Chac\u00f3n \u201cCantes Flamencos Identitarios\u201d<\/strong><\/em> , donde veremos la realaci\u00f3n que existe entre la literatura y el flamenco, y el papel de la mujer dentro del flamenco a lo largo de los a\u00f1os.<\/p>\n<p style=\"text-align: center\"><iframe loading=\"lazy\" src=\"https:\/\/drive.google.com\/file\/d\/16rU6yqmTD_sVjRnDac5X6dPmy3ICNwni\/preview\" width=\"640\" height=\"480\"><\/iframe>&nbsp;<\/p>\n<p>Tambi\u00e9n se celebr\u00f3 la II edici\u00f3n del Mercadillo solodario de Libros usados para la mejora de la Biblioteca escolar.<\/p>\n<p style=\"text-align: center\"><iframe loading=\"lazy\" src=\"https:\/\/drive.google.com\/file\/d\/1IsxWUNVah_u6TeEa4bMEoMSunUOzhpmu\/preview\" width=\"640\" height=\"480\"><\/iframe>&nbsp;<\/p>\n<p>Mientras que el el CEPER Josefina Molina trabajaran en los planes de Storytelling e Inform\u00e1tica autores masculinos y femeninos significativos en la historia de la literatura.<\/p>\n<p style=\"text-align: center\"><iframe loading=\"lazy\" src=\"https:\/\/drive.google.com\/file\/d\/1WT8udRgIisCBzKkw5JaAIfjekx9zTBaQ\/preview\" width=\"640\" height=\"480\"><\/iframe>&nbsp;<\/p>\n","protected":false},"excerpt":{"rendered":"<p>Para conmemorar el D\u00eda Internacional del Libro el&nbsp; 23 de abril, en la SEP Parque Figueroa dentro de los panes educativos de Patrimonio y Storytelling trabajaremos con el libro escrito por nuestro compa\u00f1ero Jos\u00e9&#46;&#46;&#46;<\/p>\n","protected":false},"author":5566,"featured_media":3934,"comment_status":"open","ping_status":"open","sticky":false,"template":"","format":"standard","meta":{"ngg_post_thumbnail":0,"footnotes":""},"categories":[11909],"tags":[],"aioseo_notices":[],"_links":{"self":[{"href":"https:\/\/blogsaverroes.juntadeandalucia.es\/ceperjosefinamolina\/wp-json\/wp\/v2\/posts\/4032"}],"collection":[{"href":"https:\/\/blogsaverroes.juntadeandalucia.es\/ceperjosefinamolina\/wp-json\/wp\/v2\/posts"}],"about":[{"href":"https:\/\/blogsaverroes.juntadeandalucia.es\/ceperjosefinamolina\/wp-json\/wp\/v2\/types\/post"}],"author":[{"embeddable":true,"href":"https:\/\/blogsaverroes.juntadeandalucia.es\/ceperjosefinamolina\/wp-json\/wp\/v2\/users\/5566"}],"replies":[{"embeddable":true,"href":"https:\/\/blogsaverroes.juntadeandalucia.es\/ceperjosefinamolina\/wp-json\/wp\/v2\/comments?post=4032"}],"version-history":[{"count":6,"href":"https:\/\/blogsaverroes.juntadeandalucia.es\/ceperjosefinamolina\/wp-json\/wp\/v2\/posts\/4032\/revisions"}],"predecessor-version":[{"id":4110,"href":"https:\/\/blogsaverroes.juntadeandalucia.es\/ceperjosefinamolina\/wp-json\/wp\/v2\/posts\/4032\/revisions\/4110"}],"wp:featuredmedia":[{"embeddable":true,"href":"https:\/\/blogsaverroes.juntadeandalucia.es\/ceperjosefinamolina\/wp-json\/wp\/v2\/media\/3934"}],"wp:attachment":[{"href":"https:\/\/blogsaverroes.juntadeandalucia.es\/ceperjosefinamolina\/wp-json\/wp\/v2\/media?parent=4032"}],"wp:term":[{"taxonomy":"category","embeddable":true,"href":"https:\/\/blogsaverroes.juntadeandalucia.es\/ceperjosefinamolina\/wp-json\/wp\/v2\/categories?post=4032"},{"taxonomy":"post_tag","embeddable":true,"href":"https:\/\/blogsaverroes.juntadeandalucia.es\/ceperjosefinamolina\/wp-json\/wp\/v2\/tags?post=4032"}],"curies":[{"name":"wp","href":"https:\/\/api.w.org\/{rel}","templated":true}]}}