{"id":4065,"date":"2024-03-08T21:46:45","date_gmt":"2024-03-08T21:46:45","guid":{"rendered":"https:\/\/blogsaverroes.juntadeandalucia.es\/ceperjosefinamolina\/?p=4065"},"modified":"2024-06-03T08:30:37","modified_gmt":"2024-06-03T08:30:37","slug":"haciendo-historia-dia-internacional-de-la-mujer","status":"publish","type":"post","link":"https:\/\/blogsaverroes.juntadeandalucia.es\/ceperjosefinamolina\/haciendo-historia-dia-internacional-de-la-mujer\/","title":{"rendered":"HACIENDO HISTORIA &#8211; D\u00eda Internacional de la Mujer"},"content":{"rendered":"<p>Para celebrar este d\u00eda que mejor idea repasar el papel de la mujer a lo largo de la historia, descatar alguna de ellas e ir al cine a conocer con mayor detalle la vida de una gran mujer como fue Madame Curie.<\/p>\n<p style=\"text-align: center\"><iframe loading=\"lazy\" src=\"https:\/\/drive.google.com\/file\/d\/1FHMe6S3xWYAQVKwRnGDYrO5JEdZfzkP7\/preview\" width=\"640\" height=\"480\"><\/iframe><\/p>\n<p>Y en el caso del alumnado de la S.E.P Parque Figueroa y en concreto de Patrimonio hicimos dos sesiones de lengua donde se busc\u00f3 informaci\u00f3n y se plasm\u00f3 en la pizarra y en el cuaderno del alumno: redacci\u00f3n y listado de las mejores cantaoras de la historia del flamenco.<\/p>\n<p>El flamenco, tan arraigado en nuestra cultura, dejar\u00e1 a un lado en este evento su lado m\u00e1s acad\u00e9mico y recurrir\u00e1 a su vertiente social, para convertirse en una herramienta de terapia para las mujeres, que encuentran en \u00e9l una puerta abierta para recuperar la confianza y la autoestima.<br \/>\nEn el plan educativo de Uso b\u00e1sico de idiomas se entrevistar\u00e1 a una alumna, Carmen Moreno Quevedo, que fue la primera mujer bombero de C\u00f3rdoba.<\/p>\n<p style=\"text-align: center\"><iframe loading=\"lazy\" src=\"https:\/\/drive.google.com\/file\/d\/15M_NgBRl8IBl3Di-DqlOoCg2WcnIEvjb\/preview\" width=\"640\" height=\"480\"><\/iframe><\/p>\n<p style=\"text-align: center\">Entrevista&nbsp;<\/p>\n<p style=\"text-align: center\"><iframe loading=\"lazy\" src=\"https:\/\/drive.google.com\/file\/d\/1OQ3jidevmd7Hfxy9r_rGIvuztHumWEJH\/preview\" width=\"640\" height=\"480\"><\/iframe>&nbsp;<\/p>\n<p style=\"text-align: left\">&nbsp;<\/p>\n","protected":false},"excerpt":{"rendered":"<p>Para celebrar este d\u00eda que mejor idea repasar el papel de la mujer a lo largo de la historia, descatar alguna de ellas e ir al cine a conocer con mayor detalle la vida&#46;&#46;&#46;<\/p>\n","protected":false},"author":5566,"featured_media":3871,"comment_status":"open","ping_status":"open","sticky":false,"template":"","format":"standard","meta":{"ngg_post_thumbnail":0,"footnotes":""},"categories":[11909],"tags":[],"aioseo_notices":[],"_links":{"self":[{"href":"https:\/\/blogsaverroes.juntadeandalucia.es\/ceperjosefinamolina\/wp-json\/wp\/v2\/posts\/4065"}],"collection":[{"href":"https:\/\/blogsaverroes.juntadeandalucia.es\/ceperjosefinamolina\/wp-json\/wp\/v2\/posts"}],"about":[{"href":"https:\/\/blogsaverroes.juntadeandalucia.es\/ceperjosefinamolina\/wp-json\/wp\/v2\/types\/post"}],"author":[{"embeddable":true,"href":"https:\/\/blogsaverroes.juntadeandalucia.es\/ceperjosefinamolina\/wp-json\/wp\/v2\/users\/5566"}],"replies":[{"embeddable":true,"href":"https:\/\/blogsaverroes.juntadeandalucia.es\/ceperjosefinamolina\/wp-json\/wp\/v2\/comments?post=4065"}],"version-history":[{"count":3,"href":"https:\/\/blogsaverroes.juntadeandalucia.es\/ceperjosefinamolina\/wp-json\/wp\/v2\/posts\/4065\/revisions"}],"predecessor-version":[{"id":4109,"href":"https:\/\/blogsaverroes.juntadeandalucia.es\/ceperjosefinamolina\/wp-json\/wp\/v2\/posts\/4065\/revisions\/4109"}],"wp:featuredmedia":[{"embeddable":true,"href":"https:\/\/blogsaverroes.juntadeandalucia.es\/ceperjosefinamolina\/wp-json\/wp\/v2\/media\/3871"}],"wp:attachment":[{"href":"https:\/\/blogsaverroes.juntadeandalucia.es\/ceperjosefinamolina\/wp-json\/wp\/v2\/media?parent=4065"}],"wp:term":[{"taxonomy":"category","embeddable":true,"href":"https:\/\/blogsaverroes.juntadeandalucia.es\/ceperjosefinamolina\/wp-json\/wp\/v2\/categories?post=4065"},{"taxonomy":"post_tag","embeddable":true,"href":"https:\/\/blogsaverroes.juntadeandalucia.es\/ceperjosefinamolina\/wp-json\/wp\/v2\/tags?post=4065"}],"curies":[{"name":"wp","href":"https:\/\/api.w.org\/{rel}","templated":true}]}}