{"id":1813,"date":"2023-01-17T13:34:12","date_gmt":"2023-01-17T12:34:12","guid":{"rendered":"https:\/\/blogsaverroes.juntadeandalucia.es\/ceperlapalma\/?p=1813"},"modified":"2023-01-17T13:34:12","modified_gmt":"2023-01-17T12:34:12","slug":"felicitacion-navidad","status":"publish","type":"post","link":"https:\/\/blogsaverroes.juntadeandalucia.es\/ceperlapalma\/felicitacion-navidad\/","title":{"rendered":"Felicitaci\u00f3n Navidad"},"content":{"rendered":"<p>Desde nuestro Centro y todas sus secciones os deseamos de todo \u2665\ufe0f que teng\u00e1is una Feliz Navidad y un Pr\u00f3spero A\u00f1o Nuevo cargado de salud y amor en el que se cumplan vuestros sue\u00f1os.<br \/>\nAgradecemos a toda la Comunidad Educativa su esfuerzo, compromiso y dedicaci\u00f3n para llenar este curso con experiencias y momentos especiales.<\/p>\n<p>\u00a1Nos vemos a la vuelta con las pilas cargadas!\ud83d\udd0b\ud83d\udd0b<\/p>\n<p><img loading=\"lazy\" decoding=\"async\" class=\"alignnone size-full wp-image-1814\" src=\"https:\/\/blogsaverroes.juntadeandalucia.es\/ceperlapalma\/files\/2023\/01\/1-16.jpeg\" alt=\"\" width=\"1080\" height=\"1080\" srcset=\"https:\/\/blogsaverroes.juntadeandalucia.es\/ceperlapalma\/files\/2023\/01\/1-16.jpeg 1080w, https:\/\/blogsaverroes.juntadeandalucia.es\/ceperlapalma\/files\/2023\/01\/1-16-980x980.jpeg 980w, https:\/\/blogsaverroes.juntadeandalucia.es\/ceperlapalma\/files\/2023\/01\/1-16-480x480.jpeg 480w\" sizes=\"(min-width: 0px) and (max-width: 480px) 480px, (min-width: 481px) and (max-width: 980px) 980px, (min-width: 981px) 1080px, 100vw\" \/><\/p>\n<p>Desde nuestro Centro y todas sus secciones os deseamos de todo \u2665\ufe0f que teng\u00e1is una Feliz Navidad y un Pr\u00f3spero A\u00f1o Nuevo cargado de salud y amor en el que se cumplan vuestros sue\u00f1os.<br \/>\nAgradecemos a toda la Comunidad Educativa su esfuerzo, compromiso y dedicaci\u00f3n para llenar este curso con experiencias y momentos especiales.<\/p>\n<p>\u00a1Nos vemos a la vuelta con las pilas cargadas!\ud83d\udd0b\ud83d\udd0b<\/p>\n","protected":false},"excerpt":{"rendered":"<p>Desde nuestro Centro y todas sus secciones os deseamos de todo \u2665\ufe0f que teng\u00e1is una Feliz Navidad y un Pr\u00f3spero A\u00f1o Nuevo cargado de salud y amor en el que se cumplan vuestros sue\u00f1os. Agradecemos a toda la Comunidad Educativa su esfuerzo, compromiso y dedicaci\u00f3n para llenar este curso con experiencias y momentos especiales. \u00a1Nos [&hellip;]<\/p>\n","protected":false},"author":3477,"featured_media":0,"comment_status":"closed","ping_status":"open","sticky":false,"template":"","format":"standard","meta":{"_et_pb_use_builder":"","_et_pb_old_content":"","_et_gb_content_width":"","ngg_post_thumbnail":0,"footnotes":""},"categories":[1],"tags":[],"aioseo_notices":[],"_links":{"self":[{"href":"https:\/\/blogsaverroes.juntadeandalucia.es\/ceperlapalma\/wp-json\/wp\/v2\/posts\/1813"}],"collection":[{"href":"https:\/\/blogsaverroes.juntadeandalucia.es\/ceperlapalma\/wp-json\/wp\/v2\/posts"}],"about":[{"href":"https:\/\/blogsaverroes.juntadeandalucia.es\/ceperlapalma\/wp-json\/wp\/v2\/types\/post"}],"author":[{"embeddable":true,"href":"https:\/\/blogsaverroes.juntadeandalucia.es\/ceperlapalma\/wp-json\/wp\/v2\/users\/3477"}],"replies":[{"embeddable":true,"href":"https:\/\/blogsaverroes.juntadeandalucia.es\/ceperlapalma\/wp-json\/wp\/v2\/comments?post=1813"}],"version-history":[{"count":1,"href":"https:\/\/blogsaverroes.juntadeandalucia.es\/ceperlapalma\/wp-json\/wp\/v2\/posts\/1813\/revisions"}],"predecessor-version":[{"id":1815,"href":"https:\/\/blogsaverroes.juntadeandalucia.es\/ceperlapalma\/wp-json\/wp\/v2\/posts\/1813\/revisions\/1815"}],"wp:attachment":[{"href":"https:\/\/blogsaverroes.juntadeandalucia.es\/ceperlapalma\/wp-json\/wp\/v2\/media?parent=1813"}],"wp:term":[{"taxonomy":"category","embeddable":true,"href":"https:\/\/blogsaverroes.juntadeandalucia.es\/ceperlapalma\/wp-json\/wp\/v2\/categories?post=1813"},{"taxonomy":"post_tag","embeddable":true,"href":"https:\/\/blogsaverroes.juntadeandalucia.es\/ceperlapalma\/wp-json\/wp\/v2\/tags?post=1813"}],"curies":[{"name":"wp","href":"https:\/\/api.w.org\/{rel}","templated":true}]}}