{"id":234,"date":"2023-02-24T11:08:37","date_gmt":"2023-02-24T11:08:37","guid":{"rendered":"https:\/\/blogsaverroes.juntadeandalucia.es\/ceperlapastira\/?p=234"},"modified":"2023-02-24T11:08:37","modified_gmt":"2023-02-24T11:08:37","slug":"carnaval-2023","status":"publish","type":"post","link":"https:\/\/blogsaverroes.juntadeandalucia.es\/ceperlapastira\/2023\/02\/24\/carnaval-2023\/","title":{"rendered":"CARNAVAL 2023"},"content":{"rendered":"<p>El pasado 19 de febrero, los estudiantes del SEP Francisco Almagro celebraron el <strong><span style=\"color: #33cccc\">carnaval<\/span><\/strong> haciendo homenaje a uno de los personajes m\u00e1s caracter\u00edsticos de la novela <span style=\"color: #3366ff\"><strong>\u00abAlicia en el pa\u00eds de las Maravillas\u00bb<\/strong> <\/span>escrito por <span style=\"color: #3366ff\"><strong>Lewis Carroll<\/strong><\/span>.<\/p>\n<p><img loading=\"lazy\" decoding=\"async\" class=\"size-full wp-image-235 aligncenter\" src=\"https:\/\/blogsaverroes.juntadeandalucia.es\/ceperlapastira\/files\/2023\/02\/WhatsApp-Image-2023-02-21-at-16.14.17.jpeg\" alt=\"\" width=\"768\" height=\"1024\" srcset=\"https:\/\/blogsaverroes.juntadeandalucia.es\/ceperlapastira\/files\/2023\/02\/WhatsApp-Image-2023-02-21-at-16.14.17.jpeg 768w, https:\/\/blogsaverroes.juntadeandalucia.es\/ceperlapastira\/files\/2023\/02\/WhatsApp-Image-2023-02-21-at-16.14.17-225x300.jpeg 225w\" sizes=\"(max-width: 768px) 100vw, 768px\" \/><\/p>\n<p>Como se puede apreciar, el disfraz es el del <span style=\"color: #3366ff\"><strong>Sombrerero loco<\/strong><\/span>, el cual dota de humor la obra escrita por Carroll, adem\u00e1s de ser uno de los personajes m\u00e1s recordados por el p\u00fablico en la gran mayor\u00eda de las adaptaciones realizadas para la gran pantalla, siendo el m\u00e1s caracter\u00edstico el de Disney o el interpretado por Johnny Deep<\/p>\n<p><img loading=\"lazy\" decoding=\"async\" class=\"alignleft\" src=\"https:\/\/psicologiaymass.files.wordpress.com\/2017\/07\/sombrerero-loco-2.jpg\" width=\"279\" height=\"228\"><\/p>\n<p>&nbsp;<\/p>\n<p><img loading=\"lazy\" decoding=\"async\" class=\"alignright\" src=\"https:\/\/64.media.tumblr.com\/94f2d293ed6b87cd82c69bcd53a12170\/tumblr_inline_pjzvm2bZ9J1t18k0u_500.jpg\" alt=\"Tumblr: Image\" width=\"248\" height=\"357\"><\/p>\n<p>&nbsp;<\/p>\n<p>&nbsp;<\/p>\n<p>&nbsp;<\/p>\n<p>&nbsp;<\/p>\n<p>Por \u00faltimo, como se puede observar, el disfraz se componen de un sombrero y una chaqueta verde, un vestido con rayas negras y rojas, medias rojas y azules, y unas botas\/zapatos negros. El disfraz ha sido confeccionado por cada una de las participantes.<\/p>\n","protected":false},"excerpt":{"rendered":"<p>El pasado 19 de febrero, los estudiantes del SEP Francisco Almagro celebraron el carnaval haciendo homenaje a uno de los personajes m\u00e1s caracter\u00edsticos de la novela \u00abAlicia en el pa\u00eds de las Maravillas\u00bb escrito&#46;&#46;&#46;<\/p>\n","protected":false},"author":11889,"featured_media":0,"comment_status":"open","ping_status":"open","sticky":false,"template":"","format":"standard","meta":{"ngg_post_thumbnail":0,"footnotes":""},"categories":[1],"tags":[],"aioseo_notices":[],"_links":{"self":[{"href":"https:\/\/blogsaverroes.juntadeandalucia.es\/ceperlapastira\/wp-json\/wp\/v2\/posts\/234"}],"collection":[{"href":"https:\/\/blogsaverroes.juntadeandalucia.es\/ceperlapastira\/wp-json\/wp\/v2\/posts"}],"about":[{"href":"https:\/\/blogsaverroes.juntadeandalucia.es\/ceperlapastira\/wp-json\/wp\/v2\/types\/post"}],"author":[{"embeddable":true,"href":"https:\/\/blogsaverroes.juntadeandalucia.es\/ceperlapastira\/wp-json\/wp\/v2\/users\/11889"}],"replies":[{"embeddable":true,"href":"https:\/\/blogsaverroes.juntadeandalucia.es\/ceperlapastira\/wp-json\/wp\/v2\/comments?post=234"}],"version-history":[{"count":2,"href":"https:\/\/blogsaverroes.juntadeandalucia.es\/ceperlapastira\/wp-json\/wp\/v2\/posts\/234\/revisions"}],"predecessor-version":[{"id":237,"href":"https:\/\/blogsaverroes.juntadeandalucia.es\/ceperlapastira\/wp-json\/wp\/v2\/posts\/234\/revisions\/237"}],"wp:attachment":[{"href":"https:\/\/blogsaverroes.juntadeandalucia.es\/ceperlapastira\/wp-json\/wp\/v2\/media?parent=234"}],"wp:term":[{"taxonomy":"category","embeddable":true,"href":"https:\/\/blogsaverroes.juntadeandalucia.es\/ceperlapastira\/wp-json\/wp\/v2\/categories?post=234"},{"taxonomy":"post_tag","embeddable":true,"href":"https:\/\/blogsaverroes.juntadeandalucia.es\/ceperlapastira\/wp-json\/wp\/v2\/tags?post=234"}],"curies":[{"name":"wp","href":"https:\/\/api.w.org\/{rel}","templated":true}]}}