{"id":2446,"date":"2025-11-11T18:52:31","date_gmt":"2025-11-11T17:52:31","guid":{"rendered":"https:\/\/blogsaverroes.juntadeandalucia.es\/ceperlosvelezoria\/?p=2446"},"modified":"2025-12-17T12:55:52","modified_gmt":"2025-12-17T11:55:52","slug":"nos-vamos-de-comida-de-navidad","status":"publish","type":"post","link":"https:\/\/blogsaverroes.juntadeandalucia.es\/ceperlosvelezoria\/nos-vamos-de-comida-de-navidad\/","title":{"rendered":"\u00a1Nos vamos de comida de Navidad!"},"content":{"rendered":"<p>El pr\u00f3ximo martes 16 de diciembre nos vamos los alumnos de V\u00e9lez-Rubio, V\u00e9lez-Blanco, Chirivel, Mar\u00eda y Oria a comer en el Restaurante \u00abEl Panzas\u00bb de Mar\u00eda para celebrar el final del primer trimestre.<\/p>\n<p>Toda la informaci\u00f3n del men\u00fa, precio, etc., en el cartel.<\/p>\n<p>\u00a1Confirma cuanto antes para asegurar tu plaza!<\/p>\n<p>&nbsp;<\/p>\n<p><img fetchpriority=\"high\" decoding=\"async\" class=\"alignnone size-medium wp-image-2447\" src=\"https:\/\/blogsaverroes.juntadeandalucia.es\/ceperlosvelezoria\/files\/2025\/11\/panzas-16d-borrador-300x169.jpg\" alt=\"\" width=\"300\" height=\"169\" srcset=\"https:\/\/blogsaverroes.juntadeandalucia.es\/ceperlosvelezoria\/files\/2025\/11\/panzas-16d-borrador-300x169.jpg 300w, https:\/\/blogsaverroes.juntadeandalucia.es\/ceperlosvelezoria\/files\/2025\/11\/panzas-16d-borrador-1024x576.jpg 1024w, https:\/\/blogsaverroes.juntadeandalucia.es\/ceperlosvelezoria\/files\/2025\/11\/panzas-16d-borrador-768x432.jpg 768w, https:\/\/blogsaverroes.juntadeandalucia.es\/ceperlosvelezoria\/files\/2025\/11\/panzas-16d-borrador-1536x864.jpg 1536w, https:\/\/blogsaverroes.juntadeandalucia.es\/ceperlosvelezoria\/files\/2025\/11\/panzas-16d-borrador.jpg 1920w\" sizes=\"(max-width: 300px) 100vw, 300px\" \/><\/p>\n","protected":false},"excerpt":{"rendered":"<p>El pr\u00f3ximo martes 16 de diciembre nos vamos los alumnos de V\u00e9lez-Rubio, V\u00e9lez-Blanco, Chirivel, Mar\u00eda y Oria a comer en el Restaurante \u00abEl Panzas\u00bb de Mar\u00eda para celebrar el final del primer trimestre. Toda&#46;&#46;&#46;<\/p>\n","protected":false},"author":11874,"featured_media":2453,"comment_status":"closed","ping_status":"open","sticky":false,"template":"","format":"standard","meta":{"ngg_post_thumbnail":0,"footnotes":""},"categories":[3],"tags":[],"aioseo_notices":[],"_links":{"self":[{"href":"https:\/\/blogsaverroes.juntadeandalucia.es\/ceperlosvelezoria\/wp-json\/wp\/v2\/posts\/2446"}],"collection":[{"href":"https:\/\/blogsaverroes.juntadeandalucia.es\/ceperlosvelezoria\/wp-json\/wp\/v2\/posts"}],"about":[{"href":"https:\/\/blogsaverroes.juntadeandalucia.es\/ceperlosvelezoria\/wp-json\/wp\/v2\/types\/post"}],"author":[{"embeddable":true,"href":"https:\/\/blogsaverroes.juntadeandalucia.es\/ceperlosvelezoria\/wp-json\/wp\/v2\/users\/11874"}],"replies":[{"embeddable":true,"href":"https:\/\/blogsaverroes.juntadeandalucia.es\/ceperlosvelezoria\/wp-json\/wp\/v2\/comments?post=2446"}],"version-history":[{"count":4,"href":"https:\/\/blogsaverroes.juntadeandalucia.es\/ceperlosvelezoria\/wp-json\/wp\/v2\/posts\/2446\/revisions"}],"predecessor-version":[{"id":2455,"href":"https:\/\/blogsaverroes.juntadeandalucia.es\/ceperlosvelezoria\/wp-json\/wp\/v2\/posts\/2446\/revisions\/2455"}],"wp:featuredmedia":[{"embeddable":true,"href":"https:\/\/blogsaverroes.juntadeandalucia.es\/ceperlosvelezoria\/wp-json\/wp\/v2\/media\/2453"}],"wp:attachment":[{"href":"https:\/\/blogsaverroes.juntadeandalucia.es\/ceperlosvelezoria\/wp-json\/wp\/v2\/media?parent=2446"}],"wp:term":[{"taxonomy":"category","embeddable":true,"href":"https:\/\/blogsaverroes.juntadeandalucia.es\/ceperlosvelezoria\/wp-json\/wp\/v2\/categories?post=2446"},{"taxonomy":"post_tag","embeddable":true,"href":"https:\/\/blogsaverroes.juntadeandalucia.es\/ceperlosvelezoria\/wp-json\/wp\/v2\/tags?post=2446"}],"curies":[{"name":"wp","href":"https:\/\/api.w.org\/{rel}","templated":true}]}}