{"id":4937,"date":"2021-11-27T20:59:09","date_gmt":"2021-11-27T20:59:09","guid":{"rendered":"https:\/\/blogsaverroes.juntadeandalucia.es\/cepermadinatalixena\/?p=4937"},"modified":"2021-12-10T09:00:44","modified_gmt":"2021-12-10T09:00:44","slug":"visita-del-grupo-de-patrimonio-de-lucena-a-la-cueva-del-angel","status":"publish","type":"post","link":"https:\/\/blogsaverroes.juntadeandalucia.es\/cepermadinatalixena\/visita-del-grupo-de-patrimonio-de-lucena-a-la-cueva-del-angel\/","title":{"rendered":"Visita de los grupos de Patrimonio de Lucena a la sima de la Cueva del \u00c1ngel"},"content":{"rendered":"\t\t<div data-elementor-type=\"wp-post\" data-elementor-id=\"4937\" class=\"elementor elementor-4937\">\n\t\t\t\t\t\t<section class=\"elementor-section elementor-top-section elementor-element elementor-element-ec2d1f1 elementor-section-boxed elementor-section-height-default elementor-section-height-default\" data-id=\"ec2d1f1\" data-element_type=\"section\">\n\t\t\t\t\t\t<div class=\"elementor-container elementor-column-gap-default\">\n\t\t\t\t\t<div class=\"elementor-column elementor-col-100 elementor-top-column elementor-element elementor-element-58f9b19\" data-id=\"58f9b19\" data-element_type=\"column\">\n\t\t\t<div class=\"elementor-widget-wrap elementor-element-populated\">\n\t\t\t\t\t\t<div class=\"elementor-element elementor-element-15e19e9 elementor-widget elementor-widget-text-editor\" data-id=\"15e19e9\" data-element_type=\"widget\" data-widget_type=\"text-editor.default\">\n\t\t\t\t<div class=\"elementor-widget-container\">\n\t\t\t\t\t\t\t\t\t<p style=\"text-align: justify\">El d\u00eda 26 de noviembre los grupos del Plan educativo de Patrimonio realizaron una visita a la sima de la Cueva del \u00c1ngel. Nos ha acompa\u00f1ado en dicha visita el arque\u00f3logo municipal Daniel Botella, que nos explic\u00f3 magistralmente este complejo geol\u00f3gico, arqueol\u00f3gico y medioambiental.\u00a0<\/p><p style=\"text-align: justify\">Result\u00f3 muy interesante, porque la mayor\u00eda de participantes no conoc\u00eda esta parte de nuestro patrimonio, ni la gran importancia que tiene.<\/p>\t\t\t\t\t\t\t\t<\/div>\n\t\t\t\t<\/div>\n\t\t\t\t\t<\/div>\n\t\t<\/div>\n\t\t\t\t\t<\/div>\n\t\t<\/section>\n\t\t\t\t<section class=\"elementor-section elementor-top-section elementor-element elementor-element-2d719a36 elementor-section-boxed elementor-section-height-default elementor-section-height-default\" data-id=\"2d719a36\" data-element_type=\"section\">\n\t\t\t\t\t\t<div class=\"elementor-container elementor-column-gap-default\">\n\t\t\t\t\t<div class=\"elementor-column elementor-col-100 elementor-top-column elementor-element elementor-element-43810a77\" data-id=\"43810a77\" data-element_type=\"column\">\n\t\t\t<div class=\"elementor-widget-wrap elementor-element-populated\">\n\t\t\t\t\t\t<div class=\"elementor-element elementor-element-7840a24f elementor-widget elementor-widget-text-editor\" data-id=\"7840a24f\" data-element_type=\"widget\" data-widget_type=\"text-editor.default\">\n\t\t\t\t<div class=\"elementor-widget-container\">\n\t\t\t\t\t\t\t\t\t<!-- index.php -->\n<div\n\tclass=\"ngg-galleryoverview\n\t ngg-ajax-pagination-none\t\"\n\tid=\"ngg-gallery-538905ea098ee017d77c45fc1c842365-1\">\n\n\t\t<div class=\"slideshowlink\">\n\t\t<a href='https:\/\/blogsaverroes.juntadeandalucia.es\/cepermadinatalixena\/visita-del-grupo-de-patrimonio-de-lucena-a-la-cueva-del-angel\/nggallery\/slideshow'>[Ver en modo carrusel]<\/a>\n\n\t<\/div>\n\t\t\t<!-- Thumbnails -->\n\t\t\t\t<div id=\"ngg-image-0\" class=\"ngg-gallery-thumbnail-box\">\n\t\t\t\t\t\t<div class=\"ngg-gallery-thumbnail\">\n\t\t\t<a href=\"https:\/\/blogsaverroes.juntadeandalucia.es\/cepermadinatalixena\/wp-content\/uploads\/sites\/872\/nggallery\/cueva-del-angel\/WhatsApp-Image-2021-11-26-at-11.45.26-AM-1.jpeg\"\n\t\t\t\ttitle=\"\"\n\t\t\t\tdata-src=\"https:\/\/blogsaverroes.juntadeandalucia.es\/cepermadinatalixena\/wp-content\/uploads\/sites\/872\/nggallery\/cueva-del-angel\/WhatsApp-Image-2021-11-26-at-11.45.26-AM-1.jpeg\"\n\t\t\t\tdata-thumbnail=\"https:\/\/blogsaverroes.juntadeandalucia.es\/cepermadinatalixena\/wp-content\/uploads\/sites\/872\/nggallery\/cueva-del-angel\/thumbs\/thumbs_WhatsApp-Image-2021-11-26-at-11.45.26-AM-1.jpeg\"\n\t\t\t\tdata-image-id=\"123\"\n\t\t\t\tdata-title=\"Visita cueva del \u00c1ngel 2\"\n\t\t\t\tdata-description=\"\"\n\t\t\t\tdata-image-slug=\"whatsapp-image-2021-11-26-at-11-45-26-am-1\"\n\t\t\t\tclass=\"ngg-fancybox\" rel=\"538905ea098ee017d77c45fc1c842365\">\n\t\t\t\t<img title=\"Visita cueva del \u00c1ngel 2\"\n\t\t\t\t\talt=\"Visita cueva del \u00c1ngel 2\"\n\t\t\t\t\tsrc=\"https:\/\/blogsaverroes.juntadeandalucia.es\/cepermadinatalixena\/wp-content\/uploads\/sites\/872\/nggallery\/cueva-del-angel\/cache\/WhatsApp-Image-2021-11-26-at-11.45.26-AM-1.jpeg-nggid03123-ngg0dyn-240x180x100-00f0w010c011r110f110r010t010.jpeg\"\n\t\t\t\t\twidth=\"240\"\n\t\t\t\t\theight=\"180\"\n\t\t\t\t\tstyle=\"max-width:100%;\"\n\t\t\t\t\/>\n\t\t\t<\/a>\n\t\t<\/div>\n\t\t\t\t\t\t\t<\/div>\n\t\t\t\n\t\t\n\t\t\t\t<div id=\"ngg-image-1\" class=\"ngg-gallery-thumbnail-box\">\n\t\t\t\t\t\t<div class=\"ngg-gallery-thumbnail\">\n\t\t\t<a href=\"https:\/\/blogsaverroes.juntadeandalucia.es\/cepermadinatalixena\/wp-content\/uploads\/sites\/872\/nggallery\/cueva-del-angel\/WhatsApp-Image-2021-11-26-at-11.45.27-AM-2.jpeg\"\n\t\t\t\ttitle=\"\"\n\t\t\t\tdata-src=\"https:\/\/blogsaverroes.juntadeandalucia.es\/cepermadinatalixena\/wp-content\/uploads\/sites\/872\/nggallery\/cueva-del-angel\/WhatsApp-Image-2021-11-26-at-11.45.27-AM-2.jpeg\"\n\t\t\t\tdata-thumbnail=\"https:\/\/blogsaverroes.juntadeandalucia.es\/cepermadinatalixena\/wp-content\/uploads\/sites\/872\/nggallery\/cueva-del-angel\/thumbs\/thumbs_WhatsApp-Image-2021-11-26-at-11.45.27-AM-2.jpeg\"\n\t\t\t\tdata-image-id=\"124\"\n\t\t\t\tdata-title=\"Visita cueva del \u00c1ngel 7\"\n\t\t\t\tdata-description=\"\"\n\t\t\t\tdata-image-slug=\"whatsapp-image-2021-11-26-at-11-45-27-am-2\"\n\t\t\t\tclass=\"ngg-fancybox\" rel=\"538905ea098ee017d77c45fc1c842365\">\n\t\t\t\t<img title=\"Visita cueva del \u00c1ngel 7\"\n\t\t\t\t\talt=\"Visita cueva del \u00c1ngel 7\"\n\t\t\t\t\tsrc=\"https:\/\/blogsaverroes.juntadeandalucia.es\/cepermadinatalixena\/wp-content\/uploads\/sites\/872\/nggallery\/cueva-del-angel\/cache\/WhatsApp-Image-2021-11-26-at-11.45.27-AM-2.jpeg-nggid03124-ngg0dyn-240x180x100-00f0w010c011r110f110r010t010.jpeg\"\n\t\t\t\t\twidth=\"240\"\n\t\t\t\t\theight=\"180\"\n\t\t\t\t\tstyle=\"max-width:100%;\"\n\t\t\t\t\/>\n\t\t\t<\/a>\n\t\t<\/div>\n\t\t\t\t\t\t\t<\/div>\n\t\t\t\n\t\t\n\t\t\t\t<div id=\"ngg-image-2\" class=\"ngg-gallery-thumbnail-box\">\n\t\t\t\t\t\t<div class=\"ngg-gallery-thumbnail\">\n\t\t\t<a href=\"https:\/\/blogsaverroes.juntadeandalucia.es\/cepermadinatalixena\/wp-content\/uploads\/sites\/872\/nggallery\/cueva-del-angel\/WhatsApp-Image-2021-11-26-at-11.45.27-AM.jpeg\"\n\t\t\t\ttitle=\"\"\n\t\t\t\tdata-src=\"https:\/\/blogsaverroes.juntadeandalucia.es\/cepermadinatalixena\/wp-content\/uploads\/sites\/872\/nggallery\/cueva-del-angel\/WhatsApp-Image-2021-11-26-at-11.45.27-AM.jpeg\"\n\t\t\t\tdata-thumbnail=\"https:\/\/blogsaverroes.juntadeandalucia.es\/cepermadinatalixena\/wp-content\/uploads\/sites\/872\/nggallery\/cueva-del-angel\/thumbs\/thumbs_WhatsApp-Image-2021-11-26-at-11.45.27-AM.jpeg\"\n\t\t\t\tdata-image-id=\"125\"\n\t\t\t\tdata-title=\"Visita cueva del \u00c1ngel 6\"\n\t\t\t\tdata-description=\"\"\n\t\t\t\tdata-image-slug=\"whatsapp-image-2021-11-26-at-11-45-27-am-3\"\n\t\t\t\tclass=\"ngg-fancybox\" rel=\"538905ea098ee017d77c45fc1c842365\">\n\t\t\t\t<img title=\"Visita cueva del \u00c1ngel 6\"\n\t\t\t\t\talt=\"Visita cueva del \u00c1ngel 6\"\n\t\t\t\t\tsrc=\"https:\/\/blogsaverroes.juntadeandalucia.es\/cepermadinatalixena\/wp-content\/uploads\/sites\/872\/nggallery\/cueva-del-angel\/cache\/WhatsApp-Image-2021-11-26-at-11.45.27-AM.jpeg-nggid03125-ngg0dyn-240x180x100-00f0w010c011r110f110r010t010.jpeg\"\n\t\t\t\t\twidth=\"240\"\n\t\t\t\t\theight=\"180\"\n\t\t\t\t\tstyle=\"max-width:100%;\"\n\t\t\t\t\/>\n\t\t\t<\/a>\n\t\t<\/div>\n\t\t\t\t\t\t\t<\/div>\n\t\t\t\n\t\t\n\t\t\t\t<div id=\"ngg-image-3\" class=\"ngg-gallery-thumbnail-box\">\n\t\t\t\t\t\t<div class=\"ngg-gallery-thumbnail\">\n\t\t\t<a href=\"https:\/\/blogsaverroes.juntadeandalucia.es\/cepermadinatalixena\/wp-content\/uploads\/sites\/872\/nggallery\/cueva-del-angel\/WhatsApp-Image-2021-11-26-at-11.46.09-AM-3.jpeg\"\n\t\t\t\ttitle=\"\"\n\t\t\t\tdata-src=\"https:\/\/blogsaverroes.juntadeandalucia.es\/cepermadinatalixena\/wp-content\/uploads\/sites\/872\/nggallery\/cueva-del-angel\/WhatsApp-Image-2021-11-26-at-11.46.09-AM-3.jpeg\"\n\t\t\t\tdata-thumbnail=\"https:\/\/blogsaverroes.juntadeandalucia.es\/cepermadinatalixena\/wp-content\/uploads\/sites\/872\/nggallery\/cueva-del-angel\/thumbs\/thumbs_WhatsApp-Image-2021-11-26-at-11.46.09-AM-3.jpeg\"\n\t\t\t\tdata-image-id=\"126\"\n\t\t\t\tdata-title=\"Visita cueva del \u00c1ngel 5\"\n\t\t\t\tdata-description=\"\"\n\t\t\t\tdata-image-slug=\"whatsapp-image-2021-11-26-at-11-46-09-am-3\"\n\t\t\t\tclass=\"ngg-fancybox\" rel=\"538905ea098ee017d77c45fc1c842365\">\n\t\t\t\t<img title=\"Visita cueva del \u00c1ngel 5\"\n\t\t\t\t\talt=\"Visita cueva del \u00c1ngel 5\"\n\t\t\t\t\tsrc=\"https:\/\/blogsaverroes.juntadeandalucia.es\/cepermadinatalixena\/wp-content\/uploads\/sites\/872\/nggallery\/cueva-del-angel\/cache\/WhatsApp-Image-2021-11-26-at-11.46.09-AM-3.jpeg-nggid03126-ngg0dyn-240x180x100-00f0w010c011r110f110r010t010.jpeg\"\n\t\t\t\t\twidth=\"240\"\n\t\t\t\t\theight=\"180\"\n\t\t\t\t\tstyle=\"max-width:100%;\"\n\t\t\t\t\/>\n\t\t\t<\/a>\n\t\t<\/div>\n\t\t\t\t\t\t\t<\/div>\n\t\t\t\n\t\t\n\t\t\n\t\t<!-- Pagination -->\n\t\t<div class='ngg-navigation'><span class='current'>1<\/span>\n<a class='page-numbers' data-pageid='2' href='https:\/\/blogsaverroes.juntadeandalucia.es\/cepermadinatalixena\/visita-del-grupo-de-patrimonio-de-lucena-a-la-cueva-del-angel\/nggallery\/page\/2'>2<\/a>\n<a class='prev' href='https:\/\/blogsaverroes.juntadeandalucia.es\/cepermadinatalixena\/visita-del-grupo-de-patrimonio-de-lucena-a-la-cueva-del-angel\/nggallery\/page\/2' data-pageid=2>&#9658;<\/a><\/div>\t<\/div>\n\t\t\t\t\t\t\t\t<\/div>\n\t\t\t\t<\/div>\n\t\t\t\t\t<\/div>\n\t\t<\/div>\n\t\t\t\t\t<\/div>\n\t\t<\/section>\n\t\t\t\t<\/div>\n\t\t","protected":false},"excerpt":{"rendered":"<p>El d\u00eda 26 de noviembre los grupos del Plan educativo de Patrimonio realizaron una visita a la sima de la Cueva del \u00c1ngel. Nos ha acompa\u00f1ado en dicha visita el arque\u00f3logo municipal Daniel Botella, que nos explic\u00f3 magistralmente este complejo geol\u00f3gico, arqueol\u00f3gico y medioambiental.&nbsp; Result\u00f3 muy interesante, porque la mayor\u00eda de participantes no conoc\u00eda esta &hellip; <\/p>\n<p class=\"link-more\"><a href=\"https:\/\/blogsaverroes.juntadeandalucia.es\/cepermadinatalixena\/visita-del-grupo-de-patrimonio-de-lucena-a-la-cueva-del-angel\/\" class=\"more-link\">Continuar leyendo<span class=\"screen-reader-text\"> &#8220;Visita de los grupos de Patrimonio de Lucena a la sima de la Cueva del \u00c1ngel&#8221;<\/span><\/a><\/p>\n","protected":false},"author":11476,"featured_media":0,"comment_status":"open","ping_status":"open","sticky":false,"template":"","format":"standard","meta":{"ngg_post_thumbnail":0,"footnotes":""},"categories":[11909],"tags":[],"aioseo_notices":[],"_links":{"self":[{"href":"https:\/\/blogsaverroes.juntadeandalucia.es\/cepermadinatalixena\/wp-json\/wp\/v2\/posts\/4937"}],"collection":[{"href":"https:\/\/blogsaverroes.juntadeandalucia.es\/cepermadinatalixena\/wp-json\/wp\/v2\/posts"}],"about":[{"href":"https:\/\/blogsaverroes.juntadeandalucia.es\/cepermadinatalixena\/wp-json\/wp\/v2\/types\/post"}],"author":[{"embeddable":true,"href":"https:\/\/blogsaverroes.juntadeandalucia.es\/cepermadinatalixena\/wp-json\/wp\/v2\/users\/11476"}],"replies":[{"embeddable":true,"href":"https:\/\/blogsaverroes.juntadeandalucia.es\/cepermadinatalixena\/wp-json\/wp\/v2\/comments?post=4937"}],"version-history":[{"count":11,"href":"https:\/\/blogsaverroes.juntadeandalucia.es\/cepermadinatalixena\/wp-json\/wp\/v2\/posts\/4937\/revisions"}],"predecessor-version":[{"id":4959,"href":"https:\/\/blogsaverroes.juntadeandalucia.es\/cepermadinatalixena\/wp-json\/wp\/v2\/posts\/4937\/revisions\/4959"}],"wp:attachment":[{"href":"https:\/\/blogsaverroes.juntadeandalucia.es\/cepermadinatalixena\/wp-json\/wp\/v2\/media?parent=4937"}],"wp:term":[{"taxonomy":"category","embeddable":true,"href":"https:\/\/blogsaverroes.juntadeandalucia.es\/cepermadinatalixena\/wp-json\/wp\/v2\/categories?post=4937"},{"taxonomy":"post_tag","embeddable":true,"href":"https:\/\/blogsaverroes.juntadeandalucia.es\/cepermadinatalixena\/wp-json\/wp\/v2\/tags?post=4937"}],"curies":[{"name":"wp","href":"https:\/\/api.w.org\/{rel}","templated":true}]}}