{"id":6244,"date":"2024-11-16T18:45:53","date_gmt":"2024-11-16T18:45:53","guid":{"rendered":"https:\/\/blogsaverroes.juntadeandalucia.es\/cepermadinatalixena\/?p=6244"},"modified":"2024-12-04T14:46:39","modified_gmt":"2024-12-04T14:46:39","slug":"visita-a-estepa","status":"publish","type":"post","link":"https:\/\/blogsaverroes.juntadeandalucia.es\/cepermadinatalixena\/visita-a-estepa\/","title":{"rendered":"Visita a Estepa"},"content":{"rendered":"<p style=\"text-align: justify\">El d\u00eda 15 de noviembre, nuestro centro organiz\u00f3 una visita guiada a Estepa. Recorrimos los lugares m\u00e1s emblem\u00e1ticos de la ciudad en la que tambi\u00e9n tuvimos a oportunidad de conocer la fabricaci\u00f3n de los mantecados.<\/p>\n<p><img fetchpriority=\"high\" decoding=\"async\" class=\"size-large wp-image-6245 aligncenter\" src=\"https:\/\/blogsaverroes.juntadeandalucia.es\/cepermadinatalixena\/files\/2024\/11\/FB_IMG_1732559740332-1024x768.jpg\" alt=\"\" width=\"525\" height=\"394\" srcset=\"https:\/\/blogsaverroes.juntadeandalucia.es\/cepermadinatalixena\/files\/2024\/11\/FB_IMG_1732559740332-1024x768.jpg 1024w, https:\/\/blogsaverroes.juntadeandalucia.es\/cepermadinatalixena\/files\/2024\/11\/FB_IMG_1732559740332-300x225.jpg 300w, https:\/\/blogsaverroes.juntadeandalucia.es\/cepermadinatalixena\/files\/2024\/11\/FB_IMG_1732559740332-768x576.jpg 768w, https:\/\/blogsaverroes.juntadeandalucia.es\/cepermadinatalixena\/files\/2024\/11\/FB_IMG_1732559740332.jpg 1080w\" sizes=\"(max-width: 525px) 100vw, 525px\" \/><\/p>\n<p><a href=\"https:\/\/drive.google.com\/drive\/folders\/1ftcPsCQwf6DF3w10-otJnoP1SnlUMcmD?usp=sharing\" target=\"_blank\" rel=\"noopener\">Fotos de la visita a Estepa<\/a><\/p>\n","protected":false},"excerpt":{"rendered":"<p>El d\u00eda 15 de noviembre, nuestro centro organiz\u00f3 una visita guiada a Estepa. Recorrimos los lugares m\u00e1s emblem\u00e1ticos de la ciudad en la que tambi\u00e9n tuvimos a oportunidad de conocer la fabricaci\u00f3n de los mantecados. Fotos de la visita a Estepa<\/p>\n","protected":false},"author":11476,"featured_media":0,"comment_status":"open","ping_status":"open","sticky":false,"template":"","format":"standard","meta":{"ngg_post_thumbnail":0,"footnotes":""},"categories":[2351712],"tags":[],"aioseo_notices":[],"_links":{"self":[{"href":"https:\/\/blogsaverroes.juntadeandalucia.es\/cepermadinatalixena\/wp-json\/wp\/v2\/posts\/6244"}],"collection":[{"href":"https:\/\/blogsaverroes.juntadeandalucia.es\/cepermadinatalixena\/wp-json\/wp\/v2\/posts"}],"about":[{"href":"https:\/\/blogsaverroes.juntadeandalucia.es\/cepermadinatalixena\/wp-json\/wp\/v2\/types\/post"}],"author":[{"embeddable":true,"href":"https:\/\/blogsaverroes.juntadeandalucia.es\/cepermadinatalixena\/wp-json\/wp\/v2\/users\/11476"}],"replies":[{"embeddable":true,"href":"https:\/\/blogsaverroes.juntadeandalucia.es\/cepermadinatalixena\/wp-json\/wp\/v2\/comments?post=6244"}],"version-history":[{"count":6,"href":"https:\/\/blogsaverroes.juntadeandalucia.es\/cepermadinatalixena\/wp-json\/wp\/v2\/posts\/6244\/revisions"}],"predecessor-version":[{"id":6277,"href":"https:\/\/blogsaverroes.juntadeandalucia.es\/cepermadinatalixena\/wp-json\/wp\/v2\/posts\/6244\/revisions\/6277"}],"wp:attachment":[{"href":"https:\/\/blogsaverroes.juntadeandalucia.es\/cepermadinatalixena\/wp-json\/wp\/v2\/media?parent=6244"}],"wp:term":[{"taxonomy":"category","embeddable":true,"href":"https:\/\/blogsaverroes.juntadeandalucia.es\/cepermadinatalixena\/wp-json\/wp\/v2\/categories?post=6244"},{"taxonomy":"post_tag","embeddable":true,"href":"https:\/\/blogsaverroes.juntadeandalucia.es\/cepermadinatalixena\/wp-json\/wp\/v2\/tags?post=6244"}],"curies":[{"name":"wp","href":"https:\/\/api.w.org\/{rel}","templated":true}]}}