{"id":3254,"date":"2021-10-20T12:19:29","date_gmt":"2021-10-20T10:19:29","guid":{"rendered":"https:\/\/blogsaverroes.juntadeandalucia.es\/cepermarenostrumro\/?p=3254"},"modified":"2021-10-20T12:56:56","modified_gmt":"2021-10-20T10:56:56","slug":"elecciones-a-consejo-escolar","status":"publish","type":"post","link":"https:\/\/blogsaverroes.juntadeandalucia.es\/cepermarenostrumro\/elecciones-a-consejo-escolar\/","title":{"rendered":"ELECCIONES A CONSEJO DE CENTRO"},"content":{"rendered":"<p><a href=\"https:\/\/blogsaverroes.juntadeandalucia.es\/cepermarenostrumro\/files\/2021\/10\/CONSEJO-ESCOLAR-960x675-1.png\"><img fetchpriority=\"high\" decoding=\"async\" class=\"size-medium wp-image-3256 alignleft\" src=\"https:\/\/blogsaverroes.juntadeandalucia.es\/cepermarenostrumro\/files\/2021\/10\/CONSEJO-ESCOLAR-960x675-1-300x211.png\" alt=\"\" width=\"300\" height=\"211\" srcset=\"https:\/\/blogsaverroes.juntadeandalucia.es\/cepermarenostrumro\/files\/2021\/10\/CONSEJO-ESCOLAR-960x675-1-300x211.png 300w, https:\/\/blogsaverroes.juntadeandalucia.es\/cepermarenostrumro\/files\/2021\/10\/CONSEJO-ESCOLAR-960x675-1-768x540.png 768w, https:\/\/blogsaverroes.juntadeandalucia.es\/cepermarenostrumro\/files\/2021\/10\/CONSEJO-ESCOLAR-960x675-1.png 960w\" sizes=\"(max-width: 300px) 100vw, 300px\" \/><\/a>Durante el primer trimestre de este curso escolar se va a proceder a la celebraci\u00f3n de elecciones extraordinarias para la selecci\u00f3n de<strong> representantes en los Consejos Escolares y Consejos de Centro<\/strong>. Esta convocatoria, que incluye el calendario de aplicaci\u00f3n, viene regulada por la <a href=\"https:\/\/drive.google.com\/file\/d\/1uAPIgYgfb9-lceft78CjA4clu-4-KAF5\/view?usp=sharing\">Resoluci\u00f3n de 24 de septiembre de 2021<\/a> de la Delegaci\u00f3n Territorial de Educaci\u00f3n y Deporte de Almer\u00eda.<\/p>\n<p>El Consejo de Centro es un \u00d3rgano Colegiado encargado de la toma de decisiones sobre aspectos fundamentales del funcionamiento y la gesti\u00f3n del Centro. Est\u00e1 compuesto en nuestro caso por&nbsp; representantes de los distintos sectores de la Comunidad Educativa: el profesorado, el alumnado y adem\u00e1s un representante del Ayuntamiento.<\/p>\n<p>Para garantizar la participaci\u00f3n de toda la comunidad educativa en este proceso destacamos las <strong>fechas m\u00e1s significativas<\/strong>:<br \/>\n<strong>18 de octubre<\/strong>: Constituci\u00f3n de la Junta Electoral y publicaci\u00f3n de los censos electorales en el tabl\u00f3n de anuncios del centro.<br \/>\n<strong>Del 20 al 27 de octubre<\/strong>: Presentaci\u00f3n de reclamaciones sobre el censo electoral.<br \/>\n<strong>Del 21 al 28 de octubre<\/strong>, ambos inclusive: Presentaci\u00f3n de candidaturas.<br \/>\n<strong>29 de octubre<\/strong>: Publicaci\u00f3n de la lista provisional de candidatos y candidatas.<br \/>\n<strong>3 de noviembre<\/strong>: Publicaci\u00f3n de la lista definitiva de candidatos y candidatas.<br \/>\n<strong>5 de noviembre<\/strong>: Celebraci\u00f3n del sorteo para establecer los miembros de la Mesa Electoral.<br \/>\n<strong>18 de noviembre<\/strong>: Votaciones al Consejo Escolar y proclamaci\u00f3n de representantes electos.<\/p>\n","protected":false},"excerpt":{"rendered":"<p>Durante el primer trimestre de este curso escolar se va a proceder a la celebraci\u00f3n de elecciones extraordinarias para la selecci\u00f3n de representantes en los Consejos Escolares y Consejos de Centro. Esta convocatoria, que incluye el calendario de aplicaci\u00f3n, viene regulada por la Resoluci\u00f3n de&#46;&#46;&#46;<\/p>\n","protected":false},"author":11659,"featured_media":0,"comment_status":"open","ping_status":"open","sticky":false,"template":"","format":"standard","meta":{"ngg_post_thumbnail":0,"footnotes":""},"categories":[2351652],"tags":[2351653],"aioseo_notices":[],"post_mailing_queue_ids":[],"_links":{"self":[{"href":"https:\/\/blogsaverroes.juntadeandalucia.es\/cepermarenostrumro\/wp-json\/wp\/v2\/posts\/3254"}],"collection":[{"href":"https:\/\/blogsaverroes.juntadeandalucia.es\/cepermarenostrumro\/wp-json\/wp\/v2\/posts"}],"about":[{"href":"https:\/\/blogsaverroes.juntadeandalucia.es\/cepermarenostrumro\/wp-json\/wp\/v2\/types\/post"}],"author":[{"embeddable":true,"href":"https:\/\/blogsaverroes.juntadeandalucia.es\/cepermarenostrumro\/wp-json\/wp\/v2\/users\/11659"}],"replies":[{"embeddable":true,"href":"https:\/\/blogsaverroes.juntadeandalucia.es\/cepermarenostrumro\/wp-json\/wp\/v2\/comments?post=3254"}],"version-history":[{"count":3,"href":"https:\/\/blogsaverroes.juntadeandalucia.es\/cepermarenostrumro\/wp-json\/wp\/v2\/posts\/3254\/revisions"}],"predecessor-version":[{"id":3259,"href":"https:\/\/blogsaverroes.juntadeandalucia.es\/cepermarenostrumro\/wp-json\/wp\/v2\/posts\/3254\/revisions\/3259"}],"wp:attachment":[{"href":"https:\/\/blogsaverroes.juntadeandalucia.es\/cepermarenostrumro\/wp-json\/wp\/v2\/media?parent=3254"}],"wp:term":[{"taxonomy":"category","embeddable":true,"href":"https:\/\/blogsaverroes.juntadeandalucia.es\/cepermarenostrumro\/wp-json\/wp\/v2\/categories?post=3254"},{"taxonomy":"post_tag","embeddable":true,"href":"https:\/\/blogsaverroes.juntadeandalucia.es\/cepermarenostrumro\/wp-json\/wp\/v2\/tags?post=3254"}],"curies":[{"name":"wp","href":"https:\/\/api.w.org\/{rel}","templated":true}]}}