{"id":3491,"date":"2021-11-23T13:02:01","date_gmt":"2021-11-23T12:02:01","guid":{"rendered":"https:\/\/blogsaverroes.juntadeandalucia.es\/cepermarenostrumro\/?p=3491"},"modified":"2021-11-23T13:02:01","modified_gmt":"2021-11-23T12:02:01","slug":"sensibilizacion","status":"publish","type":"post","link":"https:\/\/blogsaverroes.juntadeandalucia.es\/cepermarenostrumro\/sensibilizacion\/","title":{"rendered":"SENSIBILIZACI\u00d3N"},"content":{"rendered":"<p><a href=\"https:\/\/blogsaverroes.juntadeandalucia.es\/cepermarenostrumro\/files\/2021\/11\/WEB.jpeg\"><img fetchpriority=\"high\" decoding=\"async\" class=\"alignleft wp-image-3493 size-medium\" src=\"https:\/\/blogsaverroes.juntadeandalucia.es\/cepermarenostrumro\/files\/2021\/11\/WEB-300x225.jpeg\" alt=\"\" width=\"300\" height=\"225\" srcset=\"https:\/\/blogsaverroes.juntadeandalucia.es\/cepermarenostrumro\/files\/2021\/11\/WEB-300x225.jpeg 300w, https:\/\/blogsaverroes.juntadeandalucia.es\/cepermarenostrumro\/files\/2021\/11\/WEB-1024x768.jpeg 1024w, https:\/\/blogsaverroes.juntadeandalucia.es\/cepermarenostrumro\/files\/2021\/11\/WEB-768x576.jpeg 768w, https:\/\/blogsaverroes.juntadeandalucia.es\/cepermarenostrumro\/files\/2021\/11\/WEB-1536x1152.jpeg 1536w, https:\/\/blogsaverroes.juntadeandalucia.es\/cepermarenostrumro\/files\/2021\/11\/WEB.jpeg 1600w\" sizes=\"(max-width: 300px) 100vw, 300px\" \/><\/a> Para hacer visible y denunciar la violencia de g\u00e9nero el alumnado del CEPER Mare Nostrum asisti\u00f3 el lunes 22 de noviembre en su sede de Roquetas de Mar al desarrollo del proyecto SOMOS M\u00c1S QUE DOS dirigido por Ad\u00e1n Torres; proyecto que nace de la uni\u00f3n de dos obras cortas de teatro: ENTRETEJIDAS Y ME GUSTA CUANDO CALLAS. Esta actuaci\u00f3n est\u00e1 recogida dentro del programa Escuela Espacio de Paz que desarrolla el centro educativo. Unas piezas crudas y descarnadas que tratan de sensibilizar a la vez que denunciar el tema de la violencia contra las mujeres de una forma clara y directa, impactando en la retina de los espectadores y provocando en ellos la repulsa m\u00e1s absoluta.<\/p>\n<p>Ambos textos invitan a la reflexi\u00f3n, condensando en dos historias ficticias un gran n\u00famero de pa<a href=\"https:\/\/blogsaverroes.juntadeandalucia.es\/cepermarenostrumro\/files\/2021\/11\/WEB1.jpeg\"><img decoding=\"async\" class=\"alignright wp-image-3494 size-medium\" src=\"https:\/\/blogsaverroes.juntadeandalucia.es\/cepermarenostrumro\/files\/2021\/11\/WEB1-225x300.jpeg\" alt=\"\" width=\"225\" height=\"300\" srcset=\"https:\/\/blogsaverroes.juntadeandalucia.es\/cepermarenostrumro\/files\/2021\/11\/WEB1-225x300.jpeg 225w, https:\/\/blogsaverroes.juntadeandalucia.es\/cepermarenostrumro\/files\/2021\/11\/WEB1-768x1024.jpeg 768w, https:\/\/blogsaverroes.juntadeandalucia.es\/cepermarenostrumro\/files\/2021\/11\/WEB1-1152x1536.jpeg 1152w, https:\/\/blogsaverroes.juntadeandalucia.es\/cepermarenostrumro\/files\/2021\/11\/WEB1.jpeg 1200w\" sizes=\"(max-width: 225px) 100vw, 225px\" \/><\/a>trones comunes que sufren las v\u00edctimas de violencia de g\u00e9nero. Las mujeres protagonistas de los relatos han sufrido violencias de distinta \u00edndole y en tiempos tambi\u00e9n diferentes.<\/p>\n<p>Un p\u00fablico entregado disfrut\u00f3 con las actuaciones intensas y cercanas de los actores que se vaciaron para conseguir despertar entre los asistentes el rechazo hacia las conductas violentas.<\/p>\n<p>La proximidad del espect\u00e1culo y de los actores provoc\u00f3 que este pase privado en el CEPER Mare Nostrum despertara reacciones que hicieron estremecerse y sobrecogerse al p\u00fablico asistente. El teatro consigui\u00f3 convertirse en una herramienta al servicio de la sensibilizaci\u00f3n y la prevenci\u00f3n de la violencia contra las mujeres.<\/p>\n<p>L\u00e1stima que el reducido espacio de nuestras instalaciones no permitiera la asistencia del todo el alumnado del centro. Agradecemos el enorme esfuerzo de la compa\u00f1\u00eda para adaptarse a las circunstancias en las que se desarroll\u00f3 la obra y nuestra felicitaci\u00f3n por un gran trabajo.<\/p>\n<p><a href=\"https:\/\/blogsaverroes.juntadeandalucia.es\/cepermarenostrumro\/files\/2021\/11\/SOMOS-MUCHAS-M\u00c1S-QUE-DOS-ROQUETAS-CENTRO-DE-ADULTOS-scaled.jpg\"><img decoding=\"async\" class=\"aligncenter wp-image-3495 size-medium\" src=\"https:\/\/blogsaverroes.juntadeandalucia.es\/cepermarenostrumro\/files\/2021\/11\/SOMOS-MUCHAS-M\u00c1S-QUE-DOS-ROQUETAS-CENTRO-DE-ADULTOS-212x300.jpg\" alt=\"\" width=\"212\" height=\"300\" srcset=\"https:\/\/blogsaverroes.juntadeandalucia.es\/cepermarenostrumro\/files\/2021\/11\/SOMOS-MUCHAS-M\u00c1S-QUE-DOS-ROQUETAS-CENTRO-DE-ADULTOS-212x300.jpg 212w, https:\/\/blogsaverroes.juntadeandalucia.es\/cepermarenostrumro\/files\/2021\/11\/SOMOS-MUCHAS-M\u00c1S-QUE-DOS-ROQUETAS-CENTRO-DE-ADULTOS-724x1024.jpg 724w, https:\/\/blogsaverroes.juntadeandalucia.es\/cepermarenostrumro\/files\/2021\/11\/SOMOS-MUCHAS-M\u00c1S-QUE-DOS-ROQUETAS-CENTRO-DE-ADULTOS-768x1086.jpg 768w, https:\/\/blogsaverroes.juntadeandalucia.es\/cepermarenostrumro\/files\/2021\/11\/SOMOS-MUCHAS-M\u00c1S-QUE-DOS-ROQUETAS-CENTRO-DE-ADULTOS-1086x1536.jpg 1086w, https:\/\/blogsaverroes.juntadeandalucia.es\/cepermarenostrumro\/files\/2021\/11\/SOMOS-MUCHAS-M\u00c1S-QUE-DOS-ROQUETAS-CENTRO-DE-ADULTOS-1448x2048.jpg 1448w, https:\/\/blogsaverroes.juntadeandalucia.es\/cepermarenostrumro\/files\/2021\/11\/SOMOS-MUCHAS-M\u00c1S-QUE-DOS-ROQUETAS-CENTRO-DE-ADULTOS-scaled.jpg 1132w\" sizes=\"(max-width: 212px) 100vw, 212px\" \/><\/a><\/p>\n","protected":false},"excerpt":{"rendered":"<p>Para hacer visible y denunciar la violencia de g\u00e9nero el alumnado del CEPER Mare Nostrum asisti\u00f3 el lunes 22 de noviembre en su sede de Roquetas de Mar al desarrollo del proyecto SOMOS M\u00c1S QUE DOS dirigido por Ad\u00e1n Torres; proyecto que nace de la&#46;&#46;&#46;<\/p>\n","protected":false},"author":11659,"featured_media":0,"comment_status":"open","ping_status":"open","sticky":false,"template":"","format":"standard","meta":{"ngg_post_thumbnail":0,"footnotes":""},"categories":[5991],"tags":[],"aioseo_notices":[],"post_mailing_queue_ids":[],"_links":{"self":[{"href":"https:\/\/blogsaverroes.juntadeandalucia.es\/cepermarenostrumro\/wp-json\/wp\/v2\/posts\/3491"}],"collection":[{"href":"https:\/\/blogsaverroes.juntadeandalucia.es\/cepermarenostrumro\/wp-json\/wp\/v2\/posts"}],"about":[{"href":"https:\/\/blogsaverroes.juntadeandalucia.es\/cepermarenostrumro\/wp-json\/wp\/v2\/types\/post"}],"author":[{"embeddable":true,"href":"https:\/\/blogsaverroes.juntadeandalucia.es\/cepermarenostrumro\/wp-json\/wp\/v2\/users\/11659"}],"replies":[{"embeddable":true,"href":"https:\/\/blogsaverroes.juntadeandalucia.es\/cepermarenostrumro\/wp-json\/wp\/v2\/comments?post=3491"}],"version-history":[{"count":3,"href":"https:\/\/blogsaverroes.juntadeandalucia.es\/cepermarenostrumro\/wp-json\/wp\/v2\/posts\/3491\/revisions"}],"predecessor-version":[{"id":3498,"href":"https:\/\/blogsaverroes.juntadeandalucia.es\/cepermarenostrumro\/wp-json\/wp\/v2\/posts\/3491\/revisions\/3498"}],"wp:attachment":[{"href":"https:\/\/blogsaverroes.juntadeandalucia.es\/cepermarenostrumro\/wp-json\/wp\/v2\/media?parent=3491"}],"wp:term":[{"taxonomy":"category","embeddable":true,"href":"https:\/\/blogsaverroes.juntadeandalucia.es\/cepermarenostrumro\/wp-json\/wp\/v2\/categories?post=3491"},{"taxonomy":"post_tag","embeddable":true,"href":"https:\/\/blogsaverroes.juntadeandalucia.es\/cepermarenostrumro\/wp-json\/wp\/v2\/tags?post=3491"}],"curies":[{"name":"wp","href":"https:\/\/api.w.org\/{rel}","templated":true}]}}