{"id":5070,"date":"2022-06-02T10:05:49","date_gmt":"2022-06-02T08:05:49","guid":{"rendered":"https:\/\/blogsaverroes.juntadeandalucia.es\/cepermarenostrumro\/?p=5070"},"modified":"2022-06-02T10:05:49","modified_gmt":"2022-06-02T08:05:49","slug":"fotos-macael","status":"publish","type":"post","link":"https:\/\/blogsaverroes.juntadeandalucia.es\/cepermarenostrumro\/fotos-macael\/","title":{"rendered":"FOTOS MACAEL"},"content":{"rendered":"<p><a href=\"https:\/\/blogsaverroes.juntadeandalucia.es\/cepermarenostrumro\/files\/2022\/06\/IMG_8250-scaled.jpg\"><img fetchpriority=\"high\" decoding=\"async\" class=\"size-medium wp-image-5068 alignleft\" src=\"https:\/\/blogsaverroes.juntadeandalucia.es\/cepermarenostrumro\/files\/2022\/06\/IMG_8250-300x200.jpg\" alt=\"\" width=\"300\" height=\"200\" srcset=\"https:\/\/blogsaverroes.juntadeandalucia.es\/cepermarenostrumro\/files\/2022\/06\/IMG_8250-300x200.jpg 300w, https:\/\/blogsaverroes.juntadeandalucia.es\/cepermarenostrumro\/files\/2022\/06\/IMG_8250-1024x683.jpg 1024w, https:\/\/blogsaverroes.juntadeandalucia.es\/cepermarenostrumro\/files\/2022\/06\/IMG_8250-768x512.jpg 768w, https:\/\/blogsaverroes.juntadeandalucia.es\/cepermarenostrumro\/files\/2022\/06\/IMG_8250-1536x1024.jpg 1536w, https:\/\/blogsaverroes.juntadeandalucia.es\/cepermarenostrumro\/files\/2022\/06\/IMG_8250-2048x1365.jpg 2048w, https:\/\/blogsaverroes.juntadeandalucia.es\/cepermarenostrumro\/files\/2022\/06\/IMG_8250-scaled.jpg 1600w\" sizes=\"(max-width: 300px) 100vw, 300px\" \/><\/a>Despu\u00e9s de la convivencia en Macael del pasado s\u00e1bado organizada por la asociaci\u00f3n de alumnos EDUPER, ya estamos deseando que llega la siguiente excursi\u00f3n.<\/p>\n<p>Mientras tanto pod\u00e9is disfrutar con las fotos. <a href=\"https:\/\/blogsaverroes.juntadeandalucia.es\/cepermarenostrumro\/fotos-curso-21-22-macael\/\">FOTOS MACAEL 21\/22<\/a><\/p>\n","protected":false},"excerpt":{"rendered":"<p>Despu\u00e9s de la convivencia en Macael del pasado s\u00e1bado organizada por la asociaci\u00f3n de alumnos EDUPER, ya estamos deseando que llega la siguiente excursi\u00f3n. Mientras tanto pod\u00e9is disfrutar con las fotos. FOTOS MACAEL 21\/22<\/p>\n","protected":false},"author":11659,"featured_media":0,"comment_status":"open","ping_status":"open","sticky":false,"template":"","format":"standard","meta":{"ngg_post_thumbnail":0,"footnotes":""},"categories":[26636,2351704,1696],"tags":[],"aioseo_notices":[],"post_mailing_queue_ids":[],"_links":{"self":[{"href":"https:\/\/blogsaverroes.juntadeandalucia.es\/cepermarenostrumro\/wp-json\/wp\/v2\/posts\/5070"}],"collection":[{"href":"https:\/\/blogsaverroes.juntadeandalucia.es\/cepermarenostrumro\/wp-json\/wp\/v2\/posts"}],"about":[{"href":"https:\/\/blogsaverroes.juntadeandalucia.es\/cepermarenostrumro\/wp-json\/wp\/v2\/types\/post"}],"author":[{"embeddable":true,"href":"https:\/\/blogsaverroes.juntadeandalucia.es\/cepermarenostrumro\/wp-json\/wp\/v2\/users\/11659"}],"replies":[{"embeddable":true,"href":"https:\/\/blogsaverroes.juntadeandalucia.es\/cepermarenostrumro\/wp-json\/wp\/v2\/comments?post=5070"}],"version-history":[{"count":1,"href":"https:\/\/blogsaverroes.juntadeandalucia.es\/cepermarenostrumro\/wp-json\/wp\/v2\/posts\/5070\/revisions"}],"predecessor-version":[{"id":5071,"href":"https:\/\/blogsaverroes.juntadeandalucia.es\/cepermarenostrumro\/wp-json\/wp\/v2\/posts\/5070\/revisions\/5071"}],"wp:attachment":[{"href":"https:\/\/blogsaverroes.juntadeandalucia.es\/cepermarenostrumro\/wp-json\/wp\/v2\/media?parent=5070"}],"wp:term":[{"taxonomy":"category","embeddable":true,"href":"https:\/\/blogsaverroes.juntadeandalucia.es\/cepermarenostrumro\/wp-json\/wp\/v2\/categories?post=5070"},{"taxonomy":"post_tag","embeddable":true,"href":"https:\/\/blogsaverroes.juntadeandalucia.es\/cepermarenostrumro\/wp-json\/wp\/v2\/tags?post=5070"}],"curies":[{"name":"wp","href":"https:\/\/api.w.org\/{rel}","templated":true}]}}