{"id":5746,"date":"2023-06-23T12:13:31","date_gmt":"2023-06-23T10:13:31","guid":{"rendered":"https:\/\/blogsaverroes.juntadeandalucia.es\/cepermarenostrumro\/?p=5746"},"modified":"2023-06-23T12:13:31","modified_gmt":"2023-06-23T10:13:31","slug":"cursos-de-capacitacion-digital","status":"publish","type":"post","link":"https:\/\/blogsaverroes.juntadeandalucia.es\/cepermarenostrumro\/cursos-de-capacitacion-digital\/","title":{"rendered":"CURSOS DE CAPACITACI\u00d3N DIGITAL"},"content":{"rendered":"<p><a href=\"https:\/\/blogsaverroes.juntadeandalucia.es\/cepermarenostrumro\/files\/2023\/06\/iniciativa-plan-capacitacion-vuela.png\"><img fetchpriority=\"high\" decoding=\"async\" class=\"size-medium wp-image-5747 alignleft\" src=\"https:\/\/blogsaverroes.juntadeandalucia.es\/cepermarenostrumro\/files\/2023\/06\/iniciativa-plan-capacitacion-vuela-300x194.png\" alt=\"\" width=\"300\" height=\"194\" srcset=\"https:\/\/blogsaverroes.juntadeandalucia.es\/cepermarenostrumro\/files\/2023\/06\/iniciativa-plan-capacitacion-vuela-300x194.png 300w, https:\/\/blogsaverroes.juntadeandalucia.es\/cepermarenostrumro\/files\/2023\/06\/iniciativa-plan-capacitacion-vuela-1024x661.png 1024w, https:\/\/blogsaverroes.juntadeandalucia.es\/cepermarenostrumro\/files\/2023\/06\/iniciativa-plan-capacitacion-vuela-768x496.png 768w, https:\/\/blogsaverroes.juntadeandalucia.es\/cepermarenostrumro\/files\/2023\/06\/iniciativa-plan-capacitacion-vuela.png 1292w\" sizes=\"(max-width: 300px) 100vw, 300px\" \/><\/a>Durante el primer trimestre del pr\u00f3ximo curso se llevar\u00e1 a cabo en el centro un curso de 30 horas que promueve la adquisici\u00f3n de la Competencia Digital orientada a disminuir la brecha digital en la ciudadan\u00eda.<\/p>\n<p>Tiene como principales contenidos:<\/p>\n<ul>\n<li>aprender a configurar un equipo inform\u00e1tico, aplicaciones y sus perif\u00e9ricos, etc.<\/li>\n<li>gestionar herramientas de comunicaci\u00f3n como el correo electr\u00f3nico, videollamadas, redes sociales, compartir contenidos&#8230;<\/li>\n<li>instalar un certificado digital y las ventajas de su uso.<\/li>\n<li>proteger un equipo instalando antivirus, limitando accesos y protegiendo la privacidad.<\/li>\n<\/ul>\n<p>Est\u00e1 abierto a toda la poblaci\u00f3n adulta y adem\u00e1s del certificado de estudios cursados que emitir\u00e1 el centro se podr\u00e1 acceder al programa ACREDITA de la Consejer\u00eda de Desarrollo Educativo y Formaci\u00f3n Profesional y obtener una acreditaci\u00f3n oficial de la competencia profesional adquirida.<\/p>\n","protected":false},"excerpt":{"rendered":"<p>Durante el primer trimestre del pr\u00f3ximo curso se llevar\u00e1 a cabo en el centro un curso de 30 horas que promueve la adquisici\u00f3n de la Competencia Digital orientada a disminuir la brecha digital en la ciudadan\u00eda. Tiene como principales contenidos: aprender a configurar un equipo&#46;&#46;&#46;<\/p>\n","protected":false},"author":11659,"featured_media":0,"comment_status":"open","ping_status":"open","sticky":false,"template":"","format":"standard","meta":{"ngg_post_thumbnail":0,"footnotes":""},"categories":[26636],"tags":[],"aioseo_notices":[],"post_mailing_queue_ids":[],"_links":{"self":[{"href":"https:\/\/blogsaverroes.juntadeandalucia.es\/cepermarenostrumro\/wp-json\/wp\/v2\/posts\/5746"}],"collection":[{"href":"https:\/\/blogsaverroes.juntadeandalucia.es\/cepermarenostrumro\/wp-json\/wp\/v2\/posts"}],"about":[{"href":"https:\/\/blogsaverroes.juntadeandalucia.es\/cepermarenostrumro\/wp-json\/wp\/v2\/types\/post"}],"author":[{"embeddable":true,"href":"https:\/\/blogsaverroes.juntadeandalucia.es\/cepermarenostrumro\/wp-json\/wp\/v2\/users\/11659"}],"replies":[{"embeddable":true,"href":"https:\/\/blogsaverroes.juntadeandalucia.es\/cepermarenostrumro\/wp-json\/wp\/v2\/comments?post=5746"}],"version-history":[{"count":2,"href":"https:\/\/blogsaverroes.juntadeandalucia.es\/cepermarenostrumro\/wp-json\/wp\/v2\/posts\/5746\/revisions"}],"predecessor-version":[{"id":5749,"href":"https:\/\/blogsaverroes.juntadeandalucia.es\/cepermarenostrumro\/wp-json\/wp\/v2\/posts\/5746\/revisions\/5749"}],"wp:attachment":[{"href":"https:\/\/blogsaverroes.juntadeandalucia.es\/cepermarenostrumro\/wp-json\/wp\/v2\/media?parent=5746"}],"wp:term":[{"taxonomy":"category","embeddable":true,"href":"https:\/\/blogsaverroes.juntadeandalucia.es\/cepermarenostrumro\/wp-json\/wp\/v2\/categories?post=5746"},{"taxonomy":"post_tag","embeddable":true,"href":"https:\/\/blogsaverroes.juntadeandalucia.es\/cepermarenostrumro\/wp-json\/wp\/v2\/tags?post=5746"}],"curies":[{"name":"wp","href":"https:\/\/api.w.org\/{rel}","templated":true}]}}