{"id":1061,"date":"2023-02-24T09:33:52","date_gmt":"2023-02-24T08:33:52","guid":{"rendered":"https:\/\/blogsaverroes.juntadeandalucia.es\/cepermariadeluna\/?p=1061"},"modified":"2023-02-24T09:39:26","modified_gmt":"2023-02-24T08:39:26","slug":"practicamos-deporte","status":"publish","type":"post","link":"https:\/\/blogsaverroes.juntadeandalucia.es\/cepermariadeluna\/2023\/02\/24\/practicamos-deporte\/","title":{"rendered":"Practicamos deporte"},"content":{"rendered":"<p>En la secci\u00f3n de Negrat\u00edn, aula de <strong>Cuevas del campo<\/strong>, estamos practicando deporte gracias al <strong>monitor<\/strong> y las instalaciones del <strong>ayuntamiento<\/strong>.<\/p>\n<p>Esta ha sido la primera sesi\u00f3n en la que alumn@s del plan de <strong>interculturalidad<\/strong> y de uso b\u00e1sico de <strong>lengua extranjera<\/strong> han asistido a una <strong>clase personalizada<\/strong> de entrenamientos y ejercicios.<\/p>\n<p>Ha sido todo un \u00e9xito ya que es una forma de practicar la cohesi\u00f3n del grupo y fomentar las habilidades sociales adem\u00e1s del idioma que se imparte en el centro (espa\u00f1ol &#8211; ingl\u00e9s).<\/p>\n<p><iframe loading=\"lazy\" src=\"\/\/www.youtube.com\/embed\/OcUrKQ2S_3A\" width=\"560\" height=\"315\" frameborder=\"0\"><\/iframe><\/p>\n","protected":false},"excerpt":{"rendered":"<p>En la secci\u00f3n de Negrat\u00edn, aula de Cuevas del campo, estamos practicando deporte gracias al monitor y las instalaciones del ayuntamiento. Esta ha sido la primera sesi\u00f3n en la que alumn@s del plan de&#46;&#46;&#46;<\/p>\n","protected":false},"author":5774,"featured_media":1062,"comment_status":"open","ping_status":"open","sticky":false,"template":"","format":"standard","meta":{"ngg_post_thumbnail":0,"footnotes":""},"categories":[1390559,1390424],"tags":[1390460,1390540,1390438,1390496,1390450,1390459],"aioseo_notices":[],"_links":{"self":[{"href":"https:\/\/blogsaverroes.juntadeandalucia.es\/cepermariadeluna\/wp-json\/wp\/v2\/posts\/1061"}],"collection":[{"href":"https:\/\/blogsaverroes.juntadeandalucia.es\/cepermariadeluna\/wp-json\/wp\/v2\/posts"}],"about":[{"href":"https:\/\/blogsaverroes.juntadeandalucia.es\/cepermariadeluna\/wp-json\/wp\/v2\/types\/post"}],"author":[{"embeddable":true,"href":"https:\/\/blogsaverroes.juntadeandalucia.es\/cepermariadeluna\/wp-json\/wp\/v2\/users\/5774"}],"replies":[{"embeddable":true,"href":"https:\/\/blogsaverroes.juntadeandalucia.es\/cepermariadeluna\/wp-json\/wp\/v2\/comments?post=1061"}],"version-history":[{"count":2,"href":"https:\/\/blogsaverroes.juntadeandalucia.es\/cepermariadeluna\/wp-json\/wp\/v2\/posts\/1061\/revisions"}],"predecessor-version":[{"id":1064,"href":"https:\/\/blogsaverroes.juntadeandalucia.es\/cepermariadeluna\/wp-json\/wp\/v2\/posts\/1061\/revisions\/1064"}],"wp:featuredmedia":[{"embeddable":true,"href":"https:\/\/blogsaverroes.juntadeandalucia.es\/cepermariadeluna\/wp-json\/wp\/v2\/media\/1062"}],"wp:attachment":[{"href":"https:\/\/blogsaverroes.juntadeandalucia.es\/cepermariadeluna\/wp-json\/wp\/v2\/media?parent=1061"}],"wp:term":[{"taxonomy":"category","embeddable":true,"href":"https:\/\/blogsaverroes.juntadeandalucia.es\/cepermariadeluna\/wp-json\/wp\/v2\/categories?post=1061"},{"taxonomy":"post_tag","embeddable":true,"href":"https:\/\/blogsaverroes.juntadeandalucia.es\/cepermariadeluna\/wp-json\/wp\/v2\/tags?post=1061"}],"curies":[{"name":"wp","href":"https:\/\/api.w.org\/{rel}","templated":true}]}}