{"id":2612,"date":"2024-06-07T10:28:09","date_gmt":"2024-06-07T08:28:09","guid":{"rendered":"https:\/\/blogsaverroes.juntadeandalucia.es\/cepermariadeluna\/?p=2612"},"modified":"2024-06-07T10:28:09","modified_gmt":"2024-06-07T08:28:09","slug":"excursion-a-montefrio","status":"publish","type":"post","link":"https:\/\/blogsaverroes.juntadeandalucia.es\/cepermariadeluna\/2024\/06\/07\/excursion-a-montefrio\/","title":{"rendered":"Excursi\u00f3n a Montefr\u00edo"},"content":{"rendered":"<p>Ayer un grupo de alumnos del CEPER Mar\u00eda de Luna y dos profesores se desplazaron para visitar el pueblo de Montefr\u00edo. Salimos a las 8.30 del ferial de Baza y tras parar a desayunar por el camino, llegamos a Montefr\u00edo, donde pudimos disfrutar del pueblo y de sus vistas.<\/p>\n<p>All\u00ed nos montamos en un tren tur\u00edstico en el que recorrimos los puntos m\u00e1s importantes del pueblo y nos llev\u00f3 al mirador, que fu\u00e9 escogido por National Geographic como una de las diez vistas m\u00e1s bonitas del mundo; lo describ\u00eda con estas palabras: \u201cEncajada entre dos profundos tajos, esta poblaci\u00f3n granadina sorprende por su silueta fortificada que se recorta en el cielo y que muestra la importancia que tuvo como puesto fronterizo del reino de Granada.\u201d<\/p>\n<p>Tambi\u00e9n visitamos su iglesia y, para coger fuerzas, nos fuimos a comer a un restaurante donde nos trataron de maravilla y pudimos comer muy bien.<\/p>\n<p>La pena fue que el tiempo no nos acompa\u00f1\u00f3 del todo, incluso nos llovi\u00f3 un poco, aunque la lluvia en esta zona siempre es motivo de celebraci\u00f3n, empa\u00f1\u00f3 un poco la visita. Otro contratiempo que sufrimos fue que, aprovechando la vuelta a Baza, quer\u00edamos visitar la ermita de los tres juanes de Atarfe, pero nos la encontramos cerrada.<\/p>\n<p>Regresamos a Baza alrededor de las 20.00 y, a pesar de los contratiempos, fue una visita muy bonita y os dejamos unas imagenes como prueba.<\/p>\nngg_shortcode_0_placeholder\n","protected":false},"excerpt":{"rendered":"<p>Ayer un grupo de alumnos del CEPER Mar\u00eda de Luna y dos profesores se desplazaron para visitar el pueblo de Montefr\u00edo. Salimos a las 8.30 del ferial de Baza y tras parar a desayunar&#46;&#46;&#46;<\/p>\n","protected":false},"author":5774,"featured_media":2641,"comment_status":"open","ping_status":"open","sticky":false,"template":"","format":"standard","meta":{"ngg_post_thumbnail":0,"footnotes":""},"categories":[1390423,1390420],"tags":[1390465,1390588,1390544],"aioseo_notices":[],"_links":{"self":[{"href":"https:\/\/blogsaverroes.juntadeandalucia.es\/cepermariadeluna\/wp-json\/wp\/v2\/posts\/2612"}],"collection":[{"href":"https:\/\/blogsaverroes.juntadeandalucia.es\/cepermariadeluna\/wp-json\/wp\/v2\/posts"}],"about":[{"href":"https:\/\/blogsaverroes.juntadeandalucia.es\/cepermariadeluna\/wp-json\/wp\/v2\/types\/post"}],"author":[{"embeddable":true,"href":"https:\/\/blogsaverroes.juntadeandalucia.es\/cepermariadeluna\/wp-json\/wp\/v2\/users\/5774"}],"replies":[{"embeddable":true,"href":"https:\/\/blogsaverroes.juntadeandalucia.es\/cepermariadeluna\/wp-json\/wp\/v2\/comments?post=2612"}],"version-history":[{"count":1,"href":"https:\/\/blogsaverroes.juntadeandalucia.es\/cepermariadeluna\/wp-json\/wp\/v2\/posts\/2612\/revisions"}],"predecessor-version":[{"id":2642,"href":"https:\/\/blogsaverroes.juntadeandalucia.es\/cepermariadeluna\/wp-json\/wp\/v2\/posts\/2612\/revisions\/2642"}],"wp:featuredmedia":[{"embeddable":true,"href":"https:\/\/blogsaverroes.juntadeandalucia.es\/cepermariadeluna\/wp-json\/wp\/v2\/media\/2641"}],"wp:attachment":[{"href":"https:\/\/blogsaverroes.juntadeandalucia.es\/cepermariadeluna\/wp-json\/wp\/v2\/media?parent=2612"}],"wp:term":[{"taxonomy":"category","embeddable":true,"href":"https:\/\/blogsaverroes.juntadeandalucia.es\/cepermariadeluna\/wp-json\/wp\/v2\/categories?post=2612"},{"taxonomy":"post_tag","embeddable":true,"href":"https:\/\/blogsaverroes.juntadeandalucia.es\/cepermariadeluna\/wp-json\/wp\/v2\/tags?post=2612"}],"curies":[{"name":"wp","href":"https:\/\/api.w.org\/{rel}","templated":true}]}}