{"id":3029,"date":"2024-12-13T11:46:07","date_gmt":"2024-12-13T10:46:07","guid":{"rendered":"https:\/\/blogsaverroes.juntadeandalucia.es\/cepermariadeluna\/?p=3029"},"modified":"2024-12-13T11:46:07","modified_gmt":"2024-12-13T10:46:07","slug":"excursion-a-galera","status":"publish","type":"post","link":"https:\/\/blogsaverroes.juntadeandalucia.es\/cepermariadeluna\/2024\/12\/13\/excursion-a-galera\/","title":{"rendered":"Excursi\u00f3n a Galera"},"content":{"rendered":"<p>Ayer, d\u00eda 12 de diciembre realizamos una excursi\u00f3n a <strong>Galera<\/strong> con el alumnado del <strong>CEPER Mar\u00eda de Luna<\/strong> con el objetivo de conocer el pueblo y ver sus famosas <strong>luces navidad<\/strong>.<\/p>\n<p>All\u00ed visitamos la <strong>necr\u00f3polis ib\u00e9rica de T\u00fatugi<\/strong> explicada por una gu\u00eda local. Es un lugar muy interesante lleno de historia donde aprendimos que Galera ha sido habitada ininterrumpidamente desde hace casi 6000 a\u00f1os. El tiempo nos acompa\u00f1\u00f3, aunque hac\u00eda fresquito sobre todo por el viento.<\/p>\n<p>Despu\u00e9s fuimos a <strong>comer al restaurante<\/strong> del Hotel Galera, donde nos atendieron de maravilla y nos recogi\u00f3 una de las gu\u00edas del <strong>museo<\/strong> para llevarnos a visitarlo tambi\u00e9n. All\u00ed nos dividimos en dos grupos para poder hacer una mejor visita.<\/p>\n<p>Por \u00faltimo paseamos por el pueblo disfrutando de su <strong>decoraci\u00f3n navide\u00f1a<\/strong>. Fue un d\u00eda muy completo donde todos nos lo pasamos genial. Os dejamos una muestra de lo que vimos.<\/p>\nngg_shortcode_0_placeholder\n","protected":false},"excerpt":{"rendered":"<p>Ayer, d\u00eda 12 de diciembre realizamos una excursi\u00f3n a Galera con el alumnado del CEPER Mar\u00eda de Luna con el objetivo de conocer el pueblo y ver sus famosas luces navidad. All\u00ed visitamos la&#46;&#46;&#46;<\/p>\n","protected":false},"author":5774,"featured_media":2641,"comment_status":"open","ping_status":"open","sticky":false,"template":"","format":"standard","meta":{"ngg_post_thumbnail":0,"footnotes":""},"categories":[1390420,11909],"tags":[1390465,1390605,1390544,1390556],"aioseo_notices":[],"_links":{"self":[{"href":"https:\/\/blogsaverroes.juntadeandalucia.es\/cepermariadeluna\/wp-json\/wp\/v2\/posts\/3029"}],"collection":[{"href":"https:\/\/blogsaverroes.juntadeandalucia.es\/cepermariadeluna\/wp-json\/wp\/v2\/posts"}],"about":[{"href":"https:\/\/blogsaverroes.juntadeandalucia.es\/cepermariadeluna\/wp-json\/wp\/v2\/types\/post"}],"author":[{"embeddable":true,"href":"https:\/\/blogsaverroes.juntadeandalucia.es\/cepermariadeluna\/wp-json\/wp\/v2\/users\/5774"}],"replies":[{"embeddable":true,"href":"https:\/\/blogsaverroes.juntadeandalucia.es\/cepermariadeluna\/wp-json\/wp\/v2\/comments?post=3029"}],"version-history":[{"count":2,"href":"https:\/\/blogsaverroes.juntadeandalucia.es\/cepermariadeluna\/wp-json\/wp\/v2\/posts\/3029\/revisions"}],"predecessor-version":[{"id":3147,"href":"https:\/\/blogsaverroes.juntadeandalucia.es\/cepermariadeluna\/wp-json\/wp\/v2\/posts\/3029\/revisions\/3147"}],"wp:featuredmedia":[{"embeddable":true,"href":"https:\/\/blogsaverroes.juntadeandalucia.es\/cepermariadeluna\/wp-json\/wp\/v2\/media\/2641"}],"wp:attachment":[{"href":"https:\/\/blogsaverroes.juntadeandalucia.es\/cepermariadeluna\/wp-json\/wp\/v2\/media?parent=3029"}],"wp:term":[{"taxonomy":"category","embeddable":true,"href":"https:\/\/blogsaverroes.juntadeandalucia.es\/cepermariadeluna\/wp-json\/wp\/v2\/categories?post=3029"},{"taxonomy":"post_tag","embeddable":true,"href":"https:\/\/blogsaverroes.juntadeandalucia.es\/cepermariadeluna\/wp-json\/wp\/v2\/tags?post=3029"}],"curies":[{"name":"wp","href":"https:\/\/api.w.org\/{rel}","templated":true}]}}