{"id":338,"date":"2021-02-01T11:18:03","date_gmt":"2021-02-01T10:18:03","guid":{"rendered":"https:\/\/blogsaverroes.juntadeandalucia.es\/cepermariadeluna\/?p=338"},"modified":"2021-02-03T12:45:53","modified_gmt":"2021-02-03T11:45:53","slug":"pruebas-libres-2021","status":"publish","type":"post","link":"https:\/\/blogsaverroes.juntadeandalucia.es\/cepermariadeluna\/2021\/02\/01\/pruebas-libres-2021\/","title":{"rendered":"Pruebas libres 2021"},"content":{"rendered":"<h1 style=\"text-align: center\">Ya te puedes matricular para las pruebas libres ESA 2020\/21<\/h1>\n<p>Con el siguiente calendario:<\/p>\n<table style=\"border-collapse: collapse;width: 100%\">\n<tbody>\n<tr>\n<td style=\"width: 50%\"><strong>Plazo de admisi\u00f3n convocatoria de abril<\/strong><\/td>\n<td style=\"width: 50%\"><strong>del 1 al 15 de febrero 2021<\/strong><\/td>\n<\/tr>\n<tr>\n<td style=\"width: 50%\">Publicaci\u00f3n de la lista provisional de solicitudes<\/td>\n<td style=\"width: 50%\">el 9 de marzo<\/td>\n<\/tr>\n<tr>\n<td style=\"width: 50%\">Plazo de subsanaci\u00f3n de errores<\/td>\n<td style=\"width: 50%\">del 10 al 12 de marzo<\/td>\n<\/tr>\n<tr>\n<td style=\"width: 50%\">Publicaci\u00f3n de la lista definitiva<\/td>\n<td style=\"width: 50%\">23 de marzo<\/td>\n<\/tr>\n<tr>\n<td style=\"width: 50%\"><strong>Realizaci\u00f3n de la prueba<\/strong><\/td>\n<td style=\"width: 50%\"><strong>el 17 de abril<\/strong><\/td>\n<\/tr>\n<\/tbody>\n<\/table>\n<p>El calendario del d\u00eda de la prueba ser\u00e1 el siguiente:<\/p>\n<table style=\"border-collapse: collapse;width: 100%\">\n<tbody>\n<tr>\n<td style=\"width: 100%;text-align: center\" colspan=\"2\">\n<h3><strong>\u00c1mbito Cient\u00edfico-Tecnol\u00f3gico<\/strong><\/h3>\n<\/td>\n<\/tr>\n<tr>\n<td style=\"width: 20.4251%\">9.00 &#8211; 9.30<\/td>\n<td style=\"width: 79.5749%\">Llamamiento e identificaci\u00f3n de los aspirantes<\/td>\n<\/tr>\n<tr>\n<td style=\"width: 20.4251%\">9.30 &#8211; 11.30<\/td>\n<td style=\"width: 79.5749%\">Apertura del sobre y realizaci\u00f3n de los ejercicios<\/td>\n<\/tr>\n<tr>\n<td style=\"width: 20.4251%\">11.30 &#8211; 12.00<\/td>\n<td style=\"width: 79.5749%\">Descanso<\/td>\n<\/tr>\n<tr>\n<td style=\"width: 100%;text-align: center\" colspan=\"2\">\n<h3><strong>\u00c1mbito social<\/strong><\/h3>\n<\/td>\n<\/tr>\n<tr>\n<td style=\"width: 20.4251%\">12.00 &#8211; 12.30<\/td>\n<td style=\"width: 79.5749%\">Llamamiento e identificaci\u00f3n de los aspirantes<\/td>\n<\/tr>\n<tr>\n<td style=\"width: 20.4251%\">12.30 &#8211; 14.30<\/td>\n<td style=\"width: 79.5749%\">Apertura del sobre y realizaci\u00f3n de los ejercicios<\/td>\n<\/tr>\n<tr>\n<td style=\"width: 100%;text-align: center\" colspan=\"2\">\n<h3><strong>\u00c1mbito de comunicaci\u00f3n<\/strong><\/h3>\n<\/td>\n<\/tr>\n<tr>\n<td style=\"width: 20.4251%\">16.00 &#8211; 16.30<\/td>\n<td style=\"width: 79.5749%\">Llamamiento e identificaci\u00f3n de los aspirantes<\/td>\n<\/tr>\n<tr>\n<td style=\"width: 20.4251%\">16.30 &#8211; 18.30<\/td>\n<td style=\"width: 79.5749%\">Apertura del sobre y realizaci\u00f3n de los ejercicios<\/td>\n<\/tr>\n<\/tbody>\n<\/table>\n<p>Puedes inscribirte de las siguientes formas:<\/p>\n<table style=\"border-collapse: collapse;width: 100%\">\n<tbody>\n<tr>\n<td style=\"width: 25%\"><a href=\"https:\/\/www.juntadeandalucia.es\/educacion\/secretariavirtual\/acceso\/2\/431\/\" target=\"_blank\" rel=\"noopener noreferrer\"><img loading=\"lazy\" decoding=\"async\" class=\"size-thumbnail wp-image-345 aligncenter\" src=\"https:\/\/blogsaverroes.juntadeandalucia.es\/cepermariadeluna\/files\/2021\/02\/certificado-digital-150x150.png\" alt=\"\" width=\"150\" height=\"150\" srcset=\"https:\/\/blogsaverroes.juntadeandalucia.es\/cepermariadeluna\/files\/2021\/02\/certificado-digital-150x150.png 150w, https:\/\/blogsaverroes.juntadeandalucia.es\/cepermariadeluna\/files\/2021\/02\/certificado-digital-100x100.png 100w, https:\/\/blogsaverroes.juntadeandalucia.es\/cepermariadeluna\/files\/2021\/02\/certificado-digital-80x80.png 80w, https:\/\/blogsaverroes.juntadeandalucia.es\/cepermariadeluna\/files\/2021\/02\/certificado-digital-320x320.png 320w, https:\/\/blogsaverroes.juntadeandalucia.es\/cepermariadeluna\/files\/2021\/02\/certificado-digital-24x24.png 24w, https:\/\/blogsaverroes.juntadeandalucia.es\/cepermariadeluna\/files\/2021\/02\/certificado-digital-36x36.png 36w, https:\/\/blogsaverroes.juntadeandalucia.es\/cepermariadeluna\/files\/2021\/02\/certificado-digital-48x48.png 48w\" sizes=\"(max-width: 150px) 100vw, 150px\" \/><\/a><\/td>\n<td style=\"width: 25%\"><a href=\"https:\/\/www.juntadeandalucia.es\/educacion\/secretariavirtual\/acceso\/64\/431\/\" target=\"_blank\" rel=\"noopener noreferrer\"><img loading=\"lazy\" decoding=\"async\" class=\"size-thumbnail wp-image-346 aligncenter\" src=\"https:\/\/blogsaverroes.juntadeandalucia.es\/cepermariadeluna\/files\/2021\/02\/clave-pin-150x150.png\" alt=\"\" width=\"150\" height=\"150\" srcset=\"https:\/\/blogsaverroes.juntadeandalucia.es\/cepermariadeluna\/files\/2021\/02\/clave-pin-150x150.png 150w, https:\/\/blogsaverroes.juntadeandalucia.es\/cepermariadeluna\/files\/2021\/02\/clave-pin-300x300.png 300w, https:\/\/blogsaverroes.juntadeandalucia.es\/cepermariadeluna\/files\/2021\/02\/clave-pin-100x100.png 100w, https:\/\/blogsaverroes.juntadeandalucia.es\/cepermariadeluna\/files\/2021\/02\/clave-pin-80x80.png 80w, https:\/\/blogsaverroes.juntadeandalucia.es\/cepermariadeluna\/files\/2021\/02\/clave-pin-320x320.png 320w, https:\/\/blogsaverroes.juntadeandalucia.es\/cepermariadeluna\/files\/2021\/02\/clave-pin-24x24.png 24w, https:\/\/blogsaverroes.juntadeandalucia.es\/cepermariadeluna\/files\/2021\/02\/clave-pin-36x36.png 36w, https:\/\/blogsaverroes.juntadeandalucia.es\/cepermariadeluna\/files\/2021\/02\/clave-pin-48x48.png 48w, https:\/\/blogsaverroes.juntadeandalucia.es\/cepermariadeluna\/files\/2021\/02\/clave-pin.png 512w\" sizes=\"(max-width: 150px) 100vw, 150px\" \/><\/a><\/td>\n<td style=\"width: 25%\"><a href=\"https:\/\/www.juntadeandalucia.es\/educacion\/secretariavirtual\/acceso\/1024\/431\/\" target=\"_blank\" rel=\"noopener noreferrer\"><img loading=\"lazy\" decoding=\"async\" class=\"size-thumbnail wp-image-347 aligncenter\" src=\"https:\/\/blogsaverroes.juntadeandalucia.es\/cepermariadeluna\/files\/2021\/02\/iande-150x150.png\" alt=\"\" width=\"150\" height=\"150\" srcset=\"https:\/\/blogsaverroes.juntadeandalucia.es\/cepermariadeluna\/files\/2021\/02\/iande-150x150.png 150w, https:\/\/blogsaverroes.juntadeandalucia.es\/cepermariadeluna\/files\/2021\/02\/iande-100x100.png 100w, https:\/\/blogsaverroes.juntadeandalucia.es\/cepermariadeluna\/files\/2021\/02\/iande-80x80.png 80w\" sizes=\"(max-width: 150px) 100vw, 150px\" \/><\/a><\/td>\n<td style=\"width: 25%\"><a href=\"https:\/\/drive.google.com\/file\/d\/1sq7JMb_2JWixDsI_UfREdl97dCIh3IA0\/view?usp=sharing\" target=\"_blank\" rel=\"noopener noreferrer\"><img loading=\"lazy\" decoding=\"async\" class=\"size-thumbnail wp-image-348 aligncenter\" src=\"https:\/\/blogsaverroes.juntadeandalucia.es\/cepermariadeluna\/files\/2021\/02\/impreso-150x150.png\" alt=\"\" width=\"150\" height=\"150\" srcset=\"https:\/\/blogsaverroes.juntadeandalucia.es\/cepermariadeluna\/files\/2021\/02\/impreso-150x150.png 150w, https:\/\/blogsaverroes.juntadeandalucia.es\/cepermariadeluna\/files\/2021\/02\/impreso-100x100.png 100w, https:\/\/blogsaverroes.juntadeandalucia.es\/cepermariadeluna\/files\/2021\/02\/impreso-80x80.png 80w, https:\/\/blogsaverroes.juntadeandalucia.es\/cepermariadeluna\/files\/2021\/02\/impreso-320x320.png 320w\" sizes=\"(max-width: 150px) 100vw, 150px\" \/><\/a><\/td>\n<\/tr>\n<tr>\n<td style=\"width: 25%;text-align: center\">Con certificado digital (click en la imagen para acceder)<\/td>\n<td style=\"width: 25%;text-align: center\">Con clave pin (click en la imagen para acceder)<\/td>\n<td style=\"width: 25%;text-align: center\">Con clave IANDE (click en la imagen para acceder)<\/td>\n<td style=\"width: 25%;text-align: center\">Por correo postal (click en la imagen para descargar el formulario. Impr\u00edmelo, rell\u00e9nalo y env\u00edalo por correo a la delegaci\u00f3n provincial de educaci\u00f3n)<\/td>\n<\/tr>\n<\/tbody>\n<\/table>\n<p>Para m\u00e1s informaci\u00f3n:<\/p>\n<table style=\"border-collapse: collapse;width: 100%\">\n<tbody>\n<tr>\n<td style=\"width: 50%\"><a href=\"https:\/\/drive.google.com\/file\/d\/1Jhr762kda0WQrRyCpLj6LH9VmFE-1BGO\/view?usp=sharing\" target=\"_blank\" rel=\"noopener noreferrer\"><img loading=\"lazy\" decoding=\"async\" class=\"alignleft size-full wp-image-179\" src=\"https:\/\/blogsaverroes.juntadeandalucia.es\/cepermariadeluna\/files\/2020\/10\/matriculaci\u00f3n-2.png\" alt=\"\" width=\"117\" height=\"133\" srcset=\"https:\/\/blogsaverroes.juntadeandalucia.es\/cepermariadeluna\/files\/2020\/10\/matriculaci\u00f3n-2.png 117w, https:\/\/blogsaverroes.juntadeandalucia.es\/cepermariadeluna\/files\/2020\/10\/matriculaci\u00f3n-2-21x24.png 21w, https:\/\/blogsaverroes.juntadeandalucia.es\/cepermariadeluna\/files\/2020\/10\/matriculaci\u00f3n-2-32x36.png 32w, https:\/\/blogsaverroes.juntadeandalucia.es\/cepermariadeluna\/files\/2020\/10\/matriculaci\u00f3n-2-42x48.png 42w\" sizes=\"(max-width: 117px) 100vw, 117px\" \/><\/a><\/td>\n<td style=\"width: 50%\">Orden de 16 de septiembre de 2019 (BOJA 199 15\/10\/2019)<\/td>\n<\/tr>\n<tr>\n<td style=\"width: 50%\"><a href=\"https:\/\/drive.google.com\/file\/d\/1cPciZxLBq6ulUPahO-y9aSlh-cAmQWNY\/view?usp=sharing\" target=\"_blank\" rel=\"noopener noreferrer\"><img loading=\"lazy\" decoding=\"async\" class=\"alignleft size-full wp-image-179\" src=\"https:\/\/blogsaverroes.juntadeandalucia.es\/cepermariadeluna\/files\/2020\/10\/matriculaci\u00f3n-2.png\" alt=\"\" width=\"117\" height=\"133\" srcset=\"https:\/\/blogsaverroes.juntadeandalucia.es\/cepermariadeluna\/files\/2020\/10\/matriculaci\u00f3n-2.png 117w, https:\/\/blogsaverroes.juntadeandalucia.es\/cepermariadeluna\/files\/2020\/10\/matriculaci\u00f3n-2-21x24.png 21w, https:\/\/blogsaverroes.juntadeandalucia.es\/cepermariadeluna\/files\/2020\/10\/matriculaci\u00f3n-2-32x36.png 32w, https:\/\/blogsaverroes.juntadeandalucia.es\/cepermariadeluna\/files\/2020\/10\/matriculaci\u00f3n-2-42x48.png 42w\" sizes=\"(max-width: 117px) 100vw, 117px\" \/><\/a><\/td>\n<td style=\"width: 50%\">Resoluci\u00f3n de 21 de enero de 2021 (BOJA 18 28\/01\/2021)<\/td>\n<\/tr>\n<tr>\n<td style=\"width: 50%\"><a href=\"https:\/\/www.juntadeandalucia.es\/educacion\/secretariavirtual\/accesoTramite\/431\/\" target=\"_blank\" rel=\"noopener noreferrer\"><img loading=\"lazy\" decoding=\"async\" class=\"alignleft size-full wp-image-349\" src=\"https:\/\/blogsaverroes.juntadeandalucia.es\/cepermariadeluna\/files\/2021\/02\/secretaria-virtual.png\" alt=\"\" width=\"833\" height=\"189\" srcset=\"https:\/\/blogsaverroes.juntadeandalucia.es\/cepermariadeluna\/files\/2021\/02\/secretaria-virtual.png 833w, https:\/\/blogsaverroes.juntadeandalucia.es\/cepermariadeluna\/files\/2021\/02\/secretaria-virtual-300x68.png 300w, https:\/\/blogsaverroes.juntadeandalucia.es\/cepermariadeluna\/files\/2021\/02\/secretaria-virtual-768x174.png 768w, https:\/\/blogsaverroes.juntadeandalucia.es\/cepermariadeluna\/files\/2021\/02\/secretaria-virtual-24x5.png 24w, https:\/\/blogsaverroes.juntadeandalucia.es\/cepermariadeluna\/files\/2021\/02\/secretaria-virtual-36x8.png 36w, https:\/\/blogsaverroes.juntadeandalucia.es\/cepermariadeluna\/files\/2021\/02\/secretaria-virtual-48x11.png 48w\" sizes=\"(max-width: 833px) 100vw, 833px\" \/><\/a><\/td>\n<td style=\"width: 50%\">P\u00e1gina web de la secretar\u00eda virtual<\/td>\n<\/tr>\n<\/tbody>\n<\/table>\n","protected":false},"excerpt":{"rendered":"<p>Ya te puedes matricular para las pruebas libres ESA 2020\/21 Con el siguiente calendario: Plazo de admisi\u00f3n convocatoria de abril del 1 al 15 de febrero 2021 Publicaci\u00f3n de la lista provisional de solicitudes&#46;&#46;&#46;<\/p>\n","protected":false},"author":5774,"featured_media":339,"comment_status":"open","ping_status":"open","sticky":false,"template":"","format":"standard","meta":{"ngg_post_thumbnail":0,"footnotes":""},"categories":[1390429],"tags":[],"aioseo_notices":[],"_links":{"self":[{"href":"https:\/\/blogsaverroes.juntadeandalucia.es\/cepermariadeluna\/wp-json\/wp\/v2\/posts\/338"}],"collection":[{"href":"https:\/\/blogsaverroes.juntadeandalucia.es\/cepermariadeluna\/wp-json\/wp\/v2\/posts"}],"about":[{"href":"https:\/\/blogsaverroes.juntadeandalucia.es\/cepermariadeluna\/wp-json\/wp\/v2\/types\/post"}],"author":[{"embeddable":true,"href":"https:\/\/blogsaverroes.juntadeandalucia.es\/cepermariadeluna\/wp-json\/wp\/v2\/users\/5774"}],"replies":[{"embeddable":true,"href":"https:\/\/blogsaverroes.juntadeandalucia.es\/cepermariadeluna\/wp-json\/wp\/v2\/comments?post=338"}],"version-history":[{"count":10,"href":"https:\/\/blogsaverroes.juntadeandalucia.es\/cepermariadeluna\/wp-json\/wp\/v2\/posts\/338\/revisions"}],"predecessor-version":[{"id":356,"href":"https:\/\/blogsaverroes.juntadeandalucia.es\/cepermariadeluna\/wp-json\/wp\/v2\/posts\/338\/revisions\/356"}],"wp:featuredmedia":[{"embeddable":true,"href":"https:\/\/blogsaverroes.juntadeandalucia.es\/cepermariadeluna\/wp-json\/wp\/v2\/media\/339"}],"wp:attachment":[{"href":"https:\/\/blogsaverroes.juntadeandalucia.es\/cepermariadeluna\/wp-json\/wp\/v2\/media?parent=338"}],"wp:term":[{"taxonomy":"category","embeddable":true,"href":"https:\/\/blogsaverroes.juntadeandalucia.es\/cepermariadeluna\/wp-json\/wp\/v2\/categories?post=338"},{"taxonomy":"post_tag","embeddable":true,"href":"https:\/\/blogsaverroes.juntadeandalucia.es\/cepermariadeluna\/wp-json\/wp\/v2\/tags?post=338"}],"curies":[{"name":"wp","href":"https:\/\/api.w.org\/{rel}","templated":true}]}}