{"id":366,"date":"2021-03-08T19:20:10","date_gmt":"2021-03-08T18:20:10","guid":{"rendered":"https:\/\/blogsaverroes.juntadeandalucia.es\/cepermariadeluna\/?p=366"},"modified":"2021-03-08T19:20:10","modified_gmt":"2021-03-08T18:20:10","slug":"8m-2021","status":"publish","type":"post","link":"https:\/\/blogsaverroes.juntadeandalucia.es\/cepermariadeluna\/2021\/03\/08\/8m-2021\/","title":{"rendered":"8M 2021"},"content":{"rendered":"<h1>Hoy es 8 de marzo, d\u00eda internacional de la mujer&#8230;<\/h1>\n<p>pero, que celebramos este d\u00eda? todos relacionamos el 8 de marzo con&nbsp; un d\u00eda para reivindicar la <strong>igualdad<\/strong> entre los sexos. Pero esta celebraci\u00f3n, que hoy en d\u00eda es m\u00e1s o menos festiva, tiene su origen en una <strong>lucha<\/strong> muy dura <strong>a lo largo de los a\u00f1os<\/strong>.<\/p>\n<p>Algunas tesis sit\u00faa su origen en el <strong>8 de marzo de 1857<\/strong>, fecha en la que cientos de&nbsp;trabajadoras de la industria textil neoyorkina alzaron la voz y se manifestaron por primera vez en contra de los bajos salarios y las condiciones inhumanas de trabajo.<\/p>\n<p>En 1908 se celebr\u00f3 en Chicago una Jornada de las Mujeres,&nbsp;<strong>\u201ca favor del sufragio femenino y contra la esclavitud sexual\u201d<\/strong>. Al mismo tiempo, las <strong>sufragistas<\/strong> <strong>Emmeline<\/strong> y <strong>Christabel Pankhurst<\/strong> eran encarceladas en Londres por las adhesiones que suscitaban sus iniciativas en favor del voto de las mujeres.<\/p>\n<p><a href=\"https:\/\/www.lavanguardia.com\/vida\/junior-report\/20190307\/46902588744\/sufragio-femenino-movimiento-sufragista-derecho-voto-mujer.html\"><img loading=\"lazy\" decoding=\"async\" class=\"alignnone size-full\" src=\"https:\/\/www.lavanguardia.com\/files\/image_948_465\/uploads\/2019\/03\/07\/5fa43a3c85cc6.jpeg\" width=\"948\" height=\"465\"><\/a><\/p>\n<p><a href=\"https:\/\/impacto.mx\/entretenimiento\/studio-universal-rinde-tributo-al-poder-femenino-con-las-sufragistas\/\"><img loading=\"lazy\" decoding=\"async\" class=\"alignnone size-full\" src=\"http:\/\/cdn.impacto.mx\/wp-content\/uploads\/2018\/07\/las-sufragistas.jpg\" width=\"892\" height=\"513\"><\/a><\/p>\n<p>En 1910, en el <strong>II Congreso de Mujeres Socialistas<\/strong>, a propuesta de <strong>Clara Zetkin<\/strong> se aprob\u00f3 la conmemoraci\u00f3n anual del D\u00eda Internacional de la Mujer como jornada de movilizaci\u00f3n. Al a\u00f1o siguiente, se celebr\u00f3 el <strong>Primer D\u00eda Internacional de la Mujer<\/strong> en pa\u00edses como Dinamarca, Austria y Suiza, extendi\u00e9ndose en a\u00f1os siguientes a otros pa\u00edses (Francia, Pa\u00edses Bajos, Suecia, Rusia&#8230;). La intenci\u00f3n de esta celebraci\u00f3n era reclamar el derecho al voto, a la formaci\u00f3n profesional, a ocupar cargos p\u00fablicos y al trabajo sin discriminaci\u00f3n y seguro.<\/p>\n<p>Pero lo que termin\u00f3 por reforzar el car\u00e1cter reivindicativo de este mes en los a\u00f1os siguientes fue <strong>la desgracia ocurrida el 25 de marzo de 1911<\/strong>. Ese d\u00eda 123 mujeres trabajadoras murieron en el incendio de la f\u00e1brica de Triangle Shirtwaist en Nueva York. Fue un suceso dram\u00e1tico que conmovi\u00f3 a la opini\u00f3n p\u00fablica, y que oblig\u00f3 al gobierno de Estados Unidos a establecer leyes para la mejora de la seguridad laboral en el sector industrial.<\/p>\n<p><a href=\"https:\/\/mujeresenlucha.es\/2020\/03\/07\/el-origen-del-8m\"><img loading=\"lazy\" decoding=\"async\" class=\"alignnone size-full\" src=\"http:\/\/mujeresenlucha.es\/wp-content\/uploads\/2020\/03\/incendio-dia-mujer-644x362.jpg\" width=\"620\" height=\"348\"><\/a><\/p>\n<p>Fue finalmente en 1977 cuando las <strong>Naciones Unidas<\/strong> terminaron por participar de este movimiento, proclamando el <strong>D\u00eda para los Derechos de la Mujer y la Paz Internacional<\/strong>.<\/p>\n<h2>Fuentes:<\/h2>\n<ul>\n<li><a href=\"https:\/\/mujeresenlucha.es\/2020\/03\/07\/el-origen-del-8m\">El origen del 8M (Mujeres en Lucha)<\/a><\/li>\n<li><a href=\"https:\/\/www.afrikable.org\/historia-del-8m\/#:~:text=Hoy%20es%208%20de%20Marzo,a%20propuesta%20de%20Clara%20Zetkin.&amp;text=A%C3%B1o%20a%20a%C3%B1o%20iban%20creciendo,D%C3%ADa%20Internacional%20de%20la%20Mujer.\">Historia del 8M (Afrikable)<\/a><\/li>\n<\/ul>\n","protected":false},"excerpt":{"rendered":"<p>Hoy es 8 de marzo, d\u00eda internacional de la mujer&#8230; pero, que celebramos este d\u00eda? todos relacionamos el 8 de marzo con&nbsp; un d\u00eda para reivindicar la igualdad entre los sexos. Pero esta celebraci\u00f3n,&#46;&#46;&#46;<\/p>\n","protected":false},"author":5774,"featured_media":368,"comment_status":"open","ping_status":"open","sticky":false,"template":"","format":"standard","meta":{"ngg_post_thumbnail":0,"footnotes":""},"categories":[1390423,1390422],"tags":[1390431,1390432,1390433,1390434,1390435],"aioseo_notices":[],"_links":{"self":[{"href":"https:\/\/blogsaverroes.juntadeandalucia.es\/cepermariadeluna\/wp-json\/wp\/v2\/posts\/366"}],"collection":[{"href":"https:\/\/blogsaverroes.juntadeandalucia.es\/cepermariadeluna\/wp-json\/wp\/v2\/posts"}],"about":[{"href":"https:\/\/blogsaverroes.juntadeandalucia.es\/cepermariadeluna\/wp-json\/wp\/v2\/types\/post"}],"author":[{"embeddable":true,"href":"https:\/\/blogsaverroes.juntadeandalucia.es\/cepermariadeluna\/wp-json\/wp\/v2\/users\/5774"}],"replies":[{"embeddable":true,"href":"https:\/\/blogsaverroes.juntadeandalucia.es\/cepermariadeluna\/wp-json\/wp\/v2\/comments?post=366"}],"version-history":[{"count":2,"href":"https:\/\/blogsaverroes.juntadeandalucia.es\/cepermariadeluna\/wp-json\/wp\/v2\/posts\/366\/revisions"}],"predecessor-version":[{"id":370,"href":"https:\/\/blogsaverroes.juntadeandalucia.es\/cepermariadeluna\/wp-json\/wp\/v2\/posts\/366\/revisions\/370"}],"wp:featuredmedia":[{"embeddable":true,"href":"https:\/\/blogsaverroes.juntadeandalucia.es\/cepermariadeluna\/wp-json\/wp\/v2\/media\/368"}],"wp:attachment":[{"href":"https:\/\/blogsaverroes.juntadeandalucia.es\/cepermariadeluna\/wp-json\/wp\/v2\/media?parent=366"}],"wp:term":[{"taxonomy":"category","embeddable":true,"href":"https:\/\/blogsaverroes.juntadeandalucia.es\/cepermariadeluna\/wp-json\/wp\/v2\/categories?post=366"},{"taxonomy":"post_tag","embeddable":true,"href":"https:\/\/blogsaverroes.juntadeandalucia.es\/cepermariadeluna\/wp-json\/wp\/v2\/tags?post=366"}],"curies":[{"name":"wp","href":"https:\/\/api.w.org\/{rel}","templated":true}]}}