{"id":879,"date":"2022-11-26T09:35:20","date_gmt":"2022-11-26T08:35:20","guid":{"rendered":"https:\/\/blogsaverroes.juntadeandalucia.es\/cepermariadeluna\/?p=879"},"modified":"2022-11-26T09:35:20","modified_gmt":"2022-11-26T08:35:20","slug":"intercambio","status":"publish","type":"post","link":"https:\/\/blogsaverroes.juntadeandalucia.es\/cepermariadeluna\/2022\/11\/26\/intercambio\/","title":{"rendered":"INTERCAMBIO"},"content":{"rendered":"<p>Desde el sep Negrat\u00edn , Cuevas del Campo con los cursos de ingl\u00e9s b\u00e1sico e interculturalidad hemos iniciado los intercambios entre ambos grupos dando lugar a la mejora de ambos idiomas espa\u00f1ol e ingl\u00e9s.<\/p>\n<p>La iniciativa nace con el objetivo de poner en pr\u00e1ctica lo aprendido en clase con espa\u00f1oles e ingleses nativos que en este caso son los propios estudiantes.<\/p>\n<p>Estos intercambios ser\u00e1n llevados a cabo una vez al mes, ya que los alumnos han quedado muy satisfechos con la actividad.<\/p>\n<p>Al coincidir este intercambio con el 25N, hemos compartido experiencias sobre casos conocidos de maltrato de las mujeres as\u00ed como explicando las medidas llevadas en ambos pa\u00edses.Por \u00faltimo , hemos visto un corto sobre el maltrato de la mujer con audio en espa\u00f1ol y subt\u00edtulos en ingl\u00e9s llamado el Orden de las cosas.<\/p>\n<p><iframe loading=\"lazy\" src=\"\/\/www.youtube.com\/embed\/hfGsrMBsX1Q\" width=\"560\" height=\"314\"><\/iframe><\/p>\nngg_shortcode_0_placeholder\n","protected":false},"excerpt":{"rendered":"<p>Desde el sep Negrat\u00edn , Cuevas del Campo con los cursos de ingl\u00e9s b\u00e1sico e interculturalidad hemos iniciado los intercambios entre ambos grupos dando lugar a la mejora de ambos idiomas espa\u00f1ol e ingl\u00e9s.&#46;&#46;&#46;<\/p>\n","protected":false},"author":5774,"featured_media":880,"comment_status":"open","ping_status":"open","sticky":false,"template":"","format":"standard","meta":{"ngg_post_thumbnail":0,"footnotes":""},"categories":[1390514,1390424],"tags":[1390537,1390460,1390551,1390515,1390459],"aioseo_notices":[],"_links":{"self":[{"href":"https:\/\/blogsaverroes.juntadeandalucia.es\/cepermariadeluna\/wp-json\/wp\/v2\/posts\/879"}],"collection":[{"href":"https:\/\/blogsaverroes.juntadeandalucia.es\/cepermariadeluna\/wp-json\/wp\/v2\/posts"}],"about":[{"href":"https:\/\/blogsaverroes.juntadeandalucia.es\/cepermariadeluna\/wp-json\/wp\/v2\/types\/post"}],"author":[{"embeddable":true,"href":"https:\/\/blogsaverroes.juntadeandalucia.es\/cepermariadeluna\/wp-json\/wp\/v2\/users\/5774"}],"replies":[{"embeddable":true,"href":"https:\/\/blogsaverroes.juntadeandalucia.es\/cepermariadeluna\/wp-json\/wp\/v2\/comments?post=879"}],"version-history":[{"count":1,"href":"https:\/\/blogsaverroes.juntadeandalucia.es\/cepermariadeluna\/wp-json\/wp\/v2\/posts\/879\/revisions"}],"predecessor-version":[{"id":888,"href":"https:\/\/blogsaverroes.juntadeandalucia.es\/cepermariadeluna\/wp-json\/wp\/v2\/posts\/879\/revisions\/888"}],"wp:featuredmedia":[{"embeddable":true,"href":"https:\/\/blogsaverroes.juntadeandalucia.es\/cepermariadeluna\/wp-json\/wp\/v2\/media\/880"}],"wp:attachment":[{"href":"https:\/\/blogsaverroes.juntadeandalucia.es\/cepermariadeluna\/wp-json\/wp\/v2\/media?parent=879"}],"wp:term":[{"taxonomy":"category","embeddable":true,"href":"https:\/\/blogsaverroes.juntadeandalucia.es\/cepermariadeluna\/wp-json\/wp\/v2\/categories?post=879"},{"taxonomy":"post_tag","embeddable":true,"href":"https:\/\/blogsaverroes.juntadeandalucia.es\/cepermariadeluna\/wp-json\/wp\/v2\/tags?post=879"}],"curies":[{"name":"wp","href":"https:\/\/api.w.org\/{rel}","templated":true}]}}