{"id":2943,"date":"2023-04-14T10:17:27","date_gmt":"2023-04-14T10:17:27","guid":{"rendered":"https:\/\/blogsaverroes.juntadeandalucia.es\/cepermediterraneoadra\/?p=2943"},"modified":"2023-04-14T10:20:39","modified_gmt":"2023-04-14T10:20:39","slug":"prueba-libre-obtencion-titulo-de-la-eso","status":"publish","type":"post","link":"https:\/\/blogsaverroes.juntadeandalucia.es\/cepermediterraneoadra\/prueba-libre-obtencion-titulo-de-la-eso\/","title":{"rendered":"PRUEBA LIBRE OBTENCI\u00d3N T\u00cdTULO DE LA ESO"},"content":{"rendered":"<p>El pr\u00f3ximo s\u00e1bado 15 de abril de 2023 se celebra la primera convocatoria de la Prueba para la obtenci\u00f3n del T\u00edtulo de la ESO para mayores de 18 a\u00f1os.<\/p>\n<p>Nuestro alumnado se presenta en la Comisi\u00f3n Evaluadora del IES Fuente Nueva en El Ejido.<\/p>\n<p>Desde el CEPER Mediterr\u00e1neo os deseamos muuucha suerte.<\/p>\n","protected":false},"excerpt":{"rendered":"<p>El pr\u00f3ximo s\u00e1bado 15 de abril de 2023 se celebra la primera convocatoria de la Prueba para la obtenci\u00f3n del T\u00edtulo de la ESO para mayores de 18 a\u00f1os. Nuestro alumnado se presenta en&#46;&#46;&#46;<\/p>\n","protected":false},"author":11626,"featured_media":0,"comment_status":"open","ping_status":"open","sticky":false,"template":"","format":"standard","meta":{"ngg_post_thumbnail":0,"footnotes":""},"categories":[784],"tags":[],"aioseo_notices":[],"_links":{"self":[{"href":"https:\/\/blogsaverroes.juntadeandalucia.es\/cepermediterraneoadra\/wp-json\/wp\/v2\/posts\/2943"}],"collection":[{"href":"https:\/\/blogsaverroes.juntadeandalucia.es\/cepermediterraneoadra\/wp-json\/wp\/v2\/posts"}],"about":[{"href":"https:\/\/blogsaverroes.juntadeandalucia.es\/cepermediterraneoadra\/wp-json\/wp\/v2\/types\/post"}],"author":[{"embeddable":true,"href":"https:\/\/blogsaverroes.juntadeandalucia.es\/cepermediterraneoadra\/wp-json\/wp\/v2\/users\/11626"}],"replies":[{"embeddable":true,"href":"https:\/\/blogsaverroes.juntadeandalucia.es\/cepermediterraneoadra\/wp-json\/wp\/v2\/comments?post=2943"}],"version-history":[{"count":1,"href":"https:\/\/blogsaverroes.juntadeandalucia.es\/cepermediterraneoadra\/wp-json\/wp\/v2\/posts\/2943\/revisions"}],"predecessor-version":[{"id":2944,"href":"https:\/\/blogsaverroes.juntadeandalucia.es\/cepermediterraneoadra\/wp-json\/wp\/v2\/posts\/2943\/revisions\/2944"}],"wp:attachment":[{"href":"https:\/\/blogsaverroes.juntadeandalucia.es\/cepermediterraneoadra\/wp-json\/wp\/v2\/media?parent=2943"}],"wp:term":[{"taxonomy":"category","embeddable":true,"href":"https:\/\/blogsaverroes.juntadeandalucia.es\/cepermediterraneoadra\/wp-json\/wp\/v2\/categories?post=2943"},{"taxonomy":"post_tag","embeddable":true,"href":"https:\/\/blogsaverroes.juntadeandalucia.es\/cepermediterraneoadra\/wp-json\/wp\/v2\/tags?post=2943"}],"curies":[{"name":"wp","href":"https:\/\/api.w.org\/{rel}","templated":true}]}}