{"id":2962,"date":"2023-05-16T08:47:00","date_gmt":"2023-05-16T08:47:00","guid":{"rendered":"https:\/\/blogsaverroes.juntadeandalucia.es\/cepermediterraneoadra\/?p=2962"},"modified":"2023-05-16T08:47:00","modified_gmt":"2023-05-16T08:47:00","slug":"oferta-educativa-curso-2023-24","status":"publish","type":"post","link":"https:\/\/blogsaverroes.juntadeandalucia.es\/cepermediterraneoadra\/oferta-educativa-curso-2023-24\/","title":{"rendered":"OFERTA EDUCATIVA CURSO 2023\/24"},"content":{"rendered":"<h1 align=\"center\"><strong><span style=\"font-family: Noto Sans HK, sans-serif;color: #008000\"><span style=\"font-size: large\">OFERTA FORMATIVA PARA EL CURSO 2023\/24<\/span><\/span><\/strong><\/h1>\n<p align=\"left\"><span style=\"font-family: Noto Sans HK, sans-serif\"><span style=\"font-size: large\">La oferta formativa del CEPER. Mediterr\u00e1neo para el curso 2023\/24 aparece expuesta en el cartel.<\/span><\/span><\/p>\n<h2 align=\"left\"><span style=\"font-family: Noto Sans HK, sans-serif\"><span style=\"font-size: large\"><b>El plazo de matriculaci\u00f3n ordinario ser\u00e1 del 1 al 15 de junio de 202<\/b><b>3<\/b><b>:<\/b><\/span><\/span><\/h2>\n<p align=\"left\"><span style=\"font-family: Noto Sans HK, sans-serif\"><span style=\"font-size: large\"><b>EN ADRA:<\/b><\/span><\/span><\/p>\n<ul>\n<li>\n<p align=\"left\"><span style=\"font-family: Noto Sans HK, sans-serif\"><span style=\"font-size: large\">En el Pabell\u00f3n de deportes de Adra, aula 4,<b> <\/b><\/span><\/span><span style=\"font-family: Noto Sans HK, sans-serif\"><span style=\"font-size: large\"><b><\/b><b>LOS MARTES <\/b><b> POR LAS MA\u00d1ANAS DE 9:30 A 13:30.<\/b><\/span><\/span><\/p>\n<\/li>\n<li>\n<p align=\"left\"><span style=\"font-family: Noto Sans HK, sans-serif\"><span style=\"font-size: large\"><b>En el CEIP San Fernando, de lunes a jueves, de 17 a 19 horas<\/b><\/span><\/span><\/p>\n<\/li>\n<\/ul>\n<p align=\"left\"><span style=\"font-family: Noto Sans HK, sans-serif\"><span style=\"font-size: large\"><b>EN EL PUENTE DEL R\u00cdO:<\/b><\/span><\/span><\/p>\n<ul>\n<li>\n<p align=\"left\"><span style=\"font-family: Noto Sans HK, sans-serif\"><span style=\"font-size: large\"><b>Aula aneja al CEIP Fuentesantilla, de lunes a jueves, de 17 a 19 horas.<\/b><\/span><\/span><\/p>\n<\/li>\n<\/ul>\n<p align=\"left\"><span style=\"font-family: Noto Sans HK, sans-serif\"><span style=\"font-size: large\"><b>EN LA CURVA<\/b><\/span><\/span><\/p>\n<ul>\n<li>\n<p align=\"left\"><span style=\"font-family: Noto Sans HK, sans-serif\"><span style=\"font-size: large\"><b>En el aula de la planta alta del Centro de Salud, de lunes a jueves, de 17 a 19 horas.<\/b><\/span><\/span><\/p>\n<\/li>\n<\/ul>\n<p align=\"left\"><span style=\"font-family: Noto Sans HK, sans-serif\"><span style=\"font-size: large\"><b>PUEDES INFORMARTE EN EL TEL\u00c9FONO: 950 57 95 00<\/b><\/span><\/span><\/p>\n<p align=\"left\"><span style=\"font-family: Noto Sans HK, sans-serif\"><span style=\"font-size: large\"><b> LOS MARTES Y VIERNES POR LA MA\u00d1ANA.<\/b><\/span><\/span><\/p>\n<p align=\"left\"><span style=\"font-family: Noto Sans HK, sans-serif\"><span style=\"font-size: large\"><b>Si quedaran plazas vacantes<\/b> tras el periodo ordinario, se abrir\u00eda un <b>periodo extraordinario<\/b> de matriculaci\u00f3n del <b>1 de septiembre al 15 de octubre de 202<\/b><b>3<\/b><b>.<\/b><\/span><\/span><\/p>\n<p align=\"left\"><span style=\"font-family: Noto Sans HK, sans-serif\"><span style=\"font-size: large\">La normativa de referencia aparece en la <b>Orden de 25 de mayo de 2012<\/b> sobre admisi\u00f3n y matriculaci\u00f3n del alumnado de Educaci\u00f3n Permanente de Personas Adultas.<\/span><\/span><\/p>\n<p align=\"left\"><span style=\"font-family: Noto Sans HK, sans-serif\"><span style=\"font-size: large\">Para ampliar informaci\u00f3n se puede consultar la p\u00e1gina web de Educaci\u00f3n Permanente:<\/span><\/span><\/p>\n<p align=\"left\"><span style=\"font-family: Times New Roman, serif\"><u><a href=\"http:\/\/portal.ced.junta-andalucia.es\/educacion\/webportal\/web\/educacion-permanente\"><span style=\"font-family: Noto Sans HK, sans-serif\"><span style=\"font-size: large\">http:\/\/portal.ced.junta-andalucia.es\/educacion\/webportal\/web\/educacion-permanente<\/span><\/span><\/a><\/u><\/span><\/p>\n<p align=\"left\"><a href=\"https:\/\/blogsaverroes.juntadeandalucia.es\/cepermediterraneoadra\/files\/2023\/05\/INSCRIBETE-CARTEL.jpg\"><img loading=\"lazy\" decoding=\"async\" class=\"alignnone size-full wp-image-2963\" src=\"https:\/\/blogsaverroes.juntadeandalucia.es\/cepermediterraneoadra\/files\/2023\/05\/INSCRIBETE-CARTEL.jpg\" alt=\"\" width=\"1131\" height=\"1600\" srcset=\"https:\/\/blogsaverroes.juntadeandalucia.es\/cepermediterraneoadra\/files\/2023\/05\/INSCRIBETE-CARTEL.jpg 1131w, https:\/\/blogsaverroes.juntadeandalucia.es\/cepermediterraneoadra\/files\/2023\/05\/INSCRIBETE-CARTEL-212x300.jpg 212w, https:\/\/blogsaverroes.juntadeandalucia.es\/cepermediterraneoadra\/files\/2023\/05\/INSCRIBETE-CARTEL-724x1024.jpg 724w, https:\/\/blogsaverroes.juntadeandalucia.es\/cepermediterraneoadra\/files\/2023\/05\/INSCRIBETE-CARTEL-768x1086.jpg 768w, https:\/\/blogsaverroes.juntadeandalucia.es\/cepermediterraneoadra\/files\/2023\/05\/INSCRIBETE-CARTEL-1086x1536.jpg 1086w, https:\/\/blogsaverroes.juntadeandalucia.es\/cepermediterraneoadra\/files\/2023\/05\/INSCRIBETE-CARTEL-1448x2048.jpg 1448w\" sizes=\"(max-width: 1131px) 100vw, 1131px\" \/><\/a><\/p>\n","protected":false},"excerpt":{"rendered":"<p>OFERTA FORMATIVA PARA EL CURSO 2023\/24 La oferta formativa del CEPER. Mediterr\u00e1neo para el curso 2023\/24 aparece expuesta en el cartel. El plazo de matriculaci\u00f3n ordinario ser\u00e1 del 1 al 15 de junio de&#46;&#46;&#46;<\/p>\n","protected":false},"author":11626,"featured_media":0,"comment_status":"open","ping_status":"open","sticky":false,"template":"","format":"standard","meta":{"ngg_post_thumbnail":0,"footnotes":""},"categories":[11909],"tags":[],"aioseo_notices":[],"_links":{"self":[{"href":"https:\/\/blogsaverroes.juntadeandalucia.es\/cepermediterraneoadra\/wp-json\/wp\/v2\/posts\/2962"}],"collection":[{"href":"https:\/\/blogsaverroes.juntadeandalucia.es\/cepermediterraneoadra\/wp-json\/wp\/v2\/posts"}],"about":[{"href":"https:\/\/blogsaverroes.juntadeandalucia.es\/cepermediterraneoadra\/wp-json\/wp\/v2\/types\/post"}],"author":[{"embeddable":true,"href":"https:\/\/blogsaverroes.juntadeandalucia.es\/cepermediterraneoadra\/wp-json\/wp\/v2\/users\/11626"}],"replies":[{"embeddable":true,"href":"https:\/\/blogsaverroes.juntadeandalucia.es\/cepermediterraneoadra\/wp-json\/wp\/v2\/comments?post=2962"}],"version-history":[{"count":4,"href":"https:\/\/blogsaverroes.juntadeandalucia.es\/cepermediterraneoadra\/wp-json\/wp\/v2\/posts\/2962\/revisions"}],"predecessor-version":[{"id":2967,"href":"https:\/\/blogsaverroes.juntadeandalucia.es\/cepermediterraneoadra\/wp-json\/wp\/v2\/posts\/2962\/revisions\/2967"}],"wp:attachment":[{"href":"https:\/\/blogsaverroes.juntadeandalucia.es\/cepermediterraneoadra\/wp-json\/wp\/v2\/media?parent=2962"}],"wp:term":[{"taxonomy":"category","embeddable":true,"href":"https:\/\/blogsaverroes.juntadeandalucia.es\/cepermediterraneoadra\/wp-json\/wp\/v2\/categories?post=2962"},{"taxonomy":"post_tag","embeddable":true,"href":"https:\/\/blogsaverroes.juntadeandalucia.es\/cepermediterraneoadra\/wp-json\/wp\/v2\/tags?post=2962"}],"curies":[{"name":"wp","href":"https:\/\/api.w.org\/{rel}","templated":true}]}}