{"id":3010,"date":"2023-05-31T16:27:28","date_gmt":"2023-05-31T16:27:28","guid":{"rendered":"https:\/\/blogsaverroes.juntadeandalucia.es\/cepermediterraneoadra\/?p=3010"},"modified":"2023-05-31T16:27:28","modified_gmt":"2023-05-31T16:27:28","slug":"taller-de-rcp","status":"publish","type":"post","link":"https:\/\/blogsaverroes.juntadeandalucia.es\/cepermediterraneoadra\/taller-de-rcp\/","title":{"rendered":"TALLER DE RCP"},"content":{"rendered":"<p>Dentro del marco de la Semana de la Salud de Adra 2023, celebrada entre el 29 de mayo y el 2 de junio, hemos tenido en nuestro Centro un Taller de Reanimaci\u00f3n Cardiopulmonar, impartido por&nbsp; Charo y Pepe, enfermeros del Centro de Salud de Adra. Hemos aprendido y practicado la t\u00e9cnica b\u00e1sica con la ayuda de estos dos profesionales, que han aportado los medios te\u00f3ricos y pr\u00e1cticos. El alumnado ha participado activamente y se han mostrado muy interesados y satisfechos.&nbsp; Nos parece una iniciativa que merece difundirse en el municipio.<\/p>\n<p>Aqu\u00ed os dejamos unas fotos.<a href=\"https:\/\/blogsaverroes.juntadeandalucia.es\/cepermediterraneoadra\/files\/2023\/05\/20230531_172949_001-scaled.jpg\"><img loading=\"lazy\" decoding=\"async\" class=\"alignnone size-full wp-image-3011\" src=\"https:\/\/blogsaverroes.juntadeandalucia.es\/cepermediterraneoadra\/files\/2023\/05\/20230531_172949_001-scaled.jpg\" alt=\"\" width=\"1600\" height=\"1200\" srcset=\"https:\/\/blogsaverroes.juntadeandalucia.es\/cepermediterraneoadra\/files\/2023\/05\/20230531_172949_001-scaled.jpg 1600w, https:\/\/blogsaverroes.juntadeandalucia.es\/cepermediterraneoadra\/files\/2023\/05\/20230531_172949_001-300x225.jpg 300w, https:\/\/blogsaverroes.juntadeandalucia.es\/cepermediterraneoadra\/files\/2023\/05\/20230531_172949_001-1024x768.jpg 1024w, https:\/\/blogsaverroes.juntadeandalucia.es\/cepermediterraneoadra\/files\/2023\/05\/20230531_172949_001-768x576.jpg 768w, https:\/\/blogsaverroes.juntadeandalucia.es\/cepermediterraneoadra\/files\/2023\/05\/20230531_172949_001-1536x1152.jpg 1536w, https:\/\/blogsaverroes.juntadeandalucia.es\/cepermediterraneoadra\/files\/2023\/05\/20230531_172949_001-2048x1536.jpg 2048w\" sizes=\"(max-width: 1600px) 100vw, 1600px\" \/><\/a> <a href=\"https:\/\/blogsaverroes.juntadeandalucia.es\/cepermediterraneoadra\/files\/2023\/05\/20230531_173113_001-scaled.jpg\"><img loading=\"lazy\" decoding=\"async\" class=\"alignnone size-full wp-image-3012\" src=\"https:\/\/blogsaverroes.juntadeandalucia.es\/cepermediterraneoadra\/files\/2023\/05\/20230531_173113_001-scaled.jpg\" alt=\"\" width=\"1600\" height=\"1200\" srcset=\"https:\/\/blogsaverroes.juntadeandalucia.es\/cepermediterraneoadra\/files\/2023\/05\/20230531_173113_001-scaled.jpg 1600w, https:\/\/blogsaverroes.juntadeandalucia.es\/cepermediterraneoadra\/files\/2023\/05\/20230531_173113_001-300x225.jpg 300w, https:\/\/blogsaverroes.juntadeandalucia.es\/cepermediterraneoadra\/files\/2023\/05\/20230531_173113_001-1024x768.jpg 1024w, https:\/\/blogsaverroes.juntadeandalucia.es\/cepermediterraneoadra\/files\/2023\/05\/20230531_173113_001-768x576.jpg 768w, https:\/\/blogsaverroes.juntadeandalucia.es\/cepermediterraneoadra\/files\/2023\/05\/20230531_173113_001-1536x1152.jpg 1536w, https:\/\/blogsaverroes.juntadeandalucia.es\/cepermediterraneoadra\/files\/2023\/05\/20230531_173113_001-2048x1536.jpg 2048w\" sizes=\"(max-width: 1600px) 100vw, 1600px\" \/><\/a> <a href=\"https:\/\/blogsaverroes.juntadeandalucia.es\/cepermediterraneoadra\/files\/2023\/05\/20230531_173158-scaled.jpg\"><img loading=\"lazy\" decoding=\"async\" class=\"alignnone size-full wp-image-3014\" src=\"https:\/\/blogsaverroes.juntadeandalucia.es\/cepermediterraneoadra\/files\/2023\/05\/20230531_173158-scaled.jpg\" alt=\"\" width=\"1600\" height=\"1200\" srcset=\"https:\/\/blogsaverroes.juntadeandalucia.es\/cepermediterraneoadra\/files\/2023\/05\/20230531_173158-scaled.jpg 1600w, https:\/\/blogsaverroes.juntadeandalucia.es\/cepermediterraneoadra\/files\/2023\/05\/20230531_173158-300x225.jpg 300w, https:\/\/blogsaverroes.juntadeandalucia.es\/cepermediterraneoadra\/files\/2023\/05\/20230531_173158-1024x768.jpg 1024w, https:\/\/blogsaverroes.juntadeandalucia.es\/cepermediterraneoadra\/files\/2023\/05\/20230531_173158-768x576.jpg 768w, https:\/\/blogsaverroes.juntadeandalucia.es\/cepermediterraneoadra\/files\/2023\/05\/20230531_173158-1536x1152.jpg 1536w, https:\/\/blogsaverroes.juntadeandalucia.es\/cepermediterraneoadra\/files\/2023\/05\/20230531_173158-2048x1536.jpg 2048w\" sizes=\"(max-width: 1600px) 100vw, 1600px\" \/><\/a> <a href=\"https:\/\/blogsaverroes.juntadeandalucia.es\/cepermediterraneoadra\/files\/2023\/05\/20230531_173330_001-scaled.jpg\"><img loading=\"lazy\" decoding=\"async\" class=\"alignnone size-full wp-image-3015\" src=\"https:\/\/blogsaverroes.juntadeandalucia.es\/cepermediterraneoadra\/files\/2023\/05\/20230531_173330_001-scaled.jpg\" alt=\"\" width=\"1600\" height=\"1200\" srcset=\"https:\/\/blogsaverroes.juntadeandalucia.es\/cepermediterraneoadra\/files\/2023\/05\/20230531_173330_001-scaled.jpg 1600w, https:\/\/blogsaverroes.juntadeandalucia.es\/cepermediterraneoadra\/files\/2023\/05\/20230531_173330_001-300x225.jpg 300w, https:\/\/blogsaverroes.juntadeandalucia.es\/cepermediterraneoadra\/files\/2023\/05\/20230531_173330_001-1024x768.jpg 1024w, https:\/\/blogsaverroes.juntadeandalucia.es\/cepermediterraneoadra\/files\/2023\/05\/20230531_173330_001-768x576.jpg 768w, https:\/\/blogsaverroes.juntadeandalucia.es\/cepermediterraneoadra\/files\/2023\/05\/20230531_173330_001-1536x1152.jpg 1536w, https:\/\/blogsaverroes.juntadeandalucia.es\/cepermediterraneoadra\/files\/2023\/05\/20230531_173330_001-2048x1536.jpg 2048w\" sizes=\"(max-width: 1600px) 100vw, 1600px\" \/><\/a> <a href=\"https:\/\/blogsaverroes.juntadeandalucia.es\/cepermediterraneoadra\/files\/2023\/05\/20230531_173332_001-scaled.jpg\"><img loading=\"lazy\" decoding=\"async\" class=\"alignnone size-full wp-image-3016\" src=\"https:\/\/blogsaverroes.juntadeandalucia.es\/cepermediterraneoadra\/files\/2023\/05\/20230531_173332_001-scaled.jpg\" alt=\"\" width=\"1600\" height=\"1200\" srcset=\"https:\/\/blogsaverroes.juntadeandalucia.es\/cepermediterraneoadra\/files\/2023\/05\/20230531_173332_001-scaled.jpg 1600w, https:\/\/blogsaverroes.juntadeandalucia.es\/cepermediterraneoadra\/files\/2023\/05\/20230531_173332_001-300x225.jpg 300w, https:\/\/blogsaverroes.juntadeandalucia.es\/cepermediterraneoadra\/files\/2023\/05\/20230531_173332_001-1024x768.jpg 1024w, https:\/\/blogsaverroes.juntadeandalucia.es\/cepermediterraneoadra\/files\/2023\/05\/20230531_173332_001-768x576.jpg 768w, https:\/\/blogsaverroes.juntadeandalucia.es\/cepermediterraneoadra\/files\/2023\/05\/20230531_173332_001-1536x1152.jpg 1536w, https:\/\/blogsaverroes.juntadeandalucia.es\/cepermediterraneoadra\/files\/2023\/05\/20230531_173332_001-2048x1536.jpg 2048w\" sizes=\"(max-width: 1600px) 100vw, 1600px\" \/><\/a> <a href=\"https:\/\/blogsaverroes.juntadeandalucia.es\/cepermediterraneoadra\/files\/2023\/05\/20230531_173525-scaled.jpg\"><img loading=\"lazy\" decoding=\"async\" class=\"alignnone size-full wp-image-3018\" src=\"https:\/\/blogsaverroes.juntadeandalucia.es\/cepermediterraneoadra\/files\/2023\/05\/20230531_173525-scaled.jpg\" alt=\"\" width=\"1600\" height=\"1200\" srcset=\"https:\/\/blogsaverroes.juntadeandalucia.es\/cepermediterraneoadra\/files\/2023\/05\/20230531_173525-scaled.jpg 1600w, https:\/\/blogsaverroes.juntadeandalucia.es\/cepermediterraneoadra\/files\/2023\/05\/20230531_173525-300x225.jpg 300w, https:\/\/blogsaverroes.juntadeandalucia.es\/cepermediterraneoadra\/files\/2023\/05\/20230531_173525-1024x768.jpg 1024w, https:\/\/blogsaverroes.juntadeandalucia.es\/cepermediterraneoadra\/files\/2023\/05\/20230531_173525-768x576.jpg 768w, https:\/\/blogsaverroes.juntadeandalucia.es\/cepermediterraneoadra\/files\/2023\/05\/20230531_173525-1536x1152.jpg 1536w, https:\/\/blogsaverroes.juntadeandalucia.es\/cepermediterraneoadra\/files\/2023\/05\/20230531_173525-2048x1536.jpg 2048w\" sizes=\"(max-width: 1600px) 100vw, 1600px\" \/><\/a> <a href=\"https:\/\/blogsaverroes.juntadeandalucia.es\/cepermediterraneoadra\/files\/2023\/05\/foto-taller-rcp-scaled.jpg\"><img loading=\"lazy\" decoding=\"async\" class=\"alignnone size-full wp-image-3019\" src=\"https:\/\/blogsaverroes.juntadeandalucia.es\/cepermediterraneoadra\/files\/2023\/05\/foto-taller-rcp-scaled.jpg\" alt=\"\" width=\"1600\" height=\"1200\" srcset=\"https:\/\/blogsaverroes.juntadeandalucia.es\/cepermediterraneoadra\/files\/2023\/05\/foto-taller-rcp-scaled.jpg 1600w, https:\/\/blogsaverroes.juntadeandalucia.es\/cepermediterraneoadra\/files\/2023\/05\/foto-taller-rcp-300x225.jpg 300w, https:\/\/blogsaverroes.juntadeandalucia.es\/cepermediterraneoadra\/files\/2023\/05\/foto-taller-rcp-1024x768.jpg 1024w, https:\/\/blogsaverroes.juntadeandalucia.es\/cepermediterraneoadra\/files\/2023\/05\/foto-taller-rcp-768x576.jpg 768w, https:\/\/blogsaverroes.juntadeandalucia.es\/cepermediterraneoadra\/files\/2023\/05\/foto-taller-rcp-1536x1152.jpg 1536w, https:\/\/blogsaverroes.juntadeandalucia.es\/cepermediterraneoadra\/files\/2023\/05\/foto-taller-rcp-2048x1536.jpg 2048w\" sizes=\"(max-width: 1600px) 100vw, 1600px\" \/><\/a><\/p>\n","protected":false},"excerpt":{"rendered":"<p>Dentro del marco de la Semana de la Salud de Adra 2023, celebrada entre el 29 de mayo y el 2 de junio, hemos tenido en nuestro Centro un Taller de Reanimaci\u00f3n Cardiopulmonar, impartido&#46;&#46;&#46;<\/p>\n","protected":false},"author":11626,"featured_media":0,"comment_status":"open","ping_status":"open","sticky":false,"template":"","format":"standard","meta":{"ngg_post_thumbnail":0,"footnotes":""},"categories":[5991,784],"tags":[],"aioseo_notices":[],"_links":{"self":[{"href":"https:\/\/blogsaverroes.juntadeandalucia.es\/cepermediterraneoadra\/wp-json\/wp\/v2\/posts\/3010"}],"collection":[{"href":"https:\/\/blogsaverroes.juntadeandalucia.es\/cepermediterraneoadra\/wp-json\/wp\/v2\/posts"}],"about":[{"href":"https:\/\/blogsaverroes.juntadeandalucia.es\/cepermediterraneoadra\/wp-json\/wp\/v2\/types\/post"}],"author":[{"embeddable":true,"href":"https:\/\/blogsaverroes.juntadeandalucia.es\/cepermediterraneoadra\/wp-json\/wp\/v2\/users\/11626"}],"replies":[{"embeddable":true,"href":"https:\/\/blogsaverroes.juntadeandalucia.es\/cepermediterraneoadra\/wp-json\/wp\/v2\/comments?post=3010"}],"version-history":[{"count":1,"href":"https:\/\/blogsaverroes.juntadeandalucia.es\/cepermediterraneoadra\/wp-json\/wp\/v2\/posts\/3010\/revisions"}],"predecessor-version":[{"id":3020,"href":"https:\/\/blogsaverroes.juntadeandalucia.es\/cepermediterraneoadra\/wp-json\/wp\/v2\/posts\/3010\/revisions\/3020"}],"wp:attachment":[{"href":"https:\/\/blogsaverroes.juntadeandalucia.es\/cepermediterraneoadra\/wp-json\/wp\/v2\/media?parent=3010"}],"wp:term":[{"taxonomy":"category","embeddable":true,"href":"https:\/\/blogsaverroes.juntadeandalucia.es\/cepermediterraneoadra\/wp-json\/wp\/v2\/categories?post=3010"},{"taxonomy":"post_tag","embeddable":true,"href":"https:\/\/blogsaverroes.juntadeandalucia.es\/cepermediterraneoadra\/wp-json\/wp\/v2\/tags?post=3010"}],"curies":[{"name":"wp","href":"https:\/\/api.w.org\/{rel}","templated":true}]}}