{"id":3179,"date":"2024-11-01T14:23:23","date_gmt":"2024-11-01T14:23:23","guid":{"rendered":"https:\/\/blogsaverroes.juntadeandalucia.es\/cepermediterraneoadra\/?p=3179"},"modified":"2024-11-01T14:23:23","modified_gmt":"2024-11-01T14:23:23","slug":"dia-de-la-salud-mental","status":"publish","type":"post","link":"https:\/\/blogsaverroes.juntadeandalucia.es\/cepermediterraneoadra\/dia-de-la-salud-mental\/","title":{"rendered":"D\u00cdA DE LA SALUD MENTAL"},"content":{"rendered":"<p>El CEPER &#8220;Mediterr\u00e1neo&#8221;&nbsp; celebra el&nbsp; D\u00eda de La Salud Mental con su alumnado a trav\u00e9s de la biodanza y meditaci\u00f3n, impartido Roc\u00edo Salinas.<\/p>\n<p>Cuida tu salud mental rode\u00e1ndote de gente buena, r\u00edete, ten h\u00e1bitos de vida saludables: deporte, meditaci\u00f3n, descanso, alimentaci\u00f3n etc.<\/p>\n<p><a href=\"https:\/\/blogsaverroes.juntadeandalucia.es\/cepermediterraneoadra\/files\/2024\/11\/Imagen.jpeg\"><img loading=\"lazy\" decoding=\"async\" class=\"alignnone size-full wp-image-3182\" src=\"https:\/\/blogsaverroes.juntadeandalucia.es\/cepermediterraneoadra\/files\/2024\/11\/Imagen.jpeg\" alt=\"\" width=\"1000\" height=\"1000\" srcset=\"https:\/\/blogsaverroes.juntadeandalucia.es\/cepermediterraneoadra\/files\/2024\/11\/Imagen.jpeg 1000w, https:\/\/blogsaverroes.juntadeandalucia.es\/cepermediterraneoadra\/files\/2024\/11\/Imagen-300x300.jpeg 300w, https:\/\/blogsaverroes.juntadeandalucia.es\/cepermediterraneoadra\/files\/2024\/11\/Imagen-150x150.jpeg 150w, https:\/\/blogsaverroes.juntadeandalucia.es\/cepermediterraneoadra\/files\/2024\/11\/Imagen-768x768.jpeg 768w\" sizes=\"(max-width: 1000px) 100vw, 1000px\" \/><\/a><a href=\"https:\/\/blogsaverroes.juntadeandalucia.es\/cepermediterraneoadra\/files\/2024\/11\/IMG_2686.jpg\"><img loading=\"lazy\" decoding=\"async\" class=\"alignnone size-full wp-image-3181\" src=\"https:\/\/blogsaverroes.juntadeandalucia.es\/cepermediterraneoadra\/files\/2024\/11\/IMG_2686.jpg\" alt=\"\" width=\"1000\" height=\"1000\" srcset=\"https:\/\/blogsaverroes.juntadeandalucia.es\/cepermediterraneoadra\/files\/2024\/11\/IMG_2686.jpg 1000w, https:\/\/blogsaverroes.juntadeandalucia.es\/cepermediterraneoadra\/files\/2024\/11\/IMG_2686-300x300.jpg 300w, https:\/\/blogsaverroes.juntadeandalucia.es\/cepermediterraneoadra\/files\/2024\/11\/IMG_2686-150x150.jpg 150w, https:\/\/blogsaverroes.juntadeandalucia.es\/cepermediterraneoadra\/files\/2024\/11\/IMG_2686-768x768.jpg 768w\" sizes=\"(max-width: 1000px) 100vw, 1000px\" \/><\/a><\/p>\n","protected":false},"excerpt":{"rendered":"<p>El CEPER &#8220;Mediterr\u00e1neo&#8221;&nbsp; celebra el&nbsp; D\u00eda de La Salud Mental con su alumnado a trav\u00e9s de la biodanza y meditaci\u00f3n, impartido Roc\u00edo Salinas. Cuida tu salud mental rode\u00e1ndote de gente buena, r\u00edete, ten h\u00e1bitos&#46;&#46;&#46;<\/p>\n","protected":false},"author":11626,"featured_media":0,"comment_status":"open","ping_status":"open","sticky":false,"template":"","format":"standard","meta":{"ngg_post_thumbnail":0,"footnotes":""},"categories":[784],"tags":[],"aioseo_notices":[],"_links":{"self":[{"href":"https:\/\/blogsaverroes.juntadeandalucia.es\/cepermediterraneoadra\/wp-json\/wp\/v2\/posts\/3179"}],"collection":[{"href":"https:\/\/blogsaverroes.juntadeandalucia.es\/cepermediterraneoadra\/wp-json\/wp\/v2\/posts"}],"about":[{"href":"https:\/\/blogsaverroes.juntadeandalucia.es\/cepermediterraneoadra\/wp-json\/wp\/v2\/types\/post"}],"author":[{"embeddable":true,"href":"https:\/\/blogsaverroes.juntadeandalucia.es\/cepermediterraneoadra\/wp-json\/wp\/v2\/users\/11626"}],"replies":[{"embeddable":true,"href":"https:\/\/blogsaverroes.juntadeandalucia.es\/cepermediterraneoadra\/wp-json\/wp\/v2\/comments?post=3179"}],"version-history":[{"count":1,"href":"https:\/\/blogsaverroes.juntadeandalucia.es\/cepermediterraneoadra\/wp-json\/wp\/v2\/posts\/3179\/revisions"}],"predecessor-version":[{"id":3183,"href":"https:\/\/blogsaverroes.juntadeandalucia.es\/cepermediterraneoadra\/wp-json\/wp\/v2\/posts\/3179\/revisions\/3183"}],"wp:attachment":[{"href":"https:\/\/blogsaverroes.juntadeandalucia.es\/cepermediterraneoadra\/wp-json\/wp\/v2\/media?parent=3179"}],"wp:term":[{"taxonomy":"category","embeddable":true,"href":"https:\/\/blogsaverroes.juntadeandalucia.es\/cepermediterraneoadra\/wp-json\/wp\/v2\/categories?post=3179"},{"taxonomy":"post_tag","embeddable":true,"href":"https:\/\/blogsaverroes.juntadeandalucia.es\/cepermediterraneoadra\/wp-json\/wp\/v2\/tags?post=3179"}],"curies":[{"name":"wp","href":"https:\/\/api.w.org\/{rel}","templated":true}]}}