{"id":3211,"date":"2025-03-21T15:10:16","date_gmt":"2025-03-21T15:10:16","guid":{"rendered":"https:\/\/blogsaverroes.juntadeandalucia.es\/cepermediterraneoadra\/?p=3211"},"modified":"2025-03-21T15:10:16","modified_gmt":"2025-03-21T15:10:16","slug":"saint-patricks-day","status":"publish","type":"post","link":"https:\/\/blogsaverroes.juntadeandalucia.es\/cepermediterraneoadra\/saint-patricks-day\/","title":{"rendered":"Saint Patrick&#8217;s Day"},"content":{"rendered":"<p style=\"text-align: center\">El 17 de marzo celebramos el d\u00eda de San Patricio.<\/p>\n<p>Realizamos varias actividades en honor a este maravillo d\u00eda y a Irlanda. El alumnado recibi\u00f3 un regalo y disfrutaron mucho. Una forma de conocer otras culturas.<\/p>\n<p style=\"text-align: center\">On March 17th we celebrate St. Patrick&#8217;s Day.<\/p>\n<p>We did several activities in honor of this wonderful day and Ireland. The students received a gift and enjoyed a lot. A way to get to know other cultures.<\/p>\n<p><span class=\"HwtZe\" lang=\"en\"><span class=\"jCAhz ChMk0b\"><span class=\"ryNqvb\">Thank you teacher Merche<\/span><\/span><\/span><a href=\"https:\/\/blogsaverroes.juntadeandalucia.es\/cepermediterraneoadra\/files\/2025\/03\/SAN-PATRICIO.jpg\"><img loading=\"lazy\" decoding=\"async\" class=\"alignnone size-full wp-image-3212\" src=\"https:\/\/blogsaverroes.juntadeandalucia.es\/cepermediterraneoadra\/files\/2025\/03\/SAN-PATRICIO.jpg\" alt=\"\" width=\"1131\" height=\"1600\" srcset=\"https:\/\/blogsaverroes.juntadeandalucia.es\/cepermediterraneoadra\/files\/2025\/03\/SAN-PATRICIO.jpg 1131w, https:\/\/blogsaverroes.juntadeandalucia.es\/cepermediterraneoadra\/files\/2025\/03\/SAN-PATRICIO-212x300.jpg 212w, https:\/\/blogsaverroes.juntadeandalucia.es\/cepermediterraneoadra\/files\/2025\/03\/SAN-PATRICIO-724x1024.jpg 724w, https:\/\/blogsaverroes.juntadeandalucia.es\/cepermediterraneoadra\/files\/2025\/03\/SAN-PATRICIO-768x1086.jpg 768w, https:\/\/blogsaverroes.juntadeandalucia.es\/cepermediterraneoadra\/files\/2025\/03\/SAN-PATRICIO-1086x1536.jpg 1086w\" sizes=\"(max-width: 1131px) 100vw, 1131px\" \/><\/a><\/p>\n","protected":false},"excerpt":{"rendered":"<p>El 17 de marzo celebramos el d\u00eda de San Patricio. Realizamos varias actividades en honor a este maravillo d\u00eda y a Irlanda. El alumnado recibi\u00f3 un regalo y disfrutaron mucho. Una forma de conocer&#46;&#46;&#46;<\/p>\n","protected":false},"author":11626,"featured_media":0,"comment_status":"open","ping_status":"open","sticky":false,"template":"","format":"standard","meta":{"ngg_post_thumbnail":0,"footnotes":""},"categories":[1000142],"tags":[],"aioseo_notices":[],"_links":{"self":[{"href":"https:\/\/blogsaverroes.juntadeandalucia.es\/cepermediterraneoadra\/wp-json\/wp\/v2\/posts\/3211"}],"collection":[{"href":"https:\/\/blogsaverroes.juntadeandalucia.es\/cepermediterraneoadra\/wp-json\/wp\/v2\/posts"}],"about":[{"href":"https:\/\/blogsaverroes.juntadeandalucia.es\/cepermediterraneoadra\/wp-json\/wp\/v2\/types\/post"}],"author":[{"embeddable":true,"href":"https:\/\/blogsaverroes.juntadeandalucia.es\/cepermediterraneoadra\/wp-json\/wp\/v2\/users\/11626"}],"replies":[{"embeddable":true,"href":"https:\/\/blogsaverroes.juntadeandalucia.es\/cepermediterraneoadra\/wp-json\/wp\/v2\/comments?post=3211"}],"version-history":[{"count":1,"href":"https:\/\/blogsaverroes.juntadeandalucia.es\/cepermediterraneoadra\/wp-json\/wp\/v2\/posts\/3211\/revisions"}],"predecessor-version":[{"id":3213,"href":"https:\/\/blogsaverroes.juntadeandalucia.es\/cepermediterraneoadra\/wp-json\/wp\/v2\/posts\/3211\/revisions\/3213"}],"wp:attachment":[{"href":"https:\/\/blogsaverroes.juntadeandalucia.es\/cepermediterraneoadra\/wp-json\/wp\/v2\/media?parent=3211"}],"wp:term":[{"taxonomy":"category","embeddable":true,"href":"https:\/\/blogsaverroes.juntadeandalucia.es\/cepermediterraneoadra\/wp-json\/wp\/v2\/categories?post=3211"},{"taxonomy":"post_tag","embeddable":true,"href":"https:\/\/blogsaverroes.juntadeandalucia.es\/cepermediterraneoadra\/wp-json\/wp\/v2\/tags?post=3211"}],"curies":[{"name":"wp","href":"https:\/\/api.w.org\/{rel}","templated":true}]}}