{"id":3232,"date":"2025-04-11T21:07:43","date_gmt":"2025-04-11T21:07:43","guid":{"rendered":"https:\/\/blogsaverroes.juntadeandalucia.es\/cepermediterraneoadra\/?p=3232"},"modified":"2025-04-21T09:52:23","modified_gmt":"2025-04-21T09:52:23","slug":"jardin-botanico-el-albardinal","status":"publish","type":"post","link":"https:\/\/blogsaverroes.juntadeandalucia.es\/cepermediterraneoadra\/jardin-botanico-el-albardinal\/","title":{"rendered":"Jard\u00edn Bot\u00e1nico El Albardinal"},"content":{"rendered":"<p style=\"text-align: justify\">El <strong>Jard\u00edn Bot\u00e1nico El Albardinal<\/strong> se encuentra en el antiguo pueblo minero de <strong>Rodalquila<\/strong>r, dentro del Parque Natural Cabo de Gata-N\u00edjar, y debe su nombre a una planta frecuente en la zona: el albard\u00edn, similar al esparto y perfectamente adaptada a las duras condiciones de sequ\u00eda y elevada salinidad frecuentes en estos suelos.<\/p>\n<p style=\"text-align: justify\">Durante el recorrido, nuestros alumnos y alumnas han podido conocer la flora y vegetaci\u00f3n del<strong> Sector Biogeogr\u00e1fico Almeriense<\/strong>, estando representadas desde especies amenazadas y exclusivas de la sierra volc\u00e1nica de Cabo de Gata, los subdesiertos de Tabernas, los yesos de Sorbas o la flora litoral, pasando por otras for\u00e1neas que se han adaptado a las condiciones del medio.<\/p>\n<p style=\"text-align: justify\">Este mosaico de paisajes que recoge el jard\u00edn nos recuerda la importancia que ha tenido el uso tradicional del territorio en la conservaci\u00f3n de este fr\u00e1gil medio natural.<\/p>\n<div style=\"width: 1920px;\" class=\"wp-video\"><!--[if lt IE 9]><script>document.createElement('video');<\/script><![endif]-->\n<video class=\"wp-video-shortcode\" id=\"video-3232-1\" width=\"1920\" height=\"1080\" preload=\"metadata\" controls=\"controls\"><source type=\"video\/mp4\" src=\"https:\/\/blogsaverroes.juntadeandalucia.es\/cepermediterraneoadra\/files\/2025\/04\/RODALQUILAR-.mp4?_=1\" \/><a href=\"https:\/\/blogsaverroes.juntadeandalucia.es\/cepermediterraneoadra\/files\/2025\/04\/RODALQUILAR-.mp4\">https:\/\/blogsaverroes.juntadeandalucia.es\/cepermediterraneoadra\/files\/2025\/04\/RODALQUILAR-.mp4<\/a><\/video><\/div>\n","protected":false},"excerpt":{"rendered":"<p>El Jard\u00edn Bot\u00e1nico El Albardinal se encuentra en el antiguo pueblo minero de Rodalquilar, dentro del Parque Natural Cabo de Gata-N\u00edjar, y debe su nombre a una planta frecuente en la zona: el albard\u00edn,&#46;&#46;&#46;<\/p>\n","protected":false},"author":11626,"featured_media":0,"comment_status":"open","ping_status":"open","sticky":false,"template":"","format":"standard","meta":{"ngg_post_thumbnail":0,"footnotes":""},"categories":[26636],"tags":[],"aioseo_notices":[],"_links":{"self":[{"href":"https:\/\/blogsaverroes.juntadeandalucia.es\/cepermediterraneoadra\/wp-json\/wp\/v2\/posts\/3232"}],"collection":[{"href":"https:\/\/blogsaverroes.juntadeandalucia.es\/cepermediterraneoadra\/wp-json\/wp\/v2\/posts"}],"about":[{"href":"https:\/\/blogsaverroes.juntadeandalucia.es\/cepermediterraneoadra\/wp-json\/wp\/v2\/types\/post"}],"author":[{"embeddable":true,"href":"https:\/\/blogsaverroes.juntadeandalucia.es\/cepermediterraneoadra\/wp-json\/wp\/v2\/users\/11626"}],"replies":[{"embeddable":true,"href":"https:\/\/blogsaverroes.juntadeandalucia.es\/cepermediterraneoadra\/wp-json\/wp\/v2\/comments?post=3232"}],"version-history":[{"count":4,"href":"https:\/\/blogsaverroes.juntadeandalucia.es\/cepermediterraneoadra\/wp-json\/wp\/v2\/posts\/3232\/revisions"}],"predecessor-version":[{"id":3242,"href":"https:\/\/blogsaverroes.juntadeandalucia.es\/cepermediterraneoadra\/wp-json\/wp\/v2\/posts\/3232\/revisions\/3242"}],"wp:attachment":[{"href":"https:\/\/blogsaverroes.juntadeandalucia.es\/cepermediterraneoadra\/wp-json\/wp\/v2\/media?parent=3232"}],"wp:term":[{"taxonomy":"category","embeddable":true,"href":"https:\/\/blogsaverroes.juntadeandalucia.es\/cepermediterraneoadra\/wp-json\/wp\/v2\/categories?post=3232"},{"taxonomy":"post_tag","embeddable":true,"href":"https:\/\/blogsaverroes.juntadeandalucia.es\/cepermediterraneoadra\/wp-json\/wp\/v2\/tags?post=3232"}],"curies":[{"name":"wp","href":"https:\/\/api.w.org\/{rel}","templated":true}]}}