{"id":3304,"date":"2026-04-27T15:14:28","date_gmt":"2026-04-27T15:14:28","guid":{"rendered":"https:\/\/blogsaverroes.juntadeandalucia.es\/cepermediterraneoadra\/?p=3304"},"modified":"2026-04-27T15:14:28","modified_gmt":"2026-04-27T15:14:28","slug":"dia-del-libro-i-presentacion","status":"publish","type":"post","link":"https:\/\/blogsaverroes.juntadeandalucia.es\/cepermediterraneoadra\/dia-del-libro-i-presentacion\/","title":{"rendered":"D\u00eda del Libro (I): Presentaci\u00f3n"},"content":{"rendered":"<p data-start=\"142\" data-end=\"332\">Con motivo del D\u00eda del Libro, se presenta <strong><em data-start=\"211\" data-end=\"242\" data-is-only-node=\"\">Las mujeres y la Guerra Civil<\/em> de <span class=\"hover:entity-accent entity-underline inline cursor-pointer align-baseline\"><span class=\"whitespace-normal\">Ana Mar\u00eda Callej\u00f3n<\/span><\/span><\/strong>, fomentando la reflexi\u00f3n hist\u00f3rica y la lectura.<\/p>\n<p data-start=\"334\" data-end=\"517\" data-is-last-node=\"\" data-is-only-node=\"\"><a href=\"https:\/\/blogsaverroes.juntadeandalucia.es\/cepermediterraneoadra\/files\/2026\/04\/IMG_0986.jpeg\"><img loading=\"lazy\" decoding=\"async\" class=\"alignnone  wp-image-3305\" src=\"https:\/\/blogsaverroes.juntadeandalucia.es\/cepermediterraneoadra\/files\/2026\/04\/IMG_0986.jpeg\" alt=\"\" width=\"548\" height=\"411\" srcset=\"https:\/\/blogsaverroes.juntadeandalucia.es\/cepermediterraneoadra\/files\/2026\/04\/IMG_0986.jpeg 1600w, https:\/\/blogsaverroes.juntadeandalucia.es\/cepermediterraneoadra\/files\/2026\/04\/IMG_0986-300x225.jpeg 300w, https:\/\/blogsaverroes.juntadeandalucia.es\/cepermediterraneoadra\/files\/2026\/04\/IMG_0986-1024x768.jpeg 1024w, https:\/\/blogsaverroes.juntadeandalucia.es\/cepermediterraneoadra\/files\/2026\/04\/IMG_0986-768x576.jpeg 768w, https:\/\/blogsaverroes.juntadeandalucia.es\/cepermediterraneoadra\/files\/2026\/04\/IMG_0986-1536x1152.jpeg 1536w, https:\/\/blogsaverroes.juntadeandalucia.es\/cepermediterraneoadra\/files\/2026\/04\/IMG_0986-2048x1536.jpeg 2048w\" sizes=\"(max-width: 548px) 100vw, 548px\" \/><\/a> <a href=\"https:\/\/blogsaverroes.juntadeandalucia.es\/cepermediterraneoadra\/files\/2026\/04\/IMG_0987.jpeg\"><img loading=\"lazy\" decoding=\"async\" class=\"alignnone  wp-image-3306\" src=\"https:\/\/blogsaverroes.juntadeandalucia.es\/cepermediterraneoadra\/files\/2026\/04\/IMG_0987.jpeg\" alt=\"\" width=\"545\" height=\"409\" srcset=\"https:\/\/blogsaverroes.juntadeandalucia.es\/cepermediterraneoadra\/files\/2026\/04\/IMG_0987.jpeg 4032w, https:\/\/blogsaverroes.juntadeandalucia.es\/cepermediterraneoadra\/files\/2026\/04\/IMG_0987-300x225.jpeg 300w, https:\/\/blogsaverroes.juntadeandalucia.es\/cepermediterraneoadra\/files\/2026\/04\/IMG_0987-1024x768.jpeg 1024w, https:\/\/blogsaverroes.juntadeandalucia.es\/cepermediterraneoadra\/files\/2026\/04\/IMG_0987-768x576.jpeg 768w, https:\/\/blogsaverroes.juntadeandalucia.es\/cepermediterraneoadra\/files\/2026\/04\/IMG_0987-1536x1152.jpeg 1536w, https:\/\/blogsaverroes.juntadeandalucia.es\/cepermediterraneoadra\/files\/2026\/04\/IMG_0987-2048x1536.jpeg 2048w\" sizes=\"(max-width: 545px) 100vw, 545px\" \/><\/a><\/p>\n","protected":false},"excerpt":{"rendered":"<p>Con motivo del D\u00eda del Libro, se presenta Las mujeres y la Guerra Civil de Ana Mar\u00eda Callej\u00f3n, fomentando la reflexi\u00f3n hist\u00f3rica y la lectura.<\/p>\n","protected":false},"author":11626,"featured_media":0,"comment_status":"open","ping_status":"open","sticky":false,"template":"","format":"standard","meta":{"ngg_post_thumbnail":0,"footnotes":""},"categories":[26636],"tags":[],"aioseo_notices":[],"_links":{"self":[{"href":"https:\/\/blogsaverroes.juntadeandalucia.es\/cepermediterraneoadra\/wp-json\/wp\/v2\/posts\/3304"}],"collection":[{"href":"https:\/\/blogsaverroes.juntadeandalucia.es\/cepermediterraneoadra\/wp-json\/wp\/v2\/posts"}],"about":[{"href":"https:\/\/blogsaverroes.juntadeandalucia.es\/cepermediterraneoadra\/wp-json\/wp\/v2\/types\/post"}],"author":[{"embeddable":true,"href":"https:\/\/blogsaverroes.juntadeandalucia.es\/cepermediterraneoadra\/wp-json\/wp\/v2\/users\/11626"}],"replies":[{"embeddable":true,"href":"https:\/\/blogsaverroes.juntadeandalucia.es\/cepermediterraneoadra\/wp-json\/wp\/v2\/comments?post=3304"}],"version-history":[{"count":1,"href":"https:\/\/blogsaverroes.juntadeandalucia.es\/cepermediterraneoadra\/wp-json\/wp\/v2\/posts\/3304\/revisions"}],"predecessor-version":[{"id":3307,"href":"https:\/\/blogsaverroes.juntadeandalucia.es\/cepermediterraneoadra\/wp-json\/wp\/v2\/posts\/3304\/revisions\/3307"}],"wp:attachment":[{"href":"https:\/\/blogsaverroes.juntadeandalucia.es\/cepermediterraneoadra\/wp-json\/wp\/v2\/media?parent=3304"}],"wp:term":[{"taxonomy":"category","embeddable":true,"href":"https:\/\/blogsaverroes.juntadeandalucia.es\/cepermediterraneoadra\/wp-json\/wp\/v2\/categories?post=3304"},{"taxonomy":"post_tag","embeddable":true,"href":"https:\/\/blogsaverroes.juntadeandalucia.es\/cepermediterraneoadra\/wp-json\/wp\/v2\/tags?post=3304"}],"curies":[{"name":"wp","href":"https:\/\/api.w.org\/{rel}","templated":true}]}}