{"id":4113,"date":"2021-04-14T12:02:11","date_gmt":"2021-04-14T12:02:11","guid":{"rendered":"https:\/\/blogsaverroes.juntadeandalucia.es\/cepermiguelhernandezgilabert\/?p=4113"},"modified":"2021-05-01T21:33:21","modified_gmt":"2021-05-01T21:33:21","slug":"dia-del-libro-2","status":"publish","type":"post","link":"https:\/\/blogsaverroes.juntadeandalucia.es\/cepermiguelhernandezgilabert\/dia-del-libro-2\/","title":{"rendered":"D\u00cdA DEL LIBRO"},"content":{"rendered":"<p><a href=\"https:\/\/blogsaverroes.juntadeandalucia.es\/cepermiguelhernandezgilabert\/files\/2021\/04\/dia-del-libro-2.jpg\"><img fetchpriority=\"high\" decoding=\"async\" class=\"alignnone size-medium wp-image-4121\" src=\"https:\/\/blogsaverroes.juntadeandalucia.es\/cepermiguelhernandezgilabert\/files\/2021\/04\/dia-del-libro-2-300x251.jpg\" alt=\"\" width=\"300\" height=\"251\" srcset=\"https:\/\/blogsaverroes.juntadeandalucia.es\/cepermiguelhernandezgilabert\/files\/2021\/04\/dia-del-libro-2-300x251.jpg 300w, https:\/\/blogsaverroes.juntadeandalucia.es\/cepermiguelhernandezgilabert\/files\/2021\/04\/dia-del-libro-2-1024x856.jpg 1024w, https:\/\/blogsaverroes.juntadeandalucia.es\/cepermiguelhernandezgilabert\/files\/2021\/04\/dia-del-libro-2-768x642.jpg 768w, https:\/\/blogsaverroes.juntadeandalucia.es\/cepermiguelhernandezgilabert\/files\/2021\/04\/dia-del-libro-2-1536x1284.jpg 1536w, https:\/\/blogsaverroes.juntadeandalucia.es\/cepermiguelhernandezgilabert\/files\/2021\/04\/dia-del-libro-2.jpg 1600w\" sizes=\"(max-width: 300px) 100vw, 300px\" \/>&nbsp;<\/a><a href=\"https:\/\/blogsaverroes.juntadeandalucia.es\/cepermiguelhernandezgilabert\/files\/2021\/04\/Cristina-leyendo.jpg\"><img decoding=\"async\" class=\"alignnone size-medium wp-image-4123\" src=\"https:\/\/blogsaverroes.juntadeandalucia.es\/cepermiguelhernandezgilabert\/files\/2021\/04\/Cristina-leyendo-276x300.jpg\" alt=\"\" width=\"276\" height=\"300\" srcset=\"https:\/\/blogsaverroes.juntadeandalucia.es\/cepermiguelhernandezgilabert\/files\/2021\/04\/Cristina-leyendo-276x300.jpg 276w, https:\/\/blogsaverroes.juntadeandalucia.es\/cepermiguelhernandezgilabert\/files\/2021\/04\/Cristina-leyendo-942x1024.jpg 942w, https:\/\/blogsaverroes.juntadeandalucia.es\/cepermiguelhernandezgilabert\/files\/2021\/04\/Cristina-leyendo-768x835.jpg 768w, https:\/\/blogsaverroes.juntadeandalucia.es\/cepermiguelhernandezgilabert\/files\/2021\/04\/Cristina-leyendo-1413x1536.jpg 1413w, https:\/\/blogsaverroes.juntadeandalucia.es\/cepermiguelhernandezgilabert\/files\/2021\/04\/Cristina-leyendo.jpg 1472w\" sizes=\"(max-width: 276px) 100vw, 276px\" \/><\/a><a href=\"https:\/\/blogsaverroes.juntadeandalucia.es\/cepermiguelhernandezgilabert\/files\/2021\/04\/Domingo-leyendo.jpg\"><img decoding=\"async\" class=\"alignnone size-medium wp-image-4122\" src=\"https:\/\/blogsaverroes.juntadeandalucia.es\/cepermiguelhernandezgilabert\/files\/2021\/04\/Domingo-leyendo-224x300.jpg\" alt=\"\" width=\"224\" height=\"300\" srcset=\"https:\/\/blogsaverroes.juntadeandalucia.es\/cepermiguelhernandezgilabert\/files\/2021\/04\/Domingo-leyendo-224x300.jpg 224w, https:\/\/blogsaverroes.juntadeandalucia.es\/cepermiguelhernandezgilabert\/files\/2021\/04\/Domingo-leyendo-765x1024.jpg 765w, https:\/\/blogsaverroes.juntadeandalucia.es\/cepermiguelhernandezgilabert\/files\/2021\/04\/Domingo-leyendo-768x1028.jpg 768w, https:\/\/blogsaverroes.juntadeandalucia.es\/cepermiguelhernandezgilabert\/files\/2021\/04\/Domingo-leyendo-300x400.jpg 300w, https:\/\/blogsaverroes.juntadeandalucia.es\/cepermiguelhernandezgilabert\/files\/2021\/04\/Domingo-leyendo-1148x1536.jpg 1148w, https:\/\/blogsaverroes.juntadeandalucia.es\/cepermiguelhernandezgilabert\/files\/2021\/04\/Domingo-leyendo.jpg 1195w\" sizes=\"(max-width: 224px) 100vw, 224px\" \/><\/a><\/p>\n<p>Celebramos&nbsp; &#8220;EL D\u00cdA DEL LIBRO&#8221; .<em><strong><span style=\"color: #ff0000\"> Leemos para abrir una ventana a la libertad.&nbsp; &nbsp; <a href=\"https:\/\/blogsaverroes.juntadeandalucia.es\/cepermiguelhernandezgilabert\/files\/2021\/03\/bibliotecagif.gif\"><img loading=\"lazy\" decoding=\"async\" class=\"alignnone size-full wp-image-4031\" src=\"https:\/\/blogsaverroes.juntadeandalucia.es\/cepermiguelhernandezgilabert\/files\/2021\/03\/bibliotecagif.gif\" alt=\"\" width=\"120\" height=\"120\" srcset=\"https:\/\/blogsaverroes.juntadeandalucia.es\/cepermiguelhernandezgilabert\/files\/2021\/03\/bibliotecagif.gif 120w, https:\/\/blogsaverroes.juntadeandalucia.es\/cepermiguelhernandezgilabert\/files\/2021\/03\/bibliotecagif-80x80.gif 80w\" sizes=\"(max-width: 120px) 100vw, 120px\" \/><\/a><\/span><\/strong><\/em><\/p>\n<p><span style=\"color: #333399\"><strong>CONCURSO DE MARCAP\u00c1GINAS<\/strong><\/span><\/p>\n<p>&nbsp;<\/p>\n<p>&nbsp;<\/p>\n<p><span style=\"color: #008080\"><strong>&nbsp; &nbsp;Se ha convocado un concurso de marcap\u00e1ginas. Ha habido una buena participaci\u00f3n y hemos elegido dos ganadores. Se ha editado un solo marcap\u00e1ginas&nbsp; y se han repartido entre todo el alumnado, as\u00ed como entre todo el profesorado.<\/strong><\/span><\/p>\n<p><span style=\"color: #008080\"><strong>&nbsp; &nbsp; &nbsp; El premio ha consistido en un lote de material escolar.<\/strong><\/span><\/p>\n<p><a href=\"https:\/\/blogsaverroes.juntadeandalucia.es\/cepermiguelhernandezgilabert\/files\/2021\/04\/20210421_112719_HDR-rotated.jpg\"><img loading=\"lazy\" decoding=\"async\" class=\"alignnone size-medium wp-image-4142\" src=\"https:\/\/blogsaverroes.juntadeandalucia.es\/cepermiguelhernandezgilabert\/files\/2021\/04\/20210421_112719_HDR-300x225.jpg\" alt=\"\" width=\"300\" height=\"225\" srcset=\"https:\/\/blogsaverroes.juntadeandalucia.es\/cepermiguelhernandezgilabert\/files\/2021\/04\/20210421_112719_HDR-300x225.jpg 300w, https:\/\/blogsaverroes.juntadeandalucia.es\/cepermiguelhernandezgilabert\/files\/2021\/04\/20210421_112719_HDR-1024x768.jpg 1024w, https:\/\/blogsaverroes.juntadeandalucia.es\/cepermiguelhernandezgilabert\/files\/2021\/04\/20210421_112719_HDR-768x576.jpg 768w, https:\/\/blogsaverroes.juntadeandalucia.es\/cepermiguelhernandezgilabert\/files\/2021\/04\/20210421_112719_HDR-1536x1152.jpg 1536w, https:\/\/blogsaverroes.juntadeandalucia.es\/cepermiguelhernandezgilabert\/files\/2021\/04\/20210421_112719_HDR-2048x1536.jpg 2048w, https:\/\/blogsaverroes.juntadeandalucia.es\/cepermiguelhernandezgilabert\/files\/2021\/04\/20210421_112719_HDR-rotated.jpg 1600w\" sizes=\"(max-width: 300px) 100vw, 300px\" \/><\/a><a href=\"https:\/\/blogsaverroes.juntadeandalucia.es\/cepermiguelhernandezgilabert\/files\/2021\/04\/20210421_112744_HDR-rotated.jpg\"><img loading=\"lazy\" decoding=\"async\" class=\"alignnone size-medium wp-image-4143\" src=\"https:\/\/blogsaverroes.juntadeandalucia.es\/cepermiguelhernandezgilabert\/files\/2021\/04\/20210421_112744_HDR-225x300.jpg\" alt=\"\" width=\"225\" height=\"300\" srcset=\"https:\/\/blogsaverroes.juntadeandalucia.es\/cepermiguelhernandezgilabert\/files\/2021\/04\/20210421_112744_HDR-225x300.jpg 225w, https:\/\/blogsaverroes.juntadeandalucia.es\/cepermiguelhernandezgilabert\/files\/2021\/04\/20210421_112744_HDR-768x1024.jpg 768w, https:\/\/blogsaverroes.juntadeandalucia.es\/cepermiguelhernandezgilabert\/files\/2021\/04\/20210421_112744_HDR-300x400.jpg 300w, https:\/\/blogsaverroes.juntadeandalucia.es\/cepermiguelhernandezgilabert\/files\/2021\/04\/20210421_112744_HDR-1152x1536.jpg 1152w, https:\/\/blogsaverroes.juntadeandalucia.es\/cepermiguelhernandezgilabert\/files\/2021\/04\/20210421_112744_HDR-1536x2048.jpg 1536w, https:\/\/blogsaverroes.juntadeandalucia.es\/cepermiguelhernandezgilabert\/files\/2021\/04\/20210421_112744_HDR-rotated.jpg 1200w\" sizes=\"(max-width: 225px) 100vw, 225px\" \/><\/a><a href=\"https:\/\/blogsaverroes.juntadeandalucia.es\/cepermiguelhernandezgilabert\/files\/2021\/04\/20210421_112819_HDR-rotated.jpg\"><img loading=\"lazy\" decoding=\"async\" class=\"alignnone size-medium wp-image-4149\" src=\"https:\/\/blogsaverroes.juntadeandalucia.es\/cepermiguelhernandezgilabert\/files\/2021\/04\/20210421_112819_HDR-225x300.jpg\" alt=\"\" width=\"225\" height=\"300\" srcset=\"https:\/\/blogsaverroes.juntadeandalucia.es\/cepermiguelhernandezgilabert\/files\/2021\/04\/20210421_112819_HDR-225x300.jpg 225w, https:\/\/blogsaverroes.juntadeandalucia.es\/cepermiguelhernandezgilabert\/files\/2021\/04\/20210421_112819_HDR-768x1024.jpg 768w, https:\/\/blogsaverroes.juntadeandalucia.es\/cepermiguelhernandezgilabert\/files\/2021\/04\/20210421_112819_HDR-300x400.jpg 300w, https:\/\/blogsaverroes.juntadeandalucia.es\/cepermiguelhernandezgilabert\/files\/2021\/04\/20210421_112819_HDR-1152x1536.jpg 1152w, https:\/\/blogsaverroes.juntadeandalucia.es\/cepermiguelhernandezgilabert\/files\/2021\/04\/20210421_112819_HDR-1536x2048.jpg 1536w, https:\/\/blogsaverroes.juntadeandalucia.es\/cepermiguelhernandezgilabert\/files\/2021\/04\/20210421_112819_HDR-rotated.jpg 1200w\" sizes=\"(max-width: 225px) 100vw, 225px\" \/><\/a><a href=\"https:\/\/blogsaverroes.juntadeandalucia.es\/cepermiguelhernandezgilabert\/files\/2021\/04\/20210421_112759_HDR-rotated.jpg\"><img loading=\"lazy\" decoding=\"async\" class=\"alignnone size-medium wp-image-4148\" src=\"https:\/\/blogsaverroes.juntadeandalucia.es\/cepermiguelhernandezgilabert\/files\/2021\/04\/20210421_112759_HDR-225x300.jpg\" alt=\"\" width=\"225\" height=\"300\" srcset=\"https:\/\/blogsaverroes.juntadeandalucia.es\/cepermiguelhernandezgilabert\/files\/2021\/04\/20210421_112759_HDR-225x300.jpg 225w, https:\/\/blogsaverroes.juntadeandalucia.es\/cepermiguelhernandezgilabert\/files\/2021\/04\/20210421_112759_HDR-768x1024.jpg 768w, https:\/\/blogsaverroes.juntadeandalucia.es\/cepermiguelhernandezgilabert\/files\/2021\/04\/20210421_112759_HDR-300x400.jpg 300w, https:\/\/blogsaverroes.juntadeandalucia.es\/cepermiguelhernandezgilabert\/files\/2021\/04\/20210421_112759_HDR-1152x1536.jpg 1152w, https:\/\/blogsaverroes.juntadeandalucia.es\/cepermiguelhernandezgilabert\/files\/2021\/04\/20210421_112759_HDR-1536x2048.jpg 1536w, https:\/\/blogsaverroes.juntadeandalucia.es\/cepermiguelhernandezgilabert\/files\/2021\/04\/20210421_112759_HDR-rotated.jpg 1200w\" sizes=\"(max-width: 225px) 100vw, 225px\" \/><\/a><a href=\"https:\/\/blogsaverroes.juntadeandalucia.es\/cepermiguelhernandezgilabert\/files\/2021\/04\/20210421_112723_HDR-rotated.jpg\"><img loading=\"lazy\" decoding=\"async\" class=\"alignnone size-medium wp-image-4144\" src=\"https:\/\/blogsaverroes.juntadeandalucia.es\/cepermiguelhernandezgilabert\/files\/2021\/04\/20210421_112723_HDR-300x225.jpg\" alt=\"\" width=\"300\" height=\"225\" srcset=\"https:\/\/blogsaverroes.juntadeandalucia.es\/cepermiguelhernandezgilabert\/files\/2021\/04\/20210421_112723_HDR-300x225.jpg 300w, https:\/\/blogsaverroes.juntadeandalucia.es\/cepermiguelhernandezgilabert\/files\/2021\/04\/20210421_112723_HDR-1024x768.jpg 1024w, https:\/\/blogsaverroes.juntadeandalucia.es\/cepermiguelhernandezgilabert\/files\/2021\/04\/20210421_112723_HDR-768x576.jpg 768w, https:\/\/blogsaverroes.juntadeandalucia.es\/cepermiguelhernandezgilabert\/files\/2021\/04\/20210421_112723_HDR-1536x1152.jpg 1536w, https:\/\/blogsaverroes.juntadeandalucia.es\/cepermiguelhernandezgilabert\/files\/2021\/04\/20210421_112723_HDR-2048x1536.jpg 2048w, https:\/\/blogsaverroes.juntadeandalucia.es\/cepermiguelhernandezgilabert\/files\/2021\/04\/20210421_112723_HDR-rotated.jpg 1600w\" sizes=\"(max-width: 300px) 100vw, 300px\" \/><\/a><a href=\"https:\/\/blogsaverroes.juntadeandalucia.es\/cepermiguelhernandezgilabert\/files\/2021\/04\/FOT\u00cdSIMA-rotated.jpg\"><img loading=\"lazy\" decoding=\"async\" class=\"alignnone size-medium wp-image-4151\" src=\"https:\/\/blogsaverroes.juntadeandalucia.es\/cepermiguelhernandezgilabert\/files\/2021\/04\/FOT\u00cdSIMA-225x300.jpg\" alt=\"\" width=\"225\" height=\"300\" srcset=\"https:\/\/blogsaverroes.juntadeandalucia.es\/cepermiguelhernandezgilabert\/files\/2021\/04\/FOT\u00cdSIMA-225x300.jpg 225w, https:\/\/blogsaverroes.juntadeandalucia.es\/cepermiguelhernandezgilabert\/files\/2021\/04\/FOT\u00cdSIMA-768x1024.jpg 768w, https:\/\/blogsaverroes.juntadeandalucia.es\/cepermiguelhernandezgilabert\/files\/2021\/04\/FOT\u00cdSIMA-300x400.jpg 300w, https:\/\/blogsaverroes.juntadeandalucia.es\/cepermiguelhernandezgilabert\/files\/2021\/04\/FOT\u00cdSIMA-1152x1536.jpg 1152w, https:\/\/blogsaverroes.juntadeandalucia.es\/cepermiguelhernandezgilabert\/files\/2021\/04\/FOT\u00cdSIMA-1536x2048.jpg 1536w, https:\/\/blogsaverroes.juntadeandalucia.es\/cepermiguelhernandezgilabert\/files\/2021\/04\/FOT\u00cdSIMA-rotated.jpg 1200w\" sizes=\"(max-width: 225px) 100vw, 225px\" \/><\/a><a href=\"https:\/\/blogsaverroes.juntadeandalucia.es\/cepermiguelhernandezgilabert\/files\/2021\/04\/20210421_112759_HDR-rotated.jpg\"><img loading=\"lazy\" decoding=\"async\" class=\"alignnone size-medium wp-image-4148\" src=\"https:\/\/blogsaverroes.juntadeandalucia.es\/cepermiguelhernandezgilabert\/files\/2021\/04\/20210421_112759_HDR-225x300.jpg\" alt=\"\" width=\"225\" height=\"300\" srcset=\"https:\/\/blogsaverroes.juntadeandalucia.es\/cepermiguelhernandezgilabert\/files\/2021\/04\/20210421_112759_HDR-225x300.jpg 225w, https:\/\/blogsaverroes.juntadeandalucia.es\/cepermiguelhernandezgilabert\/files\/2021\/04\/20210421_112759_HDR-768x1024.jpg 768w, https:\/\/blogsaverroes.juntadeandalucia.es\/cepermiguelhernandezgilabert\/files\/2021\/04\/20210421_112759_HDR-300x400.jpg 300w, https:\/\/blogsaverroes.juntadeandalucia.es\/cepermiguelhernandezgilabert\/files\/2021\/04\/20210421_112759_HDR-1152x1536.jpg 1152w, https:\/\/blogsaverroes.juntadeandalucia.es\/cepermiguelhernandezgilabert\/files\/2021\/04\/20210421_112759_HDR-1536x2048.jpg 1536w, https:\/\/blogsaverroes.juntadeandalucia.es\/cepermiguelhernandezgilabert\/files\/2021\/04\/20210421_112759_HDR-rotated.jpg 1200w\" sizes=\"(max-width: 225px) 100vw, 225px\" \/><\/a><a href=\"https:\/\/blogsaverroes.juntadeandalucia.es\/cepermiguelhernandezgilabert\/files\/2021\/04\/20210421_112757_HDR-rotated.jpg\"><img loading=\"lazy\" decoding=\"async\" class=\"alignnone size-medium wp-image-4147\" src=\"https:\/\/blogsaverroes.juntadeandalucia.es\/cepermiguelhernandezgilabert\/files\/2021\/04\/20210421_112757_HDR-225x300.jpg\" alt=\"\" width=\"225\" height=\"300\" srcset=\"https:\/\/blogsaverroes.juntadeandalucia.es\/cepermiguelhernandezgilabert\/files\/2021\/04\/20210421_112757_HDR-225x300.jpg 225w, https:\/\/blogsaverroes.juntadeandalucia.es\/cepermiguelhernandezgilabert\/files\/2021\/04\/20210421_112757_HDR-768x1024.jpg 768w, https:\/\/blogsaverroes.juntadeandalucia.es\/cepermiguelhernandezgilabert\/files\/2021\/04\/20210421_112757_HDR-300x400.jpg 300w, https:\/\/blogsaverroes.juntadeandalucia.es\/cepermiguelhernandezgilabert\/files\/2021\/04\/20210421_112757_HDR-1152x1536.jpg 1152w, https:\/\/blogsaverroes.juntadeandalucia.es\/cepermiguelhernandezgilabert\/files\/2021\/04\/20210421_112757_HDR-1536x2048.jpg 1536w, https:\/\/blogsaverroes.juntadeandalucia.es\/cepermiguelhernandezgilabert\/files\/2021\/04\/20210421_112757_HDR-rotated.jpg 1200w\" sizes=\"(max-width: 225px) 100vw, 225px\" \/><\/a><a href=\"https:\/\/blogsaverroes.juntadeandalucia.es\/cepermiguelhernandezgilabert\/files\/2021\/04\/20210422_093605_HDR-rotated.jpg\"><img loading=\"lazy\" decoding=\"async\" class=\"alignnone size-medium wp-image-4156\" src=\"https:\/\/blogsaverroes.juntadeandalucia.es\/cepermiguelhernandezgilabert\/files\/2021\/04\/20210422_093605_HDR-225x300.jpg\" alt=\"\" width=\"225\" height=\"300\" srcset=\"https:\/\/blogsaverroes.juntadeandalucia.es\/cepermiguelhernandezgilabert\/files\/2021\/04\/20210422_093605_HDR-225x300.jpg 225w, https:\/\/blogsaverroes.juntadeandalucia.es\/cepermiguelhernandezgilabert\/files\/2021\/04\/20210422_093605_HDR-768x1024.jpg 768w, https:\/\/blogsaverroes.juntadeandalucia.es\/cepermiguelhernandezgilabert\/files\/2021\/04\/20210422_093605_HDR-300x400.jpg 300w, https:\/\/blogsaverroes.juntadeandalucia.es\/cepermiguelhernandezgilabert\/files\/2021\/04\/20210422_093605_HDR-1152x1536.jpg 1152w, https:\/\/blogsaverroes.juntadeandalucia.es\/cepermiguelhernandezgilabert\/files\/2021\/04\/20210422_093605_HDR-1536x2048.jpg 1536w, https:\/\/blogsaverroes.juntadeandalucia.es\/cepermiguelhernandezgilabert\/files\/2021\/04\/20210422_093605_HDR-rotated.jpg 1200w\" sizes=\"(max-width: 225px) 100vw, 225px\" \/>lote escolar<\/a><\/p>\n","protected":false},"excerpt":{"rendered":"<p>&nbsp; Celebramos&nbsp; &#8220;EL D\u00cdA DEL LIBRO&#8221; . Leemos para abrir una ventana a la libertad.&nbsp; &nbsp; CONCURSO DE MARCAP\u00c1GINAS &nbsp; &nbsp; &nbsp; &nbsp;Se ha convocado un concurso de marcap\u00e1ginas. Ha habido una buena participaci\u00f3n&#46;&#46;&#46;<\/p>\n","protected":false},"author":11727,"featured_media":0,"comment_status":"open","ping_status":"open","sticky":false,"template":"","format":"standard","meta":{"ngg_post_thumbnail":0,"footnotes":""},"categories":[11909],"tags":[],"aioseo_notices":[],"post_mailing_queue_ids":[],"_links":{"self":[{"href":"https:\/\/blogsaverroes.juntadeandalucia.es\/cepermiguelhernandezgilabert\/wp-json\/wp\/v2\/posts\/4113"}],"collection":[{"href":"https:\/\/blogsaverroes.juntadeandalucia.es\/cepermiguelhernandezgilabert\/wp-json\/wp\/v2\/posts"}],"about":[{"href":"https:\/\/blogsaverroes.juntadeandalucia.es\/cepermiguelhernandezgilabert\/wp-json\/wp\/v2\/types\/post"}],"author":[{"embeddable":true,"href":"https:\/\/blogsaverroes.juntadeandalucia.es\/cepermiguelhernandezgilabert\/wp-json\/wp\/v2\/users\/11727"}],"replies":[{"embeddable":true,"href":"https:\/\/blogsaverroes.juntadeandalucia.es\/cepermiguelhernandezgilabert\/wp-json\/wp\/v2\/comments?post=4113"}],"version-history":[{"count":14,"href":"https:\/\/blogsaverroes.juntadeandalucia.es\/cepermiguelhernandezgilabert\/wp-json\/wp\/v2\/posts\/4113\/revisions"}],"predecessor-version":[{"id":4158,"href":"https:\/\/blogsaverroes.juntadeandalucia.es\/cepermiguelhernandezgilabert\/wp-json\/wp\/v2\/posts\/4113\/revisions\/4158"}],"wp:attachment":[{"href":"https:\/\/blogsaverroes.juntadeandalucia.es\/cepermiguelhernandezgilabert\/wp-json\/wp\/v2\/media?parent=4113"}],"wp:term":[{"taxonomy":"category","embeddable":true,"href":"https:\/\/blogsaverroes.juntadeandalucia.es\/cepermiguelhernandezgilabert\/wp-json\/wp\/v2\/categories?post=4113"},{"taxonomy":"post_tag","embeddable":true,"href":"https:\/\/blogsaverroes.juntadeandalucia.es\/cepermiguelhernandezgilabert\/wp-json\/wp\/v2\/tags?post=4113"}],"curies":[{"name":"wp","href":"https:\/\/api.w.org\/{rel}","templated":true}]}}