{"id":1469,"date":"2020-12-28T16:04:18","date_gmt":"2020-12-28T16:04:18","guid":{"rendered":"https:\/\/blogsaverroes.juntadeandalucia.es\/cepermontilla\/?p=1469"},"modified":"2020-12-28T16:07:55","modified_gmt":"2020-12-28T16:07:55","slug":"1469","status":"publish","type":"post","link":"https:\/\/blogsaverroes.juntadeandalucia.es\/cepermontilla\/2020\/12\/28\/1469\/","title":{"rendered":"D\u00cdA DE LA CONSTITUCI\u00d3N"},"content":{"rendered":"<p style=\"text-align: center\"><strong>El d\u00eda 6 de diciembre celebramos el cumplea\u00f1os de la Constituci\u00f3n Espa\u00f1ola.<\/strong><\/p>\n<p>Nuestra tarea grupal consisti\u00f3 en la creaci\u00f3n de un mural en el que quedaban recogidos los S\u00edmbolos de la Naci\u00f3n (himno, escudo y bandera), la relaci\u00f3n del Estado con los poderes (legislativo, ejecutivo y judicial), sus funciones e instituciones y se ex<img loading=\"lazy\" decoding=\"async\" class=\"size-medium wp-image-1472 alignright\" src=\"https:\/\/blogsaverroes.juntadeandalucia.es\/cepermontilla\/files\/2020\/12\/IMG-20201209-WA0017-169x300.jpeg\" alt=\"\" width=\"169\" height=\"300\" srcset=\"https:\/\/blogsaverroes.juntadeandalucia.es\/cepermontilla\/files\/2020\/12\/IMG-20201209-WA0017-169x300.jpeg 169w, https:\/\/blogsaverroes.juntadeandalucia.es\/cepermontilla\/files\/2020\/12\/IMG-20201209-WA0017-576x1024.jpeg 576w, https:\/\/blogsaverroes.juntadeandalucia.es\/cepermontilla\/files\/2020\/12\/IMG-20201209-WA0017-768x1365.jpeg 768w, https:\/\/blogsaverroes.juntadeandalucia.es\/cepermontilla\/files\/2020\/12\/IMG-20201209-WA0017-864x1536.jpeg 864w, https:\/\/blogsaverroes.juntadeandalucia.es\/cepermontilla\/files\/2020\/12\/IMG-20201209-WA0017-1152x2048.jpeg 1152w, https:\/\/blogsaverroes.juntadeandalucia.es\/cepermontilla\/files\/2020\/12\/IMG-20201209-WA0017-14x24.jpeg 14w, https:\/\/blogsaverroes.juntadeandalucia.es\/cepermontilla\/files\/2020\/12\/IMG-20201209-WA0017-20x36.jpeg 20w, https:\/\/blogsaverroes.juntadeandalucia.es\/cepermontilla\/files\/2020\/12\/IMG-20201209-WA0017-27x48.jpeg 27w, https:\/\/blogsaverroes.juntadeandalucia.es\/cepermontilla\/files\/2020\/12\/IMG-20201209-WA0017-scaled.jpeg 900w\" sizes=\"(max-width: 169px) 100vw, 169px\" \/>plican los principales derechos.<\/p>\n<p>A nivel individual llevamos a cabo la Unidad Did\u00e1ctica\u00a0 \u00bb Viaje al centro de la Constituci\u00f3n Espa\u00f1ola\u00bb. Audici\u00f3n del himno e izada de las banderas.<\/p>\n<p><img loading=\"lazy\" decoding=\"async\" class=\"size-medium wp-image-1474 alignleft\" src=\"https:\/\/blogsaverroes.juntadeandalucia.es\/cepermontilla\/files\/2020\/12\/banderas-300x169.jpeg\" alt=\"\" width=\"300\" height=\"169\" srcset=\"https:\/\/blogsaverroes.juntadeandalucia.es\/cepermontilla\/files\/2020\/12\/banderas-300x169.jpeg 300w, https:\/\/blogsaverroes.juntadeandalucia.es\/cepermontilla\/files\/2020\/12\/banderas-1024x576.jpeg 1024w, https:\/\/blogsaverroes.juntadeandalucia.es\/cepermontilla\/files\/2020\/12\/banderas-768x432.jpeg 768w, https:\/\/blogsaverroes.juntadeandalucia.es\/cepermontilla\/files\/2020\/12\/banderas-1536x864.jpeg 1536w, https:\/\/blogsaverroes.juntadeandalucia.es\/cepermontilla\/files\/2020\/12\/banderas-2048x1152.jpeg 2048w, https:\/\/blogsaverroes.juntadeandalucia.es\/cepermontilla\/files\/2020\/12\/banderas-24x14.jpeg 24w, https:\/\/blogsaverroes.juntadeandalucia.es\/cepermontilla\/files\/2020\/12\/banderas-36x20.jpeg 36w, https:\/\/blogsaverroes.juntadeandalucia.es\/cepermontilla\/files\/2020\/12\/banderas-48x27.jpeg 48w, https:\/\/blogsaverroes.juntadeandalucia.es\/cepermontilla\/files\/2020\/12\/banderas-scaled.jpeg 1600w\" sizes=\"(max-width: 300px) 100vw, 300px\" \/><\/p>\n<p><img loading=\"lazy\" decoding=\"async\" class=\"wp-image-1471 alignright\" src=\"https:\/\/blogsaverroes.juntadeandalucia.es\/cepermontilla\/files\/2020\/12\/Mural-Constituci\u00f3n-Espa\u00f1ola-297x300.jpg\" alt=\"\" width=\"271\" height=\"274\" srcset=\"https:\/\/blogsaverroes.juntadeandalucia.es\/cepermontilla\/files\/2020\/12\/Mural-Constituci\u00f3n-Espa\u00f1ola-297x300.jpg 297w, https:\/\/blogsaverroes.juntadeandalucia.es\/cepermontilla\/files\/2020\/12\/Mural-Constituci\u00f3n-Espa\u00f1ola-1015x1024.jpg 1015w, https:\/\/blogsaverroes.juntadeandalucia.es\/cepermontilla\/files\/2020\/12\/Mural-Constituci\u00f3n-Espa\u00f1ola-768x775.jpg 768w, https:\/\/blogsaverroes.juntadeandalucia.es\/cepermontilla\/files\/2020\/12\/Mural-Constituci\u00f3n-Espa\u00f1ola-100x100.jpg 100w, https:\/\/blogsaverroes.juntadeandalucia.es\/cepermontilla\/files\/2020\/12\/Mural-Constituci\u00f3n-Espa\u00f1ola-1523x1536.jpg 1523w, https:\/\/blogsaverroes.juntadeandalucia.es\/cepermontilla\/files\/2020\/12\/Mural-Constituci\u00f3n-Espa\u00f1ola-2030x2048.jpg 2030w, https:\/\/blogsaverroes.juntadeandalucia.es\/cepermontilla\/files\/2020\/12\/Mural-Constituci\u00f3n-Espa\u00f1ola-24x24.jpg 24w, https:\/\/blogsaverroes.juntadeandalucia.es\/cepermontilla\/files\/2020\/12\/Mural-Constituci\u00f3n-Espa\u00f1ola-36x36.jpg 36w, https:\/\/blogsaverroes.juntadeandalucia.es\/cepermontilla\/files\/2020\/12\/Mural-Constituci\u00f3n-Espa\u00f1ola-48x48.jpg 48w, https:\/\/blogsaverroes.juntadeandalucia.es\/cepermontilla\/files\/2020\/12\/Mural-Constituci\u00f3n-Espa\u00f1ola.jpg 1586w\" sizes=\"(max-width: 271px) 100vw, 271px\" \/><\/p>\n<div style=\"width: 1280px;\" class=\"wp-video\"><!--[if lt IE 9]><script>document.createElement('video');<\/script><![endif]-->\n<video class=\"wp-video-shortcode\" id=\"video-1469-1\" width=\"1280\" height=\"720\" preload=\"metadata\" controls=\"controls\"><source type=\"video\/mp4\" src=\"https:\/\/blogsaverroes.juntadeandalucia.es\/cepermontilla\/files\/2020\/12\/V\u00eddeo.mp4?_=1\" \/><a href=\"https:\/\/blogsaverroes.juntadeandalucia.es\/cepermontilla\/files\/2020\/12\/V\u00eddeo.mp4\">https:\/\/blogsaverroes.juntadeandalucia.es\/cepermontilla\/files\/2020\/12\/V\u00eddeo.mp4<\/a><\/video><\/div>\n","protected":false},"excerpt":{"rendered":"<p>El d\u00eda 6 de diciembre celebramos el cumplea\u00f1os de la Constituci\u00f3n Espa\u00f1ola. Nuestra tarea grupal consisti\u00f3 en la creaci\u00f3n de un mural en el que quedaban recogidos los S\u00edmbolos de la Naci\u00f3n (himno, escudo&#46;&#46;&#46;<\/p>\n","protected":false},"author":6764,"featured_media":0,"comment_status":"open","ping_status":"open","sticky":false,"template":"","format":"standard","meta":{"ngg_post_thumbnail":0,"footnotes":""},"categories":[1665260],"tags":[],"aioseo_notices":[],"_links":{"self":[{"href":"https:\/\/blogsaverroes.juntadeandalucia.es\/cepermontilla\/wp-json\/wp\/v2\/posts\/1469"}],"collection":[{"href":"https:\/\/blogsaverroes.juntadeandalucia.es\/cepermontilla\/wp-json\/wp\/v2\/posts"}],"about":[{"href":"https:\/\/blogsaverroes.juntadeandalucia.es\/cepermontilla\/wp-json\/wp\/v2\/types\/post"}],"author":[{"embeddable":true,"href":"https:\/\/blogsaverroes.juntadeandalucia.es\/cepermontilla\/wp-json\/wp\/v2\/users\/6764"}],"replies":[{"embeddable":true,"href":"https:\/\/blogsaverroes.juntadeandalucia.es\/cepermontilla\/wp-json\/wp\/v2\/comments?post=1469"}],"version-history":[{"count":2,"href":"https:\/\/blogsaverroes.juntadeandalucia.es\/cepermontilla\/wp-json\/wp\/v2\/posts\/1469\/revisions"}],"predecessor-version":[{"id":1477,"href":"https:\/\/blogsaverroes.juntadeandalucia.es\/cepermontilla\/wp-json\/wp\/v2\/posts\/1469\/revisions\/1477"}],"wp:attachment":[{"href":"https:\/\/blogsaverroes.juntadeandalucia.es\/cepermontilla\/wp-json\/wp\/v2\/media?parent=1469"}],"wp:term":[{"taxonomy":"category","embeddable":true,"href":"https:\/\/blogsaverroes.juntadeandalucia.es\/cepermontilla\/wp-json\/wp\/v2\/categories?post=1469"},{"taxonomy":"post_tag","embeddable":true,"href":"https:\/\/blogsaverroes.juntadeandalucia.es\/cepermontilla\/wp-json\/wp\/v2\/tags?post=1469"}],"curies":[{"name":"wp","href":"https:\/\/api.w.org\/{rel}","templated":true}]}}