{"id":1479,"date":"2021-01-06T13:47:12","date_gmt":"2021-01-06T13:47:12","guid":{"rendered":"https:\/\/blogsaverroes.juntadeandalucia.es\/cepermontilla\/?p=1479"},"modified":"2021-01-06T13:47:12","modified_gmt":"2021-01-06T13:47:12","slug":"1479","status":"publish","type":"post","link":"https:\/\/blogsaverroes.juntadeandalucia.es\/cepermontilla\/2021\/01\/06\/1479\/","title":{"rendered":""},"content":{"rendered":"<p style=\"text-align: center\"><strong><span style=\"font-size: 14pt\">LLEG\u00d3 LA NAVIDAD<\/span><\/strong><\/p>\n<p style=\"text-align: center\">Como todos los a\u00f1os celebramos la navidad en el centro, una celebraci\u00f3n un poco diferente, no hemos disfrutado de las fiestas, de reuniones, risas y abrazos todos juntos.., pero con la misma ilusi\u00f3n y ganas. Ahora es momento de responsabilidad y esperanza. Esa misma Esperanza que queremos transmitir y compartir con nuestro bel\u00e9n y \u00e1rbol de navidad.<\/p>\n<p style=\"text-align: center\">FELICES FIESTAS y que el 2021 sea un a\u00f1o de reencuentro, amistad y alegr\u00eda por vivir.<\/p>\n<p style=\"text-align: center\">Un beso a todos aquellos alumn@s que no han podido estar con nosotros.<\/p>\n<p><img loading=\"lazy\" decoding=\"async\" class=\"size-medium wp-image-1480 alignleft\" src=\"https:\/\/blogsaverroes.juntadeandalucia.es\/cepermontilla\/files\/2021\/01\/\u00c1rbol-de-Navidad-225x300.jpg\" alt=\"\" width=\"225\" height=\"300\" srcset=\"https:\/\/blogsaverroes.juntadeandalucia.es\/cepermontilla\/files\/2021\/01\/\u00c1rbol-de-Navidad-225x300.jpg 225w, https:\/\/blogsaverroes.juntadeandalucia.es\/cepermontilla\/files\/2021\/01\/\u00c1rbol-de-Navidad-768x1024.jpg 768w, https:\/\/blogsaverroes.juntadeandalucia.es\/cepermontilla\/files\/2021\/01\/\u00c1rbol-de-Navidad-1152x1536.jpg 1152w, https:\/\/blogsaverroes.juntadeandalucia.es\/cepermontilla\/files\/2021\/01\/\u00c1rbol-de-Navidad-1536x2048.jpg 1536w, https:\/\/blogsaverroes.juntadeandalucia.es\/cepermontilla\/files\/2021\/01\/\u00c1rbol-de-Navidad-18x24.jpg 18w, https:\/\/blogsaverroes.juntadeandalucia.es\/cepermontilla\/files\/2021\/01\/\u00c1rbol-de-Navidad-27x36.jpg 27w, https:\/\/blogsaverroes.juntadeandalucia.es\/cepermontilla\/files\/2021\/01\/\u00c1rbol-de-Navidad-36x48.jpg 36w, https:\/\/blogsaverroes.juntadeandalucia.es\/cepermontilla\/files\/2021\/01\/\u00c1rbol-de-Navidad-scaled.jpg 1200w\" sizes=\"(max-width: 225px) 100vw, 225px\" \/><img loading=\"lazy\" decoding=\"async\" class=\"aligncenter size-medium wp-image-1481\" src=\"https:\/\/blogsaverroes.juntadeandalucia.es\/cepermontilla\/files\/2021\/01\/Bel\u00e9n--169x300.jpeg\" alt=\"\" width=\"169\" height=\"300\" srcset=\"https:\/\/blogsaverroes.juntadeandalucia.es\/cepermontilla\/files\/2021\/01\/Bel\u00e9n--169x300.jpeg 169w, https:\/\/blogsaverroes.juntadeandalucia.es\/cepermontilla\/files\/2021\/01\/Bel\u00e9n--576x1024.jpeg 576w, https:\/\/blogsaverroes.juntadeandalucia.es\/cepermontilla\/files\/2021\/01\/Bel\u00e9n--768x1365.jpeg 768w, https:\/\/blogsaverroes.juntadeandalucia.es\/cepermontilla\/files\/2021\/01\/Bel\u00e9n--864x1536.jpeg 864w, https:\/\/blogsaverroes.juntadeandalucia.es\/cepermontilla\/files\/2021\/01\/Bel\u00e9n--1152x2048.jpeg 1152w, https:\/\/blogsaverroes.juntadeandalucia.es\/cepermontilla\/files\/2021\/01\/Bel\u00e9n--14x24.jpeg 14w, https:\/\/blogsaverroes.juntadeandalucia.es\/cepermontilla\/files\/2021\/01\/Bel\u00e9n--20x36.jpeg 20w, https:\/\/blogsaverroes.juntadeandalucia.es\/cepermontilla\/files\/2021\/01\/Bel\u00e9n--27x48.jpeg 27w, https:\/\/blogsaverroes.juntadeandalucia.es\/cepermontilla\/files\/2021\/01\/Bel\u00e9n--scaled.jpeg 900w\" sizes=\"(max-width: 169px) 100vw, 169px\" \/><\/p>\n","protected":false},"excerpt":{"rendered":"<p>LLEG\u00d3 LA NAVIDAD Como todos los a\u00f1os celebramos la navidad en el centro, una celebraci\u00f3n un poco diferente, no hemos disfrutado de las fiestas, de reuniones, risas y abrazos todos juntos.., pero con la&#46;&#46;&#46;<\/p>\n","protected":false},"author":6764,"featured_media":0,"comment_status":"open","ping_status":"open","sticky":false,"template":"","format":"standard","meta":{"ngg_post_thumbnail":0,"footnotes":""},"categories":[1665260],"tags":[],"aioseo_notices":[],"_links":{"self":[{"href":"https:\/\/blogsaverroes.juntadeandalucia.es\/cepermontilla\/wp-json\/wp\/v2\/posts\/1479"}],"collection":[{"href":"https:\/\/blogsaverroes.juntadeandalucia.es\/cepermontilla\/wp-json\/wp\/v2\/posts"}],"about":[{"href":"https:\/\/blogsaverroes.juntadeandalucia.es\/cepermontilla\/wp-json\/wp\/v2\/types\/post"}],"author":[{"embeddable":true,"href":"https:\/\/blogsaverroes.juntadeandalucia.es\/cepermontilla\/wp-json\/wp\/v2\/users\/6764"}],"replies":[{"embeddable":true,"href":"https:\/\/blogsaverroes.juntadeandalucia.es\/cepermontilla\/wp-json\/wp\/v2\/comments?post=1479"}],"version-history":[{"count":1,"href":"https:\/\/blogsaverroes.juntadeandalucia.es\/cepermontilla\/wp-json\/wp\/v2\/posts\/1479\/revisions"}],"predecessor-version":[{"id":1482,"href":"https:\/\/blogsaverroes.juntadeandalucia.es\/cepermontilla\/wp-json\/wp\/v2\/posts\/1479\/revisions\/1482"}],"wp:attachment":[{"href":"https:\/\/blogsaverroes.juntadeandalucia.es\/cepermontilla\/wp-json\/wp\/v2\/media?parent=1479"}],"wp:term":[{"taxonomy":"category","embeddable":true,"href":"https:\/\/blogsaverroes.juntadeandalucia.es\/cepermontilla\/wp-json\/wp\/v2\/categories?post=1479"},{"taxonomy":"post_tag","embeddable":true,"href":"https:\/\/blogsaverroes.juntadeandalucia.es\/cepermontilla\/wp-json\/wp\/v2\/tags?post=1479"}],"curies":[{"name":"wp","href":"https:\/\/api.w.org\/{rel}","templated":true}]}}