{"id":1499,"date":"2021-02-27T21:14:56","date_gmt":"2021-02-27T21:14:56","guid":{"rendered":"https:\/\/blogsaverroes.juntadeandalucia.es\/cepermontilla\/?p=1499"},"modified":"2021-02-27T21:14:56","modified_gmt":"2021-02-27T21:14:56","slug":"1499","status":"publish","type":"post","link":"https:\/\/blogsaverroes.juntadeandalucia.es\/cepermontilla\/2021\/02\/27\/1499\/","title":{"rendered":""},"content":{"rendered":"<p style=\"text-align: center\"><em><strong>D\u00cdA DE ANDALUC\u00cdA<\/strong><\/em><\/p>\n<p style=\"text-align: center\">El\u00a0 D\u00eda de Andaluc\u00eda se celebra el 28 de febrero y es un d\u00eda festivo en toda la Comunidad. La cultura andaluza es fruto del paso de diferentes pueblos y civilizaciones que, con el tiempo, han ido conformando una identidad cultural particular.<\/p>\n<p style=\"text-align: center\">En muchos pueblos y ciudades se decoran los balcones y desde\u00a0 nuestro CENTRO hemos querido hacer alusi\u00f3n a ello. Hemos recreado un original mural con un balc\u00f3n andaluz plagado de macetas con flores de colores y los platos t\u00edpicos.<\/p>\n<p style=\"text-align: center\"><img loading=\"lazy\" decoding=\"async\" class=\"size-medium wp-image-1500 alignleft\" style=\"text-align: start\" src=\"https:\/\/blogsaverroes.juntadeandalucia.es\/cepermontilla\/files\/2021\/02\/Andaluc\u00eda-169x300.jpeg\" alt=\"\" width=\"169\" height=\"300\" srcset=\"https:\/\/blogsaverroes.juntadeandalucia.es\/cepermontilla\/files\/2021\/02\/Andaluc\u00eda-169x300.jpeg 169w, https:\/\/blogsaverroes.juntadeandalucia.es\/cepermontilla\/files\/2021\/02\/Andaluc\u00eda-576x1024.jpeg 576w, https:\/\/blogsaverroes.juntadeandalucia.es\/cepermontilla\/files\/2021\/02\/Andaluc\u00eda-768x1365.jpeg 768w, https:\/\/blogsaverroes.juntadeandalucia.es\/cepermontilla\/files\/2021\/02\/Andaluc\u00eda-864x1536.jpeg 864w, https:\/\/blogsaverroes.juntadeandalucia.es\/cepermontilla\/files\/2021\/02\/Andaluc\u00eda-1152x2048.jpeg 1152w, https:\/\/blogsaverroes.juntadeandalucia.es\/cepermontilla\/files\/2021\/02\/Andaluc\u00eda-scaled.jpeg 900w\" sizes=\"(max-width: 169px) 100vw, 169px\" \/><em><strong><img loading=\"lazy\" decoding=\"async\" class=\"size-medium wp-image-1502 alignright\" src=\"https:\/\/blogsaverroes.juntadeandalucia.es\/cepermontilla\/files\/2021\/02\/Andaluc\u00eda-2-169x300.jpeg\" alt=\"\" width=\"169\" height=\"300\" srcset=\"https:\/\/blogsaverroes.juntadeandalucia.es\/cepermontilla\/files\/2021\/02\/Andaluc\u00eda-2-169x300.jpeg 169w, https:\/\/blogsaverroes.juntadeandalucia.es\/cepermontilla\/files\/2021\/02\/Andaluc\u00eda-2-576x1024.jpeg 576w, https:\/\/blogsaverroes.juntadeandalucia.es\/cepermontilla\/files\/2021\/02\/Andaluc\u00eda-2-768x1365.jpeg 768w, https:\/\/blogsaverroes.juntadeandalucia.es\/cepermontilla\/files\/2021\/02\/Andaluc\u00eda-2-864x1536.jpeg 864w, https:\/\/blogsaverroes.juntadeandalucia.es\/cepermontilla\/files\/2021\/02\/Andaluc\u00eda-2-1152x2048.jpeg 1152w, https:\/\/blogsaverroes.juntadeandalucia.es\/cepermontilla\/files\/2021\/02\/Andaluc\u00eda-2-scaled.jpeg 900w\" sizes=\"(max-width: 169px) 100vw, 169px\" \/><\/strong><\/em><\/p>\n<p>&nbsp;<\/p>\n<p>&nbsp;<\/p>\n<p>&nbsp;<\/p>\n<p>&nbsp;<\/p>\n<p>&nbsp;<\/p>\n<p>&nbsp;<\/p>\n<p>&nbsp;<\/p>\n<p style=\"text-align: center\">Hemos realizado una actividad interactiva basada en el famoso juego de \u00abPasapalabra Andaluc\u00eda\u00bb, en la que los alumnos estaban muy motivados!!<\/p>\n<p><img loading=\"lazy\" decoding=\"async\" class=\"size-medium wp-image-1501 aligncenter\" src=\"https:\/\/blogsaverroes.juntadeandalucia.es\/cepermontilla\/files\/2021\/02\/Andaluc\u00eda-1-169x300.jpeg\" alt=\"\" width=\"169\" height=\"300\" data-wp-editing=\"1\" srcset=\"https:\/\/blogsaverroes.juntadeandalucia.es\/cepermontilla\/files\/2021\/02\/Andaluc\u00eda-1-169x300.jpeg 169w, https:\/\/blogsaverroes.juntadeandalucia.es\/cepermontilla\/files\/2021\/02\/Andaluc\u00eda-1-576x1024.jpeg 576w, https:\/\/blogsaverroes.juntadeandalucia.es\/cepermontilla\/files\/2021\/02\/Andaluc\u00eda-1-768x1365.jpeg 768w, https:\/\/blogsaverroes.juntadeandalucia.es\/cepermontilla\/files\/2021\/02\/Andaluc\u00eda-1-864x1536.jpeg 864w, https:\/\/blogsaverroes.juntadeandalucia.es\/cepermontilla\/files\/2021\/02\/Andaluc\u00eda-1-1152x2048.jpeg 1152w, https:\/\/blogsaverroes.juntadeandalucia.es\/cepermontilla\/files\/2021\/02\/Andaluc\u00eda-1-scaled.jpeg 900w\" sizes=\"(max-width: 169px) 100vw, 169px\" \/><\/p>\n<p style=\"text-align: center\">Audici\u00f3n y canto del Himno de Andaluc\u00eda, composici\u00f3n musical de Jos\u00e9 del Castillo D\u00edaz con letra de Blas Infante.<\/p>\n<div style=\"width: 1920px;\" class=\"wp-video\"><!--[if lt IE 9]><script>document.createElement('video');<\/script><![endif]-->\n<video class=\"wp-video-shortcode\" id=\"video-1499-1\" width=\"1920\" height=\"1072\" preload=\"metadata\" controls=\"controls\"><source type=\"video\/mp4\" src=\"https:\/\/blogsaverroes.juntadeandalucia.es\/cepermontilla\/files\/2021\/02\/D\u00eda-de-Andaluc\u00eda.mp4?_=1\" \/><a href=\"https:\/\/blogsaverroes.juntadeandalucia.es\/cepermontilla\/files\/2021\/02\/D\u00eda-de-Andaluc\u00eda.mp4\">https:\/\/blogsaverroes.juntadeandalucia.es\/cepermontilla\/files\/2021\/02\/D\u00eda-de-Andaluc\u00eda.mp4<\/a><\/video><\/div>\n","protected":false},"excerpt":{"rendered":"<p>D\u00cdA DE ANDALUC\u00cdA El\u00a0 D\u00eda de Andaluc\u00eda se celebra el 28 de febrero y es un d\u00eda festivo en toda la Comunidad. La cultura andaluza es fruto del paso de diferentes pueblos y civilizaciones&#46;&#46;&#46;<\/p>\n","protected":false},"author":6764,"featured_media":0,"comment_status":"open","ping_status":"open","sticky":false,"template":"","format":"standard","meta":{"ngg_post_thumbnail":0,"footnotes":""},"categories":[1665260],"tags":[],"aioseo_notices":[],"_links":{"self":[{"href":"https:\/\/blogsaverroes.juntadeandalucia.es\/cepermontilla\/wp-json\/wp\/v2\/posts\/1499"}],"collection":[{"href":"https:\/\/blogsaverroes.juntadeandalucia.es\/cepermontilla\/wp-json\/wp\/v2\/posts"}],"about":[{"href":"https:\/\/blogsaverroes.juntadeandalucia.es\/cepermontilla\/wp-json\/wp\/v2\/types\/post"}],"author":[{"embeddable":true,"href":"https:\/\/blogsaverroes.juntadeandalucia.es\/cepermontilla\/wp-json\/wp\/v2\/users\/6764"}],"replies":[{"embeddable":true,"href":"https:\/\/blogsaverroes.juntadeandalucia.es\/cepermontilla\/wp-json\/wp\/v2\/comments?post=1499"}],"version-history":[{"count":1,"href":"https:\/\/blogsaverroes.juntadeandalucia.es\/cepermontilla\/wp-json\/wp\/v2\/posts\/1499\/revisions"}],"predecessor-version":[{"id":1504,"href":"https:\/\/blogsaverroes.juntadeandalucia.es\/cepermontilla\/wp-json\/wp\/v2\/posts\/1499\/revisions\/1504"}],"wp:attachment":[{"href":"https:\/\/blogsaverroes.juntadeandalucia.es\/cepermontilla\/wp-json\/wp\/v2\/media?parent=1499"}],"wp:term":[{"taxonomy":"category","embeddable":true,"href":"https:\/\/blogsaverroes.juntadeandalucia.es\/cepermontilla\/wp-json\/wp\/v2\/categories?post=1499"},{"taxonomy":"post_tag","embeddable":true,"href":"https:\/\/blogsaverroes.juntadeandalucia.es\/cepermontilla\/wp-json\/wp\/v2\/tags?post=1499"}],"curies":[{"name":"wp","href":"https:\/\/api.w.org\/{rel}","templated":true}]}}