{"id":1565,"date":"2021-04-25T18:18:26","date_gmt":"2021-04-25T18:18:26","guid":{"rendered":"https:\/\/blogsaverroes.juntadeandalucia.es\/cepermontilla\/?p=1565"},"modified":"2021-04-25T18:18:26","modified_gmt":"2021-04-25T18:18:26","slug":"1565","status":"publish","type":"post","link":"https:\/\/blogsaverroes.juntadeandalucia.es\/cepermontilla\/2021\/04\/25\/1565\/","title":{"rendered":""},"content":{"rendered":"<p style=\"text-align: center\"><em><strong>D\u00cdA DEL LIBRO<\/strong><\/em><\/p>\n<p style=\"text-align: center\"><em><strong>23 de Abril<\/strong><\/em><\/p>\n<p style=\"text-align: center\">&#8216;Tomemos nuestros libros y nuestros bol\u00edgrafos, que son nuestras armas m\u00e1s poderosas&#8217;<\/p>\n<p style=\"text-align: center\">( Malala Yousafzai)<\/p>\n<p style=\"text-align: center\">Cada 23 de abril se celebra el D\u00eda Internacional del Libro. Una fecha muy especial en la que rendimos homenaje a libros y autores de todo el mundo, y de todos los tiempos. Un d\u00eda que nos ha permitido compartir en clase nuestra creatividad, imaginaci\u00f3n y sabidur\u00eda, as\u00ed como enfatizar la lucha por la preservaci\u00f3n de nuestra cultura\u00a0 y concienciarnos sobre la alfabetizaci\u00f3n , que todav\u00eda es una necesidad inalcanzable para muchas personas.<\/p>\n<p style=\"text-align: center\">En clase hemos elaborado un gran mural, lectura de uno de los fragmentos de &#8216;El Quijote de la Mancha&#8217; de Miguel de Cervantes y una ficha sobre el \u00faltimo libro que han le\u00eddo o su libro preferido.<\/p>\n<p><img loading=\"lazy\" decoding=\"async\" class=\"size-medium wp-image-1566 alignleft\" src=\"https:\/\/blogsaverroes.juntadeandalucia.es\/cepermontilla\/files\/2021\/04\/Mural-D\u00eda-del-Libro-169x300.jpeg\" alt=\"\" width=\"169\" height=\"300\" srcset=\"https:\/\/blogsaverroes.juntadeandalucia.es\/cepermontilla\/files\/2021\/04\/Mural-D\u00eda-del-Libro-169x300.jpeg 169w, https:\/\/blogsaverroes.juntadeandalucia.es\/cepermontilla\/files\/2021\/04\/Mural-D\u00eda-del-Libro-576x1024.jpeg 576w, https:\/\/blogsaverroes.juntadeandalucia.es\/cepermontilla\/files\/2021\/04\/Mural-D\u00eda-del-Libro-768x1365.jpeg 768w, https:\/\/blogsaverroes.juntadeandalucia.es\/cepermontilla\/files\/2021\/04\/Mural-D\u00eda-del-Libro-864x1536.jpeg 864w, https:\/\/blogsaverroes.juntadeandalucia.es\/cepermontilla\/files\/2021\/04\/Mural-D\u00eda-del-Libro-1152x2048.jpeg 1152w, https:\/\/blogsaverroes.juntadeandalucia.es\/cepermontilla\/files\/2021\/04\/Mural-D\u00eda-del-Libro-scaled.jpeg 900w\" sizes=\"(max-width: 169px) 100vw, 169px\" \/><img loading=\"lazy\" decoding=\"async\" class=\"size-medium wp-image-1568 alignright\" src=\"https:\/\/blogsaverroes.juntadeandalucia.es\/cepermontilla\/files\/2021\/04\/Ficha-D\u00eda-del-Libro-169x300.jpg\" alt=\"\" width=\"169\" height=\"300\" srcset=\"https:\/\/blogsaverroes.juntadeandalucia.es\/cepermontilla\/files\/2021\/04\/Ficha-D\u00eda-del-Libro-169x300.jpg 169w, https:\/\/blogsaverroes.juntadeandalucia.es\/cepermontilla\/files\/2021\/04\/Ficha-D\u00eda-del-Libro-576x1024.jpg 576w, https:\/\/blogsaverroes.juntadeandalucia.es\/cepermontilla\/files\/2021\/04\/Ficha-D\u00eda-del-Libro-768x1365.jpg 768w, https:\/\/blogsaverroes.juntadeandalucia.es\/cepermontilla\/files\/2021\/04\/Ficha-D\u00eda-del-Libro-864x1536.jpg 864w, https:\/\/blogsaverroes.juntadeandalucia.es\/cepermontilla\/files\/2021\/04\/Ficha-D\u00eda-del-Libro.jpg 900w\" sizes=\"(max-width: 169px) 100vw, 169px\" \/><img loading=\"lazy\" decoding=\"async\" class=\"size-medium wp-image-1567 aligncenter\" src=\"https:\/\/blogsaverroes.juntadeandalucia.es\/cepermontilla\/files\/2021\/04\/Ficha-Libro-y-Lectura-de-El-Quijote-de-la-Mancha-169x300.jpg\" alt=\"\" width=\"169\" height=\"300\" srcset=\"https:\/\/blogsaverroes.juntadeandalucia.es\/cepermontilla\/files\/2021\/04\/Ficha-Libro-y-Lectura-de-El-Quijote-de-la-Mancha-169x300.jpg 169w, https:\/\/blogsaverroes.juntadeandalucia.es\/cepermontilla\/files\/2021\/04\/Ficha-Libro-y-Lectura-de-El-Quijote-de-la-Mancha-576x1024.jpg 576w, https:\/\/blogsaverroes.juntadeandalucia.es\/cepermontilla\/files\/2021\/04\/Ficha-Libro-y-Lectura-de-El-Quijote-de-la-Mancha-768x1365.jpg 768w, https:\/\/blogsaverroes.juntadeandalucia.es\/cepermontilla\/files\/2021\/04\/Ficha-Libro-y-Lectura-de-El-Quijote-de-la-Mancha-864x1536.jpg 864w, https:\/\/blogsaverroes.juntadeandalucia.es\/cepermontilla\/files\/2021\/04\/Ficha-Libro-y-Lectura-de-El-Quijote-de-la-Mancha.jpg 900w\" sizes=\"(max-width: 169px) 100vw, 169px\" \/><\/p>\n","protected":false},"excerpt":{"rendered":"<p>D\u00cdA DEL LIBRO 23 de Abril &#8216;Tomemos nuestros libros y nuestros bol\u00edgrafos, que son nuestras armas m\u00e1s poderosas&#8217; ( Malala Yousafzai) Cada 23 de abril se celebra el D\u00eda Internacional del Libro. Una fecha&#46;&#46;&#46;<\/p>\n","protected":false},"author":6764,"featured_media":0,"comment_status":"open","ping_status":"open","sticky":false,"template":"","format":"standard","meta":{"ngg_post_thumbnail":0,"footnotes":""},"categories":[1665260],"tags":[],"aioseo_notices":[],"_links":{"self":[{"href":"https:\/\/blogsaverroes.juntadeandalucia.es\/cepermontilla\/wp-json\/wp\/v2\/posts\/1565"}],"collection":[{"href":"https:\/\/blogsaverroes.juntadeandalucia.es\/cepermontilla\/wp-json\/wp\/v2\/posts"}],"about":[{"href":"https:\/\/blogsaverroes.juntadeandalucia.es\/cepermontilla\/wp-json\/wp\/v2\/types\/post"}],"author":[{"embeddable":true,"href":"https:\/\/blogsaverroes.juntadeandalucia.es\/cepermontilla\/wp-json\/wp\/v2\/users\/6764"}],"replies":[{"embeddable":true,"href":"https:\/\/blogsaverroes.juntadeandalucia.es\/cepermontilla\/wp-json\/wp\/v2\/comments?post=1565"}],"version-history":[{"count":2,"href":"https:\/\/blogsaverroes.juntadeandalucia.es\/cepermontilla\/wp-json\/wp\/v2\/posts\/1565\/revisions"}],"predecessor-version":[{"id":1570,"href":"https:\/\/blogsaverroes.juntadeandalucia.es\/cepermontilla\/wp-json\/wp\/v2\/posts\/1565\/revisions\/1570"}],"wp:attachment":[{"href":"https:\/\/blogsaverroes.juntadeandalucia.es\/cepermontilla\/wp-json\/wp\/v2\/media?parent=1565"}],"wp:term":[{"taxonomy":"category","embeddable":true,"href":"https:\/\/blogsaverroes.juntadeandalucia.es\/cepermontilla\/wp-json\/wp\/v2\/categories?post=1565"},{"taxonomy":"post_tag","embeddable":true,"href":"https:\/\/blogsaverroes.juntadeandalucia.es\/cepermontilla\/wp-json\/wp\/v2\/tags?post=1565"}],"curies":[{"name":"wp","href":"https:\/\/api.w.org\/{rel}","templated":true}]}}