{"id":1689,"date":"2021-11-09T17:08:10","date_gmt":"2021-11-09T17:08:10","guid":{"rendered":"https:\/\/blogsaverroes.juntadeandalucia.es\/cepermontilla\/?p=1689"},"modified":"2021-11-09T17:17:02","modified_gmt":"2021-11-09T17:17:02","slug":"1689","status":"publish","type":"post","link":"https:\/\/blogsaverroes.juntadeandalucia.es\/cepermontilla\/2021\/11\/09\/1689\/","title":{"rendered":""},"content":{"rendered":"<h1>Elecciones al Consejo de Centro.<\/h1>\n<p>El pr\u00f3ximo 18 de noviembre se elegir\u00e1n a los representantes del alumnado al Consejo de Centro. Las votaciones tendr\u00e1n lugar durante toda la jornada escolar de 9:00&nbsp; a 13:00 horas, y de 16:00 a 21:00 horas.<\/p>\n<p>Estos son los candidatos:<\/p>\n<p>MANUEL CARMONA CASTRO<\/p>\n<p>ROSARIO GARC\u00cdA POLO<\/p>\n<p>PAULA HIDALGO MART\u00cdNEZ<\/p>\n<p>SARA RU\u00cdZ G\u00d3MEZ<\/p>\n<p><img loading=\"lazy\" decoding=\"async\" class=\"alignnone  wp-image-1690\" src=\"https:\/\/blogsaverroes.juntadeandalucia.es\/cepermontilla\/files\/2021\/11\/PHOTO-2021-11-09-17-00-20-224x300.jpg\" alt=\"\" width=\"355\" height=\"475\" srcset=\"https:\/\/blogsaverroes.juntadeandalucia.es\/cepermontilla\/files\/2021\/11\/PHOTO-2021-11-09-17-00-20-224x300.jpg 224w, https:\/\/blogsaverroes.juntadeandalucia.es\/cepermontilla\/files\/2021\/11\/PHOTO-2021-11-09-17-00-20-766x1024.jpg 766w, https:\/\/blogsaverroes.juntadeandalucia.es\/cepermontilla\/files\/2021\/11\/PHOTO-2021-11-09-17-00-20-768x1027.jpg 768w, https:\/\/blogsaverroes.juntadeandalucia.es\/cepermontilla\/files\/2021\/11\/PHOTO-2021-11-09-17-00-20-1149x1536.jpg 1149w, https:\/\/blogsaverroes.juntadeandalucia.es\/cepermontilla\/files\/2021\/11\/PHOTO-2021-11-09-17-00-20.jpg 1197w\" sizes=\"(max-width: 355px) 100vw, 355px\" \/><\/p>\n<p>&nbsp;<\/p>\n<h1>&nbsp;<\/h1>\n","protected":false},"excerpt":{"rendered":"<p>Elecciones al Consejo de Centro. El pr\u00f3ximo 18 de noviembre se elegir\u00e1n a los representantes del alumnado al Consejo de Centro. Las votaciones tendr\u00e1n lugar durante toda la jornada escolar de 9:00&nbsp; a 13:00&#46;&#46;&#46;<\/p>\n","protected":false},"author":13470,"featured_media":0,"comment_status":"open","ping_status":"open","sticky":false,"template":"","format":"standard","meta":{"ngg_post_thumbnail":0,"footnotes":""},"categories":[11909],"tags":[],"aioseo_notices":[],"_links":{"self":[{"href":"https:\/\/blogsaverroes.juntadeandalucia.es\/cepermontilla\/wp-json\/wp\/v2\/posts\/1689"}],"collection":[{"href":"https:\/\/blogsaverroes.juntadeandalucia.es\/cepermontilla\/wp-json\/wp\/v2\/posts"}],"about":[{"href":"https:\/\/blogsaverroes.juntadeandalucia.es\/cepermontilla\/wp-json\/wp\/v2\/types\/post"}],"author":[{"embeddable":true,"href":"https:\/\/blogsaverroes.juntadeandalucia.es\/cepermontilla\/wp-json\/wp\/v2\/users\/13470"}],"replies":[{"embeddable":true,"href":"https:\/\/blogsaverroes.juntadeandalucia.es\/cepermontilla\/wp-json\/wp\/v2\/comments?post=1689"}],"version-history":[{"count":5,"href":"https:\/\/blogsaverroes.juntadeandalucia.es\/cepermontilla\/wp-json\/wp\/v2\/posts\/1689\/revisions"}],"predecessor-version":[{"id":1697,"href":"https:\/\/blogsaverroes.juntadeandalucia.es\/cepermontilla\/wp-json\/wp\/v2\/posts\/1689\/revisions\/1697"}],"wp:attachment":[{"href":"https:\/\/blogsaverroes.juntadeandalucia.es\/cepermontilla\/wp-json\/wp\/v2\/media?parent=1689"}],"wp:term":[{"taxonomy":"category","embeddable":true,"href":"https:\/\/blogsaverroes.juntadeandalucia.es\/cepermontilla\/wp-json\/wp\/v2\/categories?post=1689"},{"taxonomy":"post_tag","embeddable":true,"href":"https:\/\/blogsaverroes.juntadeandalucia.es\/cepermontilla\/wp-json\/wp\/v2\/tags?post=1689"}],"curies":[{"name":"wp","href":"https:\/\/api.w.org\/{rel}","templated":true}]}}