{"id":1726,"date":"2021-11-16T20:08:09","date_gmt":"2021-11-16T20:08:09","guid":{"rendered":"https:\/\/blogsaverroes.juntadeandalucia.es\/cepermontilla\/?p=1726"},"modified":"2021-11-16T20:08:17","modified_gmt":"2021-11-16T20:08:17","slug":"dia-internacional-del-flamenco-16-de-noviembr","status":"publish","type":"post","link":"https:\/\/blogsaverroes.juntadeandalucia.es\/cepermontilla\/2021\/11\/16\/dia-internacional-del-flamenco-16-de-noviembr\/","title":{"rendered":"D\u00eda Internacional del Flamenco &#8211; 16 de noviembre"},"content":{"rendered":"<p>Bienvenid@s a la primera lectura flamenca del centro \u00abLa Rosa de Bulay\u00bb donde nuestro alumnado ha relatado, ha le\u00eddo fragmentos de lectura relacionadas con el flamenco, a la vez que el p\u00fablico los felicitaba a trav\u00e9s de \u00abpalmas y \u00a1oles!\u00bb<\/p>\n<p>La primera lectura flamenca se ha llevado a cabo en nuestro sal\u00f3n de actos. Adem\u00e1s, tambi\u00e9n el alumnado ha tenido la oportunidad de hacerse fotos en el photocall sobre el flamenco. Dejamos algunas fotos del d\u00eda de hoy. \u00a1Feliz d\u00eda del flamenco!<\/p>\n<p><img loading=\"lazy\" decoding=\"async\" class=\"alignnone size-medium wp-image-1727\" src=\"https:\/\/blogsaverroes.juntadeandalucia.es\/cepermontilla\/files\/2021\/11\/WhatsApp-Image-2021-11-16-at-20.40.50-225x300.jpeg\" alt=\"\" width=\"225\" height=\"300\" srcset=\"https:\/\/blogsaverroes.juntadeandalucia.es\/cepermontilla\/files\/2021\/11\/WhatsApp-Image-2021-11-16-at-20.40.50-225x300.jpeg 225w, https:\/\/blogsaverroes.juntadeandalucia.es\/cepermontilla\/files\/2021\/11\/WhatsApp-Image-2021-11-16-at-20.40.50-768x1024.jpeg 768w, https:\/\/blogsaverroes.juntadeandalucia.es\/cepermontilla\/files\/2021\/11\/WhatsApp-Image-2021-11-16-at-20.40.50-1152x1536.jpeg 1152w, https:\/\/blogsaverroes.juntadeandalucia.es\/cepermontilla\/files\/2021\/11\/WhatsApp-Image-2021-11-16-at-20.40.50.jpeg 1200w\" sizes=\"(max-width: 225px) 100vw, 225px\" \/> <img loading=\"lazy\" decoding=\"async\" class=\"alignnone size-medium wp-image-1728\" src=\"https:\/\/blogsaverroes.juntadeandalucia.es\/cepermontilla\/files\/2021\/11\/WhatsApp-Image-2021-11-16-at-20.41.25-225x300.jpeg\" alt=\"\" width=\"225\" height=\"300\" srcset=\"https:\/\/blogsaverroes.juntadeandalucia.es\/cepermontilla\/files\/2021\/11\/WhatsApp-Image-2021-11-16-at-20.41.25-225x300.jpeg 225w, https:\/\/blogsaverroes.juntadeandalucia.es\/cepermontilla\/files\/2021\/11\/WhatsApp-Image-2021-11-16-at-20.41.25-768x1024.jpeg 768w, https:\/\/blogsaverroes.juntadeandalucia.es\/cepermontilla\/files\/2021\/11\/WhatsApp-Image-2021-11-16-at-20.41.25-1152x1536.jpeg 1152w, https:\/\/blogsaverroes.juntadeandalucia.es\/cepermontilla\/files\/2021\/11\/WhatsApp-Image-2021-11-16-at-20.41.25.jpeg 1200w\" sizes=\"(max-width: 225px) 100vw, 225px\" \/> <img loading=\"lazy\" decoding=\"async\" class=\"alignnone size-medium wp-image-1729\" src=\"https:\/\/blogsaverroes.juntadeandalucia.es\/cepermontilla\/files\/2021\/11\/WhatsApp-Image-2021-11-16-at-20.42.12-225x300.jpeg\" alt=\"\" width=\"225\" height=\"300\" srcset=\"https:\/\/blogsaverroes.juntadeandalucia.es\/cepermontilla\/files\/2021\/11\/WhatsApp-Image-2021-11-16-at-20.42.12-225x300.jpeg 225w, https:\/\/blogsaverroes.juntadeandalucia.es\/cepermontilla\/files\/2021\/11\/WhatsApp-Image-2021-11-16-at-20.42.12-768x1024.jpeg 768w, https:\/\/blogsaverroes.juntadeandalucia.es\/cepermontilla\/files\/2021\/11\/WhatsApp-Image-2021-11-16-at-20.42.12-1152x1536.jpeg 1152w, https:\/\/blogsaverroes.juntadeandalucia.es\/cepermontilla\/files\/2021\/11\/WhatsApp-Image-2021-11-16-at-20.42.12.jpeg 1200w\" sizes=\"(max-width: 225px) 100vw, 225px\" \/> <img loading=\"lazy\" decoding=\"async\" class=\"alignnone size-medium wp-image-1730\" src=\"https:\/\/blogsaverroes.juntadeandalucia.es\/cepermontilla\/files\/2021\/11\/WhatsApp-Image-2021-11-16-at-20.42.13-225x300.jpeg\" alt=\"\" width=\"225\" height=\"300\" srcset=\"https:\/\/blogsaverroes.juntadeandalucia.es\/cepermontilla\/files\/2021\/11\/WhatsApp-Image-2021-11-16-at-20.42.13-225x300.jpeg 225w, https:\/\/blogsaverroes.juntadeandalucia.es\/cepermontilla\/files\/2021\/11\/WhatsApp-Image-2021-11-16-at-20.42.13-768x1024.jpeg 768w, https:\/\/blogsaverroes.juntadeandalucia.es\/cepermontilla\/files\/2021\/11\/WhatsApp-Image-2021-11-16-at-20.42.13-1152x1536.jpeg 1152w, https:\/\/blogsaverroes.juntadeandalucia.es\/cepermontilla\/files\/2021\/11\/WhatsApp-Image-2021-11-16-at-20.42.13.jpeg 1200w\" sizes=\"(max-width: 225px) 100vw, 225px\" \/> <img loading=\"lazy\" decoding=\"async\" class=\"alignnone size-medium wp-image-1731\" src=\"https:\/\/blogsaverroes.juntadeandalucia.es\/cepermontilla\/files\/2021\/11\/WhatsApp-Image-2021-11-16-at-20.43.59-225x300.jpeg\" alt=\"\" width=\"225\" height=\"300\" srcset=\"https:\/\/blogsaverroes.juntadeandalucia.es\/cepermontilla\/files\/2021\/11\/WhatsApp-Image-2021-11-16-at-20.43.59-225x300.jpeg 225w, https:\/\/blogsaverroes.juntadeandalucia.es\/cepermontilla\/files\/2021\/11\/WhatsApp-Image-2021-11-16-at-20.43.59-768x1024.jpeg 768w, https:\/\/blogsaverroes.juntadeandalucia.es\/cepermontilla\/files\/2021\/11\/WhatsApp-Image-2021-11-16-at-20.43.59-1152x1536.jpeg 1152w, https:\/\/blogsaverroes.juntadeandalucia.es\/cepermontilla\/files\/2021\/11\/WhatsApp-Image-2021-11-16-at-20.43.59.jpeg 1200w\" sizes=\"(max-width: 225px) 100vw, 225px\" \/> <img loading=\"lazy\" decoding=\"async\" class=\"alignnone size-medium wp-image-1732\" src=\"https:\/\/blogsaverroes.juntadeandalucia.es\/cepermontilla\/files\/2021\/11\/WhatsApp-Image-2021-11-16-at-20.44.01-1-225x300.jpeg\" alt=\"\" width=\"225\" height=\"300\" srcset=\"https:\/\/blogsaverroes.juntadeandalucia.es\/cepermontilla\/files\/2021\/11\/WhatsApp-Image-2021-11-16-at-20.44.01-1-225x300.jpeg 225w, https:\/\/blogsaverroes.juntadeandalucia.es\/cepermontilla\/files\/2021\/11\/WhatsApp-Image-2021-11-16-at-20.44.01-1-768x1024.jpeg 768w, https:\/\/blogsaverroes.juntadeandalucia.es\/cepermontilla\/files\/2021\/11\/WhatsApp-Image-2021-11-16-at-20.44.01-1-1152x1536.jpeg 1152w, https:\/\/blogsaverroes.juntadeandalucia.es\/cepermontilla\/files\/2021\/11\/WhatsApp-Image-2021-11-16-at-20.44.01-1.jpeg 1200w\" sizes=\"(max-width: 225px) 100vw, 225px\" \/> <img loading=\"lazy\" decoding=\"async\" class=\"alignnone size-medium wp-image-1733\" src=\"https:\/\/blogsaverroes.juntadeandalucia.es\/cepermontilla\/files\/2021\/11\/WhatsApp-Image-2021-11-16-at-20.44.44-225x300.jpeg\" alt=\"\" width=\"225\" height=\"300\" srcset=\"https:\/\/blogsaverroes.juntadeandalucia.es\/cepermontilla\/files\/2021\/11\/WhatsApp-Image-2021-11-16-at-20.44.44-225x300.jpeg 225w, https:\/\/blogsaverroes.juntadeandalucia.es\/cepermontilla\/files\/2021\/11\/WhatsApp-Image-2021-11-16-at-20.44.44-768x1024.jpeg 768w, https:\/\/blogsaverroes.juntadeandalucia.es\/cepermontilla\/files\/2021\/11\/WhatsApp-Image-2021-11-16-at-20.44.44-1152x1536.jpeg 1152w, https:\/\/blogsaverroes.juntadeandalucia.es\/cepermontilla\/files\/2021\/11\/WhatsApp-Image-2021-11-16-at-20.44.44.jpeg 1200w\" sizes=\"(max-width: 225px) 100vw, 225px\" \/><\/p>\n<div style=\"width: 640px;\" class=\"wp-video\"><!--[if lt IE 9]><script>document.createElement('video');<\/script><![endif]-->\n<video class=\"wp-video-shortcode\" id=\"video-1726-1\" width=\"640\" height=\"352\" preload=\"metadata\" controls=\"controls\"><source type=\"video\/mp4\" src=\"https:\/\/blogsaverroes.juntadeandalucia.es\/cepermontilla\/files\/2021\/11\/WhatsApp-Video-2021-11-16-at-20.44.55.mp4?_=1\" \/><a href=\"https:\/\/blogsaverroes.juntadeandalucia.es\/cepermontilla\/files\/2021\/11\/WhatsApp-Video-2021-11-16-at-20.44.55.mp4\">https:\/\/blogsaverroes.juntadeandalucia.es\/cepermontilla\/files\/2021\/11\/WhatsApp-Video-2021-11-16-at-20.44.55.mp4<\/a><\/video><\/div>\n<p><img loading=\"lazy\" decoding=\"async\" class=\"alignnone size-medium wp-image-1735\" src=\"https:\/\/blogsaverroes.juntadeandalucia.es\/cepermontilla\/files\/2021\/11\/WhatsApp-Image-2021-11-16-at-20.42.12-1-225x300.jpeg\" alt=\"\" width=\"225\" height=\"300\" srcset=\"https:\/\/blogsaverroes.juntadeandalucia.es\/cepermontilla\/files\/2021\/11\/WhatsApp-Image-2021-11-16-at-20.42.12-1-225x300.jpeg 225w, https:\/\/blogsaverroes.juntadeandalucia.es\/cepermontilla\/files\/2021\/11\/WhatsApp-Image-2021-11-16-at-20.42.12-1-768x1024.jpeg 768w, https:\/\/blogsaverroes.juntadeandalucia.es\/cepermontilla\/files\/2021\/11\/WhatsApp-Image-2021-11-16-at-20.42.12-1-1152x1536.jpeg 1152w, https:\/\/blogsaverroes.juntadeandalucia.es\/cepermontilla\/files\/2021\/11\/WhatsApp-Image-2021-11-16-at-20.42.12-1.jpeg 1200w\" sizes=\"(max-width: 225px) 100vw, 225px\" \/> <img loading=\"lazy\" decoding=\"async\" class=\"alignnone size-medium wp-image-1736\" src=\"https:\/\/blogsaverroes.juntadeandalucia.es\/cepermontilla\/files\/2021\/11\/WhatsApp-Image-2021-11-16-at-20.44.01-2-225x300.jpeg\" alt=\"\" width=\"225\" height=\"300\" srcset=\"https:\/\/blogsaverroes.juntadeandalucia.es\/cepermontilla\/files\/2021\/11\/WhatsApp-Image-2021-11-16-at-20.44.01-2-225x300.jpeg 225w, https:\/\/blogsaverroes.juntadeandalucia.es\/cepermontilla\/files\/2021\/11\/WhatsApp-Image-2021-11-16-at-20.44.01-2-768x1024.jpeg 768w, https:\/\/blogsaverroes.juntadeandalucia.es\/cepermontilla\/files\/2021\/11\/WhatsApp-Image-2021-11-16-at-20.44.01-2-1152x1536.jpeg 1152w, https:\/\/blogsaverroes.juntadeandalucia.es\/cepermontilla\/files\/2021\/11\/WhatsApp-Image-2021-11-16-at-20.44.01-2.jpeg 1200w\" sizes=\"(max-width: 225px) 100vw, 225px\" \/><\/p>\n","protected":false},"excerpt":{"rendered":"<p>Bienvenid@s a la primera lectura flamenca del centro \u00abLa Rosa de Bulay\u00bb donde nuestro alumnado ha relatado, ha le\u00eddo fragmentos de lectura relacionadas con el flamenco, a la vez que el p\u00fablico los felicitaba&#46;&#46;&#46;<\/p>\n","protected":false},"author":11377,"featured_media":0,"comment_status":"open","ping_status":"open","sticky":false,"template":"","format":"standard","meta":{"ngg_post_thumbnail":0,"footnotes":""},"categories":[1665258],"tags":[],"aioseo_notices":[],"_links":{"self":[{"href":"https:\/\/blogsaverroes.juntadeandalucia.es\/cepermontilla\/wp-json\/wp\/v2\/posts\/1726"}],"collection":[{"href":"https:\/\/blogsaverroes.juntadeandalucia.es\/cepermontilla\/wp-json\/wp\/v2\/posts"}],"about":[{"href":"https:\/\/blogsaverroes.juntadeandalucia.es\/cepermontilla\/wp-json\/wp\/v2\/types\/post"}],"author":[{"embeddable":true,"href":"https:\/\/blogsaverroes.juntadeandalucia.es\/cepermontilla\/wp-json\/wp\/v2\/users\/11377"}],"replies":[{"embeddable":true,"href":"https:\/\/blogsaverroes.juntadeandalucia.es\/cepermontilla\/wp-json\/wp\/v2\/comments?post=1726"}],"version-history":[{"count":2,"href":"https:\/\/blogsaverroes.juntadeandalucia.es\/cepermontilla\/wp-json\/wp\/v2\/posts\/1726\/revisions"}],"predecessor-version":[{"id":1738,"href":"https:\/\/blogsaverroes.juntadeandalucia.es\/cepermontilla\/wp-json\/wp\/v2\/posts\/1726\/revisions\/1738"}],"wp:attachment":[{"href":"https:\/\/blogsaverroes.juntadeandalucia.es\/cepermontilla\/wp-json\/wp\/v2\/media?parent=1726"}],"wp:term":[{"taxonomy":"category","embeddable":true,"href":"https:\/\/blogsaverroes.juntadeandalucia.es\/cepermontilla\/wp-json\/wp\/v2\/categories?post=1726"},{"taxonomy":"post_tag","embeddable":true,"href":"https:\/\/blogsaverroes.juntadeandalucia.es\/cepermontilla\/wp-json\/wp\/v2\/tags?post=1726"}],"curies":[{"name":"wp","href":"https:\/\/api.w.org\/{rel}","templated":true}]}}