{"id":1761,"date":"2021-11-24T21:56:14","date_gmt":"2021-11-24T21:56:14","guid":{"rendered":"https:\/\/blogsaverroes.juntadeandalucia.es\/cepermontilla\/?p=1761"},"modified":"2021-11-24T21:57:25","modified_gmt":"2021-11-24T21:57:25","slug":"queriendome-bien","status":"publish","type":"post","link":"https:\/\/blogsaverroes.juntadeandalucia.es\/cepermontilla\/2021\/11\/24\/queriendome-bien\/","title":{"rendered":"Queri\u00e9ndome bien"},"content":{"rendered":"<p style=\"text-align: center\">Este pasado lunes, en la SEP Alcalde Serrano de Santaella y en colaboraci\u00f3n con el ayuntamiento, la psic\u00f3loga e integradora Ana Isabel Parejo Montes ha impartido un taller para la prevenci\u00f3n de la violencia de g\u00e9nero en mujeres mayores de 65 a\u00f1os a trav\u00e9s de la autoestima. El alumnado ha participado de forma activa en el desarrollo del taller, y esperamos poder participar en futuras actividades de este tipo.<\/p>\n<p><img loading=\"lazy\" decoding=\"async\" class=\"alignnone size-medium wp-image-1762 aligncenter\" src=\"https:\/\/blogsaverroes.juntadeandalucia.es\/cepermontilla\/files\/2021\/11\/WhatsApp-Image-2021-11-23-at-13.04.06-300x225.jpeg\" alt=\"\" width=\"300\" height=\"225\" srcset=\"https:\/\/blogsaverroes.juntadeandalucia.es\/cepermontilla\/files\/2021\/11\/WhatsApp-Image-2021-11-23-at-13.04.06-300x225.jpeg 300w, https:\/\/blogsaverroes.juntadeandalucia.es\/cepermontilla\/files\/2021\/11\/WhatsApp-Image-2021-11-23-at-13.04.06-1024x768.jpeg 1024w, https:\/\/blogsaverroes.juntadeandalucia.es\/cepermontilla\/files\/2021\/11\/WhatsApp-Image-2021-11-23-at-13.04.06-768x576.jpeg 768w, https:\/\/blogsaverroes.juntadeandalucia.es\/cepermontilla\/files\/2021\/11\/WhatsApp-Image-2021-11-23-at-13.04.06-1536x1152.jpeg 1536w, https:\/\/blogsaverroes.juntadeandalucia.es\/cepermontilla\/files\/2021\/11\/WhatsApp-Image-2021-11-23-at-13.04.06.jpeg 1600w\" sizes=\"(max-width: 300px) 100vw, 300px\" \/><\/p>\n","protected":false},"excerpt":{"rendered":"<p>Este pasado lunes, en la SEP Alcalde Serrano de Santaella y en colaboraci\u00f3n con el ayuntamiento, la psic\u00f3loga e integradora Ana Isabel Parejo Montes ha impartido un taller para la prevenci\u00f3n de la violencia&#46;&#46;&#46;<\/p>\n","protected":false},"author":10216,"featured_media":0,"comment_status":"open","ping_status":"open","sticky":false,"template":"","format":"standard","meta":{"ngg_post_thumbnail":0,"footnotes":""},"categories":[11909],"tags":[],"aioseo_notices":[],"_links":{"self":[{"href":"https:\/\/blogsaverroes.juntadeandalucia.es\/cepermontilla\/wp-json\/wp\/v2\/posts\/1761"}],"collection":[{"href":"https:\/\/blogsaverroes.juntadeandalucia.es\/cepermontilla\/wp-json\/wp\/v2\/posts"}],"about":[{"href":"https:\/\/blogsaverroes.juntadeandalucia.es\/cepermontilla\/wp-json\/wp\/v2\/types\/post"}],"author":[{"embeddable":true,"href":"https:\/\/blogsaverroes.juntadeandalucia.es\/cepermontilla\/wp-json\/wp\/v2\/users\/10216"}],"replies":[{"embeddable":true,"href":"https:\/\/blogsaverroes.juntadeandalucia.es\/cepermontilla\/wp-json\/wp\/v2\/comments?post=1761"}],"version-history":[{"count":1,"href":"https:\/\/blogsaverroes.juntadeandalucia.es\/cepermontilla\/wp-json\/wp\/v2\/posts\/1761\/revisions"}],"predecessor-version":[{"id":1763,"href":"https:\/\/blogsaverroes.juntadeandalucia.es\/cepermontilla\/wp-json\/wp\/v2\/posts\/1761\/revisions\/1763"}],"wp:attachment":[{"href":"https:\/\/blogsaverroes.juntadeandalucia.es\/cepermontilla\/wp-json\/wp\/v2\/media?parent=1761"}],"wp:term":[{"taxonomy":"category","embeddable":true,"href":"https:\/\/blogsaverroes.juntadeandalucia.es\/cepermontilla\/wp-json\/wp\/v2\/categories?post=1761"},{"taxonomy":"post_tag","embeddable":true,"href":"https:\/\/blogsaverroes.juntadeandalucia.es\/cepermontilla\/wp-json\/wp\/v2\/tags?post=1761"}],"curies":[{"name":"wp","href":"https:\/\/api.w.org\/{rel}","templated":true}]}}