{"id":2194,"date":"2022-11-22T18:58:51","date_gmt":"2022-11-22T18:58:51","guid":{"rendered":"https:\/\/blogsaverroes.juntadeandalucia.es\/cepermontilla\/?p=2194"},"modified":"2022-11-22T19:06:04","modified_gmt":"2022-11-22T19:06:04","slug":"convivencia-dia-del-flamenco","status":"publish","type":"post","link":"https:\/\/blogsaverroes.juntadeandalucia.es\/cepermontilla\/2022\/11\/22\/convivencia-dia-del-flamenco\/","title":{"rendered":"Convivencia D\u00eda del Flamenco"},"content":{"rendered":"<p>Desde el CEPER Antonio Gala, aunque con unos d\u00edas de retraso, recordamos la estupenda tarde del pasado 16 de noviembre conmemorando el D\u00eda del Flamenco.<\/p>\n<p>Entre las actividades que se han llevado a cabo en los distintos \u00e1mbitos, destacamos la convivencia celebrada en la que no faltaron buenas conversaciones y risas, alegr\u00eda, buena m\u00fasica, as\u00ed como una rica merienda de sopaipas y chocolate.<\/p>\n<p>Gracias a los organizadores, a las alumnas de artesan\u00eda por decorar el colegio y dejarlo tan bonito, a los cocineros y cocineras, y a los asistentes. Todas estas personas son las que dan vida a nuestro centro.<\/p>\n<p><img loading=\"lazy\" decoding=\"async\" class=\"alignnone size-medium wp-image-2205\" src=\"https:\/\/blogsaverroes.juntadeandalucia.es\/cepermontilla\/files\/2022\/11\/3-300x169.jpg\" alt=\"\" width=\"300\" height=\"169\" srcset=\"https:\/\/blogsaverroes.juntadeandalucia.es\/cepermontilla\/files\/2022\/11\/3-300x169.jpg 300w, https:\/\/blogsaverroes.juntadeandalucia.es\/cepermontilla\/files\/2022\/11\/3.jpg 640w\" sizes=\"(max-width: 300px) 100vw, 300px\" \/> <img loading=\"lazy\" decoding=\"async\" class=\"alignnone size-medium wp-image-2207\" src=\"https:\/\/blogsaverroes.juntadeandalucia.es\/cepermontilla\/files\/2022\/11\/8-300x169.jpg\" alt=\"\" width=\"300\" height=\"169\" srcset=\"https:\/\/blogsaverroes.juntadeandalucia.es\/cepermontilla\/files\/2022\/11\/8-300x169.jpg 300w, https:\/\/blogsaverroes.juntadeandalucia.es\/cepermontilla\/files\/2022\/11\/8.jpg 640w\" sizes=\"(max-width: 300px) 100vw, 300px\" \/> <img loading=\"lazy\" decoding=\"async\" class=\"alignnone size-medium wp-image-2208\" src=\"https:\/\/blogsaverroes.juntadeandalucia.es\/cepermontilla\/files\/2022\/11\/9-300x169.jpg\" alt=\"\" width=\"300\" height=\"169\" srcset=\"https:\/\/blogsaverroes.juntadeandalucia.es\/cepermontilla\/files\/2022\/11\/9-300x169.jpg 300w, https:\/\/blogsaverroes.juntadeandalucia.es\/cepermontilla\/files\/2022\/11\/9.jpg 640w\" sizes=\"(max-width: 300px) 100vw, 300px\" \/> <img loading=\"lazy\" decoding=\"async\" class=\"alignnone size-medium wp-image-2210\" src=\"https:\/\/blogsaverroes.juntadeandalucia.es\/cepermontilla\/files\/2022\/11\/14-300x169.jpg\" alt=\"\" width=\"300\" height=\"169\" srcset=\"https:\/\/blogsaverroes.juntadeandalucia.es\/cepermontilla\/files\/2022\/11\/14-300x169.jpg 300w, https:\/\/blogsaverroes.juntadeandalucia.es\/cepermontilla\/files\/2022\/11\/14.jpg 640w\" sizes=\"(max-width: 300px) 100vw, 300px\" \/> <img loading=\"lazy\" decoding=\"async\" class=\"alignnone size-medium wp-image-2211\" src=\"https:\/\/blogsaverroes.juntadeandalucia.es\/cepermontilla\/files\/2022\/11\/15-300x169.jpg\" alt=\"\" width=\"300\" height=\"169\" srcset=\"https:\/\/blogsaverroes.juntadeandalucia.es\/cepermontilla\/files\/2022\/11\/15-300x169.jpg 300w, https:\/\/blogsaverroes.juntadeandalucia.es\/cepermontilla\/files\/2022\/11\/15.jpg 640w\" sizes=\"(max-width: 300px) 100vw, 300px\" \/> <img loading=\"lazy\" decoding=\"async\" class=\"alignnone size-medium wp-image-2214\" src=\"https:\/\/blogsaverroes.juntadeandalucia.es\/cepermontilla\/files\/2022\/11\/18-300x169.jpg\" alt=\"\" width=\"300\" height=\"169\" srcset=\"https:\/\/blogsaverroes.juntadeandalucia.es\/cepermontilla\/files\/2022\/11\/18-300x169.jpg 300w, https:\/\/blogsaverroes.juntadeandalucia.es\/cepermontilla\/files\/2022\/11\/18.jpg 640w\" sizes=\"(max-width: 300px) 100vw, 300px\" \/> <img loading=\"lazy\" decoding=\"async\" class=\"alignnone size-medium wp-image-2215\" src=\"https:\/\/blogsaverroes.juntadeandalucia.es\/cepermontilla\/files\/2022\/11\/19-300x169.jpg\" alt=\"\" width=\"300\" height=\"169\" srcset=\"https:\/\/blogsaverroes.juntadeandalucia.es\/cepermontilla\/files\/2022\/11\/19-300x169.jpg 300w, https:\/\/blogsaverroes.juntadeandalucia.es\/cepermontilla\/files\/2022\/11\/19.jpg 640w\" sizes=\"(max-width: 300px) 100vw, 300px\" \/> <img loading=\"lazy\" decoding=\"async\" class=\"alignnone size-medium wp-image-2216\" src=\"https:\/\/blogsaverroes.juntadeandalucia.es\/cepermontilla\/files\/2022\/11\/20-300x169.jpg\" alt=\"\" width=\"300\" height=\"169\" srcset=\"https:\/\/blogsaverroes.juntadeandalucia.es\/cepermontilla\/files\/2022\/11\/20-300x169.jpg 300w, https:\/\/blogsaverroes.juntadeandalucia.es\/cepermontilla\/files\/2022\/11\/20.jpg 640w\" sizes=\"(max-width: 300px) 100vw, 300px\" \/> <img loading=\"lazy\" decoding=\"async\" class=\"alignnone size-medium wp-image-2217\" src=\"https:\/\/blogsaverroes.juntadeandalucia.es\/cepermontilla\/files\/2022\/11\/21-300x169.jpg\" alt=\"\" width=\"300\" height=\"169\" srcset=\"https:\/\/blogsaverroes.juntadeandalucia.es\/cepermontilla\/files\/2022\/11\/21-300x169.jpg 300w, https:\/\/blogsaverroes.juntadeandalucia.es\/cepermontilla\/files\/2022\/11\/21.jpg 600w\" sizes=\"(max-width: 300px) 100vw, 300px\" \/> <img loading=\"lazy\" decoding=\"async\" class=\"alignnone size-medium wp-image-2218\" src=\"https:\/\/blogsaverroes.juntadeandalucia.es\/cepermontilla\/files\/2022\/11\/22-300x135.jpg\" alt=\"\" width=\"300\" height=\"135\" srcset=\"https:\/\/blogsaverroes.juntadeandalucia.es\/cepermontilla\/files\/2022\/11\/22-300x135.jpg 300w, https:\/\/blogsaverroes.juntadeandalucia.es\/cepermontilla\/files\/2022\/11\/22.jpg 600w\" sizes=\"(max-width: 300px) 100vw, 300px\" \/><\/p>\n<p>&nbsp;<\/p>\n","protected":false},"excerpt":{"rendered":"<p>Desde el CEPER Antonio Gala, aunque con unos d\u00edas de retraso, recordamos la estupenda tarde del pasado 16 de noviembre conmemorando el D\u00eda del Flamenco. Entre las actividades que se han llevado a cabo&#46;&#46;&#46;<\/p>\n","protected":false},"author":15679,"featured_media":0,"comment_status":"open","ping_status":"open","sticky":false,"template":"","format":"standard","meta":{"ngg_post_thumbnail":0,"footnotes":""},"categories":[11909],"tags":[],"aioseo_notices":[],"_links":{"self":[{"href":"https:\/\/blogsaverroes.juntadeandalucia.es\/cepermontilla\/wp-json\/wp\/v2\/posts\/2194"}],"collection":[{"href":"https:\/\/blogsaverroes.juntadeandalucia.es\/cepermontilla\/wp-json\/wp\/v2\/posts"}],"about":[{"href":"https:\/\/blogsaverroes.juntadeandalucia.es\/cepermontilla\/wp-json\/wp\/v2\/types\/post"}],"author":[{"embeddable":true,"href":"https:\/\/blogsaverroes.juntadeandalucia.es\/cepermontilla\/wp-json\/wp\/v2\/users\/15679"}],"replies":[{"embeddable":true,"href":"https:\/\/blogsaverroes.juntadeandalucia.es\/cepermontilla\/wp-json\/wp\/v2\/comments?post=2194"}],"version-history":[{"count":5,"href":"https:\/\/blogsaverroes.juntadeandalucia.es\/cepermontilla\/wp-json\/wp\/v2\/posts\/2194\/revisions"}],"predecessor-version":[{"id":2228,"href":"https:\/\/blogsaverroes.juntadeandalucia.es\/cepermontilla\/wp-json\/wp\/v2\/posts\/2194\/revisions\/2228"}],"wp:attachment":[{"href":"https:\/\/blogsaverroes.juntadeandalucia.es\/cepermontilla\/wp-json\/wp\/v2\/media?parent=2194"}],"wp:term":[{"taxonomy":"category","embeddable":true,"href":"https:\/\/blogsaverroes.juntadeandalucia.es\/cepermontilla\/wp-json\/wp\/v2\/categories?post=2194"},{"taxonomy":"post_tag","embeddable":true,"href":"https:\/\/blogsaverroes.juntadeandalucia.es\/cepermontilla\/wp-json\/wp\/v2\/tags?post=2194"}],"curies":[{"name":"wp","href":"https:\/\/api.w.org\/{rel}","templated":true}]}}